{"id":18875,"date":"2025-04-12T02:40:08","date_gmt":"2025-04-12T02:40:08","guid":{"rendered":"https:\/\/www.europesays.com\/fr\/18875\/"},"modified":"2025-04-12T02:40:08","modified_gmt":"2025-04-12T02:40:08","slug":"municipales-2026-a-toulouse-les-ecologistes-balaient-lidee-des-insoumis-qui-leur-promettaient-la-metropole","status":"publish","type":"post","link":"https:\/\/www.europesays.com\/fr\/18875\/","title":{"rendered":"Municipales 2026 \u00e0 Toulouse. Les \u00e9cologistes balaient l&rsquo;id\u00e9e des insoumis, qui leur promettaient la M\u00e9tropole"},"content":{"rendered":"<p>            Par<br \/>\n        <strong><br \/>\n            <a href=\"https:\/\/actu.fr\/auteur\/guillaume-laurens\" title=\"Consulter tous les articles de Guillaume Laurens\" target=\"_blank\" rel=\"noopener\">Guillaume Laurens<\/a><br \/>\n        <\/strong><\/p>\n<p>        Publi\u00e9 le<\/p>\n<p>            11 avr. 2025 \u00e0 15h16        <\/p>\n<p>Aux Insoumis la Ville, aux Ecolos la M\u00e9tropole\u2009? D\u2019un revers de main, <strong>R\u00e9gis Godec<\/strong>, <a href=\"https:\/\/actu.fr\/occitanie\/toulouse_31555\/toulouse-les-ecologistes-ont-choisi-leur-chef-de-file-pour-les-municipales-2026_61851341.html\" target=\"_blank\" rel=\"noopener\">le chef de file des \u00e9cologistes<\/a>\u00a0\u00e0 <strong><a href=\"https:\/\/actu.fr\/toulouse\/\" target=\"_blank\" rel=\"noopener\">Toulouse<\/a><\/strong>, \u00e9carte la proposition mise publiquement sur la table mercredi 9\u00a0avril 2025 par <strong>Fran\u00e7ois Piquemal<\/strong>, le candidat LFI au Capitole, qui a avanc\u00e9 l\u2019id\u00e9e de <strong>\u00ab\u2009former un ticket\u2009\u00bb<\/strong> et de laisser aux Verts les r\u00eanes de l\u2019intercommunalit\u00e9, \u00ab\u2009en cas de victoire\u2009\u00bb du d\u00e9put\u00e9 LFI aux <a href=\"https:\/\/actu.fr\/toulouse\/politique\/elections-municipales\" target=\"_blank\" rel=\"noopener\">Municipales 2026<\/a>.<\/p>\n<p>\u00ab\u2009Cela confirme le poids politique de notre formation\u2009\u00bb dit R\u00e9gis Godec<\/p>\n<p class=\" wall-content\">\u00ab\u2009C\u2019est une proposition qui confirme <strong>le poids politique<\/strong> de notre formation\u2009\u00bb, fait remarquer \u00e0 Actu Toulouse l\u2019ex-adjoint aux \u00e9coquartiers et \u00e0 l\u2019habitat participatif de Pierre Cohen, qui ne boude pas son plaisir\u2009: \u00ab\u2009Cela confirme aussi que <strong>les \u00e9cologistes ont un r\u00f4le \u00e0 jouer<\/strong> \u00e0 Toulouse\u2009\u00bb.<\/p>\n<p class=\" wall-content\">\u00ab\u2009On a un r\u00f4le central\u2009: c\u2019est le constat que tout le monde fait\u2009\u00bb, insiste-t-il. Voil\u00e0 pour le fond.<\/p>\n<p>\u00ab\u2009Nous, on ne veut pas gouverner tout seuls\u2009\u00bb<\/p>\n<p class=\" wall-content\">Sur la forme en revanche, R\u00e9gis Godec n\u2019a pas vraiment appr\u00e9ci\u00e9 cette sortie m\u00e9diatique du d\u00e9put\u00e9\u2009: \u00ab\u2009On ne se parle pas par conf\u00e9rences de presse interpos\u00e9es\u2009\u00bb, regrette l\u2019\u00e9cologiste, qui s\u2019\u00e9tonne que l\u2019Insoumis mette ainsi au ban toute une partie de la gauche.<\/p>\n<blockquote class=\"ac-article-quote wall-content\">\n<p>Nous, on ne veut pas gouverner tout seuls. La construction d&rsquo;une coalition politique ne passe par des accords d&rsquo;appareils, entre partis. Le chemin [choisi par Fran\u00e7ois Piquemal, NDLR] n&rsquo;est pas le bon, car il ne permet pas d&rsquo;associer tout le monde. On va en proposer un autre.<\/p>\n<p>    <strong>R\u00e9gis Godec<\/strong><br \/>\n        Chef de file des \u00c9cologistes pour les Municipales 2026 \u00e0 Toulouse    <\/p><\/blockquote>\n<p>Vid\u00e9os : en ce moment sur Actu\u00ab\u2009Pas de t\u00eate de liste h\u00e9g\u00e9monique de la gauche \u00e0 Toulouse\u2009\u00bb<\/p>\n<p class=\" wall-content\">Consid\u00e9rant <strong>\u00ab\u2009qu\u2019il n\u2019y a pas de t\u00eate de liste h\u00e9g\u00e9monique de la gauche<\/strong> \u00e0 Toulouse\u2009\u00bb, R\u00e9gis Godec d\u00e9fend\u2009: \u00ab\u2009On travaille \u00e0 un dispositif ouvert avec les partenaires\u2009\u00bb pour se choisir une incarnation. Parti rapidement en campagne, sans attendre un quelconque soutien du reste de la gauche, Fran\u00e7ois Piquemal peut-il encore faire demi-tour\u2009?<\/p>\n<blockquote class=\"ac-article-quote wall-content\">\n<p>Notre envie est que Fran\u00e7ois Piquemal et Fran\u00e7ois Brian\u00e7on (chef de file des socialistes, NDLR) puissent candidater \u00e0 l&rsquo;int\u00e9rieur de ce dispositif.<\/p>\n<p>    <strong>R\u00e9gis Godec<\/strong>\n            <\/p><\/blockquote>\n<p class=\" wall-content\">\u00ab\u2009Le chemin de l\u2019union reste \u00e0 trouver\u2009\u00bb, conc\u00e8de R\u00e9gis Godec. Mettant en avant \u00ab\u2009la r\u00e9ussite des coalitions men\u00e9es par les \u00e9cologistes\u2009\u00bb dans les grandes villes de France o\u00f9 ses camarades de parti sont aux commandes, il en est convaincu\u2009: \u00ab\u2009Le profil de la t\u00eate de liste doit \u00eatre <strong>un candidat de rassemblement.<\/strong> Les \u00e9cologistes le sont, mais ce ne sont pas les seuls\u2009\u00bb.<\/p>\n<p class=\" wall-content\">Suivez toute l\u2019actualit\u00e9 de vos villes et m\u00e9dias favoris en vous inscrivant \u00e0 <a href=\"https:\/\/moncompte.actu.fr\" title=\"D\u00e9couvez Mon Actu\" rel=\"nofollow noopener\" data-trk=\"{&quot;cta&quot;:{&quot;action&quot;:&quot;https:\\\/\\\/moncompte.actu.fr&quot;,&quot;category&quot;:&quot;mon compte&quot;,&quot;from&quot;:&quot;article footer&quot;,&quot;name&quot;:&quot;Mon actu&quot;,&quot;type&quot;:&quot;cta&quot;}}\" target=\"_blank\">Mon Actu<\/a>.<\/p>\n","protected":false},"excerpt":{"rendered":"Par Guillaume Laurens Publi\u00e9 le 11 avr. 2025 \u00e0 15h16 Aux Insoumis la Ville, aux Ecolos la M\u00e9tropole\u2009?&hellip;\n","protected":false},"author":2,"featured_media":18876,"comment_status":"","ping_status":"","sticky":false,"template":"","format":"standard","meta":{"footnotes":""},"categories":[2816],"tags":[1111,11,4188,1777,674,7430,1011,27,1023,3434,12,2680,316,25,2312],"class_list":{"0":"post-18875","1":"post","2":"type-post","3":"status-publish","4":"format-standard","5":"has-post-thumbnail","7":"category-toulouse","8":"tag-actu","9":"tag-actualites","10":"tag-elections-municipales","11":"tag-eu","12":"tag-europe","13":"tag-europe-ecologie-les-verts-eelv","14":"tag-fr","15":"tag-france","16":"tag-la-france-insoumise-lfi","17":"tag-municipales-2026","18":"tag-news","19":"tag-occitanie","20":"tag-politique","21":"tag-republique-francaise","22":"tag-toulouse"},"share_on_mastodon":{"url":"https:\/\/pubeurope.com\/@fr\/114322684300529438","error":""},"_links":{"self":[{"href":"https:\/\/www.europesays.com\/fr\/wp-json\/wp\/v2\/posts\/18875","targetHints":{"allow":["GET"]}}],"collection":[{"href":"https:\/\/www.europesays.com\/fr\/wp-json\/wp\/v2\/posts"}],"about":[{"href":"https:\/\/www.europesays.com\/fr\/wp-json\/wp\/v2\/types\/post"}],"author":[{"embeddable":true,"href":"https:\/\/www.europesays.com\/fr\/wp-json\/wp\/v2\/users\/2"}],"replies":[{"embeddable":true,"href":"https:\/\/www.europesays.com\/fr\/wp-json\/wp\/v2\/comments?post=18875"}],"version-history":[{"count":0,"href":"https:\/\/www.europesays.com\/fr\/wp-json\/wp\/v2\/posts\/18875\/revisions"}],"wp:featuredmedia":[{"embeddable":true,"href":"https:\/\/www.europesays.com\/fr\/wp-json\/wp\/v2\/media\/18876"}],"wp:attachment":[{"href":"https:\/\/www.europesays.com\/fr\/wp-json\/wp\/v2\/media?parent=18875"}],"wp:term":[{"taxonomy":"category","embeddable":true,"href":"https:\/\/www.europesays.com\/fr\/wp-json\/wp\/v2\/categories?post=18875"},{"taxonomy":"post_tag","embeddable":true,"href":"https:\/\/www.europesays.com\/fr\/wp-json\/wp\/v2\/tags?post=18875"}],"curies":[{"name":"wp","href":"https:\/\/api.w.org\/{rel}","templated":true}]}}