{"id":188753,"date":"2025-06-19T15:48:12","date_gmt":"2025-06-19T15:48:12","guid":{"rendered":"https:\/\/www.europesays.com\/fr\/188753\/"},"modified":"2025-06-19T15:48:12","modified_gmt":"2025-06-19T15:48:12","slug":"lyon-a-laube-dune-vague-de-chaleur-la-piscine-du-rhone-partiellement-fermee-a-cause-dun-probleme-technique","status":"publish","type":"post","link":"https:\/\/www.europesays.com\/fr\/188753\/","title":{"rendered":"Lyon. \u00c0 l\u2019aube d\u2019une vague de chaleur, la piscine du Rh\u00f4ne partiellement ferm\u00e9e \u00e0 cause d\u2019un \u00ab\u00a0probl\u00e8me technique\u00a0\u00bb"},"content":{"rendered":"<p>Apr\u00e8s plusieurs fermetures exceptionnelles ces derni\u00e8res ann\u00e9es, la piscine du Rh\u00f4ne est depuis dix jours en proie \u00e0 de nouveaux remous.<\/p>\n<p>\u00ab\u00a0\u00c0 la suite d\u2019un probl\u00e8me technique, peut-on lire sur le site de la Ville de Lyon, le centre nautique Tony-Bertrand (7e) est ouvert en configuration hivernale uniquement, et ce jusqu\u2019\u00e0 nouvel ordre.\u00a0\u00bb<\/p>\n<p>Un couac qui tombe au mauvais moment\u00a0: Lyon est \u00e0 l\u2019aube d\u2019une intense vague de chaleur, avec <a href=\"https:\/\/www.leprogres.fr\/environnement\/2025\/06\/19\/les-temperatures-vont-continuer-a-grimper-jusqu-a-ce-week-end-avant-les-orages\" target=\"_blank\" rel=\"nofollow noopener\">un pic \u00e0 38\u00b0c attendu ce week-end<\/a>.<\/p>\n<p>  \u00ab\u00a0Une canalisation a c\u00e9d\u00e9\u00a0\u00bb<\/p>\n<p>Le bassin de 50\u00a0m demeure accessible, tout comme la pataugeoire. En revanche, le grand bassin ludique de 65\u00a0m &#8211; celui avec les toboggans &#8211; est hors service.<\/p>\n<p>\u00ab\u00a0Une canalisation de filtration a c\u00e9d\u00e9, pr\u00e9cise Lionel Douzet, responsable du p\u00f4le piscines de la Ville de Lyon. Ce n\u2019est pas un tuyau que vous trouvez au coin de la rue, c\u2019est du sur-mesure [\u2026] Au regard des d\u00e9lais de livraison, on va plut\u00f4t essayer de modifier l\u2019installation hydraulique pour rouvrir au plus vite.\u00a0\u00bb<\/p>\n<p>La r\u00e9paration aura lieu ce vendredi matin, au plus t\u00f4t. La mairie communiquera en cas de r\u00e9ouverture compl\u00e8te du centre nautique.<\/p>\n<p>En attendant, le site municipal applique toujours une tarification hivernale exceptionnelle &#8211; soit 4\u00a0\u20ac l\u2019entr\u00e9e en plein tarif au lieu de 8\u00a0\u20ac.<\/p>\n<p>Avec des horaires d\u2019ouverture du mardi au dimanche\u00a010\u00a0h\u00a030 &#8211; 15\u00a0h puis 15\u00a0h\u00a030 &#8211; 20\u00a0h. Et le lundi, de midi \u00e0 20\u00a0h.<\/p>\n","protected":false},"excerpt":{"rendered":"Apr\u00e8s plusieurs fermetures exceptionnelles ces derni\u00e8res ann\u00e9es, la piscine du Rh\u00f4ne est depuis dix jours en proie \u00e0&hellip;\n","protected":false},"author":2,"featured_media":188754,"comment_status":"","ping_status":"","sticky":false,"template":"","format":"standard","meta":{"footnotes":""},"categories":[1889],"tags":[1111,11,2430,2757,436,1777,674,107,1011,27,2428,2756,8423,12,25,2429],"class_list":{"0":"post-188753","1":"post","2":"type-post","3":"status-publish","4":"format-standard","5":"has-post-thumbnail","7":"category-lyon","8":"tag-actu","9":"tag-actualites","10":"tag-auvergne-rhone-alpes","11":"tag-edition-lyon-villeurbanne","12":"tag-environnement","13":"tag-eu","14":"tag-europe","15":"tag-fil-info","16":"tag-fr","17":"tag-france","18":"tag-lyon","19":"tag-lyon-bassin","20":"tag-meteorologie-climat","21":"tag-news","22":"tag-republique-francaise","23":"tag-rhone"},"share_on_mastodon":{"url":"https:\/\/pubeurope.com\/@fr\/114710819808325161","error":""},"_links":{"self":[{"href":"https:\/\/www.europesays.com\/fr\/wp-json\/wp\/v2\/posts\/188753","targetHints":{"allow":["GET"]}}],"collection":[{"href":"https:\/\/www.europesays.com\/fr\/wp-json\/wp\/v2\/posts"}],"about":[{"href":"https:\/\/www.europesays.com\/fr\/wp-json\/wp\/v2\/types\/post"}],"author":[{"embeddable":true,"href":"https:\/\/www.europesays.com\/fr\/wp-json\/wp\/v2\/users\/2"}],"replies":[{"embeddable":true,"href":"https:\/\/www.europesays.com\/fr\/wp-json\/wp\/v2\/comments?post=188753"}],"version-history":[{"count":0,"href":"https:\/\/www.europesays.com\/fr\/wp-json\/wp\/v2\/posts\/188753\/revisions"}],"wp:featuredmedia":[{"embeddable":true,"href":"https:\/\/www.europesays.com\/fr\/wp-json\/wp\/v2\/media\/188754"}],"wp:attachment":[{"href":"https:\/\/www.europesays.com\/fr\/wp-json\/wp\/v2\/media?parent=188753"}],"wp:term":[{"taxonomy":"category","embeddable":true,"href":"https:\/\/www.europesays.com\/fr\/wp-json\/wp\/v2\/categories?post=188753"},{"taxonomy":"post_tag","embeddable":true,"href":"https:\/\/www.europesays.com\/fr\/wp-json\/wp\/v2\/tags?post=188753"}],"curies":[{"name":"wp","href":"https:\/\/api.w.org\/{rel}","templated":true}]}}