{"id":188759,"date":"2025-06-19T15:52:09","date_gmt":"2025-06-19T15:52:09","guid":{"rendered":"https:\/\/www.europesays.com\/fr\/188759\/"},"modified":"2025-06-19T15:52:09","modified_gmt":"2025-06-19T15:52:09","slug":"le-meeting-de-paris-revient-ce-week-end","status":"publish","type":"post","link":"https:\/\/www.europesays.com\/fr\/188759\/","title":{"rendered":"le meeting de Paris revient ce week-end"},"content":{"rendered":"<p>            Par<br \/>\n        <strong><br \/>\n            <a href=\"https:\/\/actu.fr\/auteur\/antoine-grotteria02\" title=\"Consulter tous les articles de Antoine Grotteria\" rel=\"nofollow noopener\" target=\"_blank\">Antoine Grotteria<\/a><br \/>\n        <\/strong><\/p>\n<p>        Publi\u00e9 le<\/p>\n<p>            19 juin 2025 \u00e0 17h22        <\/p>\n<p>Des stars, des Fran\u00e7ais ambitieux, de la <a href=\"https:\/\/actu.fr\/meteo\/apres-les-orages-la-canicule-meteo-france-annonce-le-retour-d-une-forte-chaleur-a-paris-et-en-ile-de-france_62775438.html\" rel=\"nofollow noopener\" target=\"_blank\">chaleur<\/a>\u2026 Un an apr\u00e8s les <a href=\"https:\/\/actu.fr\/jeux-olympiques\" rel=\"nofollow noopener\" target=\"_blank\">Jeux olympiques<\/a>, la capitale se transforme en piste aux \u00e9toiles ce vendredi 20\u00a0juin. Th\u00e9\u00e2tre du <strong>meeting de <a href=\"https:\/\/actu.fr\/paris\/\" rel=\"nofollow noopener\" target=\"_blank\">Paris<\/a><\/strong> depuis plusieurs ann\u00e9es, le<a href=\"https:\/\/actu.fr\/ile-de-france\/paris_75056\/travaux-au-stade-charlety-le-paris-fc-contraint-de-jouer-temporairement-dans-une-autre-ville_59825703.html\" rel=\"nofollow noopener\" target=\"_blank\"> stade Charl\u00e9ty<\/a> (13e) accueille une nouvelle fois les <strong>meilleurs athl\u00e8tes internationaux<\/strong> \u00e0 l\u2019occasion de la huiti\u00e8me \u00e9tape de la <strong>Ligue de Diamant<\/strong>. Pour l\u2019occasion, des places sont encore disponibles \u00e0 partir de <strong>15\u00a0euros<\/strong>.<\/p>\n<p>Des Fran\u00e7ais au pied du podium aux JO<\/p>\n<p class=\" wall-content\">Comme chaque ann\u00e9e, l\u2019organisation a concoct\u00e9 un plateau prestigieux. Cinq champions olympiques seront pr\u00e9sents. Il s\u2019agit de l\u2019Am\u00e9ricain <strong>Rai Benjamin<\/strong>, titr\u00e9 sur 400 m haies, de la Dominicaine <strong>Marileidy Paulino<\/strong>, sacr\u00e9e sur 400 m, de l\u2019Ukrainienne <strong>Yaroslava Mahuchikh<\/strong>, auteure du record du monde du saut en hauteur, du sp\u00e9cialiste am\u00e9ricain du 110\u00a0m haies <strong>Grant Halloway<\/strong> et du fondeur marocain <strong>Sofiane el-Bakkali<\/strong>.<\/p>\n<p class=\" wall-content\">\n<p class=\" wall-content\">Dans cette congr\u00e9gation de champions, la seule absence de marque concerne <strong>Armand Duplantis<\/strong>. Le double champion olympique su\u00e9dois \u00e0 la perche, qui a r\u00e9cemment \u00e9tabli un <a href=\"https:\/\/actu.fr\/sports\/athletisme\/c-est-bluffant-armand-duplantis-bat-encore-son-record-du-monde-de-saut-a-la-perche-des-le-premier-essai_62776222.html\" rel=\"nofollow noopener\" target=\"_blank\">nouveau record du monde<\/a> chez lui \u00e0 Stockolm (6,28\u00a0m), n\u2019a pas pr\u00e9vu de participer au meeting. Ce qui ne l\u2019emp\u00eachera pas d\u2019\u00eatre l\u2019immense favori des championnats du monde de Tokyo (Japon) en septembre prochain.<\/p>\n<p class=\" wall-content\">Pour les Fran\u00e7ais, cette r\u00e9union mondiale repr\u00e9sente une opportunit\u00e9 substantielle de briller devant leur public. Voici la t\u00e2che \u00e0 laquelle s\u2019att\u00e8lera la championne d\u2019Europe 4e des JO de Paris du 3\u2009000\u00a0m steeple <strong>Alice Finot<\/strong>. M\u00eame pens\u00e9e pour le champion de France du 800\u00a0m <strong>Gabriel Tual<\/strong>, 6e de la course olympique, qui devrait se souvenir de la pr\u00e9c\u00e9dente \u00e9dition lors de laquelle il avait \u00e9tabli le meilleur chrono hexagonal. Le coureur de 1\u2009500\u00a0m, <strong>Azzedine Habz<\/strong>, en progression, tentera de confirmer sa victoire obtenue \u00e0 l\u2019\u00e9tape de Rome.<\/p>\n<p class=\" wall-content\">\n<p class=\" wall-content\"><a href=\"https:\/\/www.instagram.com\/p\/C9Ib9b9I4S4\/embed\" title=\"Ouvrir le lien sur Instagram\" rel=\"nofollow noopener\" target=\"_blank\">Visualiser le contenu sur Instagram<\/a><\/p>\n<p class=\" wall-content\">Les concours seront \u00e9galement int\u00e9ressants \u00e0 suivre. La championne du monde en salle <strong>Marie-Julie Bonnin<\/strong> sautera face \u00e0 l\u2019Am\u00e9ricaine Katie Moon, vice-championne olympique \u00e0 Paris. Au disque, la doyenne des athl\u00e8tes fran\u00e7ais, <strong>M\u00e9lina Robert-Michon<\/strong>, 45\u00a0ans, disputera une nouvelle comp\u00e9tition.<\/p>\n<p>Vid\u00e9os : en ce moment sur Actu<\/p>\n<p class=\" wall-content\">Ce programme sera accessible \u00e0 partir de 15\u00a0euros pour les mineurs. Pour les adultes, le tarif s\u2019\u00e9chelonne entre <strong>30 et 65\u00a0euros<\/strong>. Il reste des places sur le <a href=\"https:\/\/billetterie.athle.fr\/fr\/meeting_de_paris_2025\" rel=\"nofollow noopener\" target=\"_blank\">site<\/a> de la F\u00e9d\u00e9ration fran\u00e7aise d\u2019athl\u00e9tisme.<\/p>\n<p class=\" wall-content\">Suivez toute l\u2019actualit\u00e9 de vos villes et m\u00e9dias favoris en vous inscrivant \u00e0 <a href=\"https:\/\/moncompte.actu.fr\" title=\"D\u00e9couvez Mon Actu\" rel=\"nofollow noopener\" data-trk=\"{&quot;cta&quot;:{&quot;action&quot;:&quot;https:\\\/\\\/moncompte.actu.fr&quot;,&quot;category&quot;:&quot;mon compte&quot;,&quot;from&quot;:&quot;article footer&quot;,&quot;name&quot;:&quot;Mon actu&quot;,&quot;type&quot;:&quot;cta&quot;}}\" target=\"_blank\">Mon Actu<\/a>.<\/p>\n<p>                    <script async src=\"\/\/www.instagram.com\/embed.js\"><\/script><\/p>\n","protected":false},"excerpt":{"rendered":"Par Antoine Grotteria Publi\u00e9 le 19 juin 2025 \u00e0 17h22 Des stars, des Fran\u00e7ais ambitieux, de la chaleur\u2026&hellip;\n","protected":false},"author":2,"featured_media":188760,"comment_status":"","ping_status":"","sticky":false,"template":"","format":"standard","meta":{"footnotes":""},"categories":[1888],"tags":[1111,1928,11,1927,4132,1777,674,1011,27,7941,12,1926,626,1925,25,60],"class_list":{"0":"post-188759","1":"post","2":"type-post","3":"status-publish","4":"format-standard","5":"has-post-thumbnail","7":"category-paris","8":"tag-actu","9":"tag-actu-paris","10":"tag-actualites","11":"tag-actualites-paris","12":"tag-athletisme","13":"tag-eu","14":"tag-europe","15":"tag-fr","16":"tag-france","17":"tag-jo-paris-2024","18":"tag-news","19":"tag-news-paris","20":"tag-paris","21":"tag-paris-news","22":"tag-republique-francaise","23":"tag-sports"},"share_on_mastodon":{"url":"https:\/\/pubeurope.com\/@fr\/114710835587765743","error":""},"_links":{"self":[{"href":"https:\/\/www.europesays.com\/fr\/wp-json\/wp\/v2\/posts\/188759","targetHints":{"allow":["GET"]}}],"collection":[{"href":"https:\/\/www.europesays.com\/fr\/wp-json\/wp\/v2\/posts"}],"about":[{"href":"https:\/\/www.europesays.com\/fr\/wp-json\/wp\/v2\/types\/post"}],"author":[{"embeddable":true,"href":"https:\/\/www.europesays.com\/fr\/wp-json\/wp\/v2\/users\/2"}],"replies":[{"embeddable":true,"href":"https:\/\/www.europesays.com\/fr\/wp-json\/wp\/v2\/comments?post=188759"}],"version-history":[{"count":0,"href":"https:\/\/www.europesays.com\/fr\/wp-json\/wp\/v2\/posts\/188759\/revisions"}],"wp:featuredmedia":[{"embeddable":true,"href":"https:\/\/www.europesays.com\/fr\/wp-json\/wp\/v2\/media\/188760"}],"wp:attachment":[{"href":"https:\/\/www.europesays.com\/fr\/wp-json\/wp\/v2\/media?parent=188759"}],"wp:term":[{"taxonomy":"category","embeddable":true,"href":"https:\/\/www.europesays.com\/fr\/wp-json\/wp\/v2\/categories?post=188759"},{"taxonomy":"post_tag","embeddable":true,"href":"https:\/\/www.europesays.com\/fr\/wp-json\/wp\/v2\/tags?post=188759"}],"curies":[{"name":"wp","href":"https:\/\/api.w.org\/{rel}","templated":true}]}}