{"id":188761,"date":"2025-06-19T15:53:14","date_gmt":"2025-06-19T15:53:14","guid":{"rendered":"https:\/\/www.europesays.com\/fr\/188761\/"},"modified":"2025-06-19T15:53:14","modified_gmt":"2025-06-19T15:53:14","slug":"a-paris-retour-sur-la-joyeuse-radicalite-de-niki-de-saint-phalle-et-jean-tinguely","status":"publish","type":"post","link":"https:\/\/www.europesays.com\/fr\/188761\/","title":{"rendered":"A Paris, retour sur la joyeuse radicalit\u00e9 de Niki de Saint Phalle et Jean Tinguely"},"content":{"rendered":"<p>Des c\u00e9l\u00e8bres \u00ab\u00a0Nanas\u00a0\u00bb et \u00ab\u00a0Tirs\u00a0\u00bb \u00e0 la carabine qui font \u00ab\u00a0saigner\u00a0\u00bb la peinture de Niki de Saint Phalle (1930-2002) aux machines \u00ab\u00a0inutiles\u00a0\u00bb de Jean Tinguely (1925-1991), une grande exposition revisite \u00e0 partir de vendredi \u00e0 Paris, la joyeuse radicalit\u00e9 de ce couple d&rsquo;artistes.<\/p>\n<p>Quelque 200 oeuvres &#8211; sculptures, machines automates, installations, tableaux &#8211; de la Franco-Am\u00e9ricaine et du Suisse ainsi que nombre de photographies, films d&rsquo;archives rares et lettres-dessins, sont pr\u00e9sent\u00e9s sur 2.000 m2 de galeries r\u00e9nov\u00e9es du GrandPalaisRmn.<\/p>\n<p>L&rsquo;exposition inaugure la collaboration entre l&rsquo;\u00e9difice \u00e0 la grande verri\u00e8re, r\u00e9cemment r\u00e9nov\u00e9, et le Centre Pompidou qui doit fermer pour cinq ans de travaux \u00e0 son tour \u00e0 partir du 22 septembre et dont les collections voyagent.<\/p>\n<p>Elle met en lumi\u00e8re les moments cl\u00e9s de la carri\u00e8re des deux artistes, leurs liens ind\u00e9fectibles et leur vision de l&rsquo;art comme acte de r\u00e9bellion contre les normes \u00e9tablies \u00e0 travers le prisme de Pontus Hulten (1924-2006), leur ami.<\/p>\n<p>Ce tout premier directeur du grand mus\u00e9e national d&rsquo;art moderne du Centre Pompidou a port\u00e9 une approche mus\u00e9ale radicale et novatrice.<\/p>\n<p>Il favorisera l&rsquo;acquisition de leurs oeuvres par les institutions et organisera leurs premi\u00e8res r\u00e9trospectives en 1980 et 1988, partageant fondamentalement leur part d&rsquo;utopie et de r\u00eave.<\/p>\n<p>&#8211; Carabine &#8211;<\/p>\n<p>Parmi les p\u00e9pites expos\u00e9es, l&rsquo;une des premi\u00e8res \u00ab\u00a0Nanas\u00a0\u00bb noire de Niki de Saint Phalle, \u00ab\u00a0Black Rosy\u00a0\u00bb (1965) est \u00ab\u00a0tr\u00e8s embl\u00e9matique de l&rsquo;ouverture de l&rsquo;artiste aux probl\u00e9matiques soci\u00e9tales comme la place de la femme dans la soci\u00e9t\u00e9 ou celle des personnes racis\u00e9es\u00a0\u00bb, explique \u00e0 l&rsquo;AFP Sophie Duplaix, conservatrice en chef des collections contemporaines au mus\u00e9e d&rsquo;art moderne du Centre Pompidou, et commissaire de l&rsquo;exposition.<\/p>\n<p>A ses c\u00f4t\u00e9s, trois autres personnages sculpt\u00e9s attirent immanquablement le regard: un couple de personnages difformes et endimanch\u00e9s, promenant en laisse une immense arraign\u00e9e, \u00ab\u00a0symbole de la m\u00e8re, avec laquelle l&rsquo;artiste entretenait des relations difficiles\u00a0\u00bb, souligne la commissaire.<\/p>\n<p>Insolites aussi ses tableaux des \u00ab\u00a0Tirs\u00a0\u00bb, retrac\u00e9s dans un film montrant l&rsquo;artiste \u00e0 l&rsquo;oeuvre et dont plusieurs sont expos\u00e9s.<\/p>\n<p>\u00ab\u00a0Alors que jusque-l\u00e0, elle r\u00e9alise des oeuvres dans la veine de l&rsquo;art brut et des reliefs, elle d\u00e9bute en 1961 une nouvelle s\u00e9rie d\u00e9capante: elle fixe des poches de couleurs et des oeufs voire des tomates sur des panneaux qu&rsquo;elle recouvre de pl\u00e2tre blanc immacul\u00e9. Elle les place ensuite \u00e0 la verticale et tire dessus \u00e0 la carabine jusqu&rsquo;\u00e0 ce que les poches de couleurs explosent, g\u00e9n\u00e9rant des coul\u00e9es de peinture\u00a0\u00bb, explique Mme Duplaix.<\/p>\n<p>\u00ab\u00a0Critique tr\u00e8s acerbe de la peinture de chevalet, c&rsquo;est aussi une mani\u00e8re d&rsquo;exprimer la puissance f\u00e9minine puisque la carabine est associ\u00e9e \u00e0 la masculinit\u00e9 et qu&rsquo;elle s&rsquo;en empare pour faire un art tr\u00e8s novateur\u00a0\u00bb, ajoute-t-elle.<\/p>\n<p>&#8211; \u00ab\u00a0d\u00e9fis\u00a0\u00bb &#8211;<\/p>\n<p>\u00ab\u00a0Techniquement, Tinguely a toujours \u00e9t\u00e9 aux c\u00f4t\u00e9s de Niki de Saint Phalle mais ils se lan\u00e7aient sans cesse des d\u00e9fis\u00a0\u00bb, poursuit Mme Duplaix.<\/p>\n<p>\u00ab\u00a0Lorsqu&rsquo;ils se rencontrent en 1956 et se mettent en couple en 1960, ils s&rsquo;installent et travaillent impasse Ronsin (dans le sud de Paris), o\u00f9 (le sculpteur) Brancusi a un atelier.<\/p>\n<p>Vers le milieu des ann\u00e9es 1960 ils d\u00e9m\u00e9nageront dans une ancienne auberge de l&rsquo;Essonne, qui sera leur atelier pendant des ann\u00e9es\u00a0\u00bb avant leur s\u00e9paration, raconte-t-elle.<\/p>\n<p>Jean Tinguely est mort en 1991. Ses obs\u00e8ques \u00e0 Fribourg, sa ville natale, auxquelles assistent 10.000 personnes, selon la commissaire, sont retrac\u00e9es dans un film tel \u00ab\u00a0une oeuvre en soi avec fanfare, clique de carnaval, machine automate\u00a0\u00bb.<\/p>\n<p>Apr\u00e8s sa mort, Niki de Saint Phalle lui rendra hommage par une s\u00e9rie de \u00ab\u00a0tableaux \u00e9clat\u00e9s\u00a0\u00bb, pr\u00e9sent\u00e9s dans l&rsquo;exposition: des \u00e9l\u00e9ments peints aux couleurs vives s&rsquo;assemblant et se s\u00e9parant gr\u00e2ce \u00e0 un m\u00e9canisme int\u00e9gr\u00e9.<\/p>\n<p>Parmi les oeuvres expos\u00e9es les plus spectaculaires de Jean Tinguely, \u00ab\u00a0l&rsquo;Enfer\u00a0\u00bb (1984) met en mouvement \u00e0 intervalles r\u00e9guliers quantit\u00e9 d&rsquo;objets &#8211; sculptures sonores et mobiles, objets manufactur\u00e9s et de r\u00e9cup\u00e9ration &#8211; sur une immense plateforme, critique f\u00e9roce de la m\u00e9canisation et du progr\u00e8s technologique de la soci\u00e9t\u00e9 industrielle des Trente Glorieuses comme nombre de ses oeuvres.<\/p>\n<p>Apr\u00e8s sa mort, aid\u00e9e par Pontus Hulten, Niki de Saint Phalle parach\u00e8vera \u00ab\u00a0Le Cyclop\u00a0\u00bb, monstre de m\u00e9tal visitable et oeuvre de toute sa vie.<\/p>\n<p>ls\/may\/as<\/p>\n","protected":false},"excerpt":{"rendered":"Des c\u00e9l\u00e8bres \u00ab\u00a0Nanas\u00a0\u00bb et \u00ab\u00a0Tirs\u00a0\u00bb \u00e0 la carabine qui font \u00ab\u00a0saigner\u00a0\u00bb la peinture de Niki de Saint Phalle&hellip;\n","protected":false},"author":2,"featured_media":188762,"comment_status":"","ping_status":"","sticky":false,"template":"","format":"standard","meta":{"footnotes":""},"categories":[1888],"tags":[1111,1928,11,1927,1777,674,1011,27,32659,12,1926,32658,626,1925,32661,32660,32662,25],"class_list":{"0":"post-188761","1":"post","2":"type-post","3":"status-publish","4":"format-standard","5":"has-post-thumbnail","7":"category-paris","8":"tag-actu","9":"tag-actu-paris","10":"tag-actualites","11":"tag-actualites-paris","12":"tag-eu","13":"tag-europe","14":"tag-fr","15":"tag-france","16":"tag-jean-tinguely","17":"tag-news","18":"tag-news-paris","19":"tag-niki-de-saint-phalle","20":"tag-paris","21":"tag-paris-news","22":"tag-peinture-de-chevalet","23":"tag-place-de-la-femme-dans-la-societe","24":"tag-pontus-hulten","25":"tag-republique-francaise"},"share_on_mastodon":{"url":"https:\/\/pubeurope.com\/@fr\/114710839656560187","error":""},"_links":{"self":[{"href":"https:\/\/www.europesays.com\/fr\/wp-json\/wp\/v2\/posts\/188761","targetHints":{"allow":["GET"]}}],"collection":[{"href":"https:\/\/www.europesays.com\/fr\/wp-json\/wp\/v2\/posts"}],"about":[{"href":"https:\/\/www.europesays.com\/fr\/wp-json\/wp\/v2\/types\/post"}],"author":[{"embeddable":true,"href":"https:\/\/www.europesays.com\/fr\/wp-json\/wp\/v2\/users\/2"}],"replies":[{"embeddable":true,"href":"https:\/\/www.europesays.com\/fr\/wp-json\/wp\/v2\/comments?post=188761"}],"version-history":[{"count":0,"href":"https:\/\/www.europesays.com\/fr\/wp-json\/wp\/v2\/posts\/188761\/revisions"}],"wp:featuredmedia":[{"embeddable":true,"href":"https:\/\/www.europesays.com\/fr\/wp-json\/wp\/v2\/media\/188762"}],"wp:attachment":[{"href":"https:\/\/www.europesays.com\/fr\/wp-json\/wp\/v2\/media?parent=188761"}],"wp:term":[{"taxonomy":"category","embeddable":true,"href":"https:\/\/www.europesays.com\/fr\/wp-json\/wp\/v2\/categories?post=188761"},{"taxonomy":"post_tag","embeddable":true,"href":"https:\/\/www.europesays.com\/fr\/wp-json\/wp\/v2\/tags?post=188761"}],"curies":[{"name":"wp","href":"https:\/\/api.w.org\/{rel}","templated":true}]}}