{"id":188775,"date":"2025-06-19T16:00:10","date_gmt":"2025-06-19T16:00:10","guid":{"rendered":"https:\/\/www.europesays.com\/fr\/188775\/"},"modified":"2025-06-19T16:00:10","modified_gmt":"2025-06-19T16:00:10","slug":"les-propos-peu-diplomatiques-de-merz-divisent-lallemagne","status":"publish","type":"post","link":"https:\/\/www.europesays.com\/fr\/188775\/","title":{"rendered":"les propos peu diplomatiques de Merz divisent l\u2019Allemagne"},"content":{"rendered":"\n<p>\u201cIl y a des phrases que l\u2019on n\u2019oubliera pas \u2013 et qui p\u00e8sent lourd, sur le plan politique et moral\u201d, <a class=\"ithalc\" data-ithal=\"lien_externe\" data-ithalc=\"[nav_article]\" target=\"_blank\" href=\"https:\/\/www.sonntagsblatt.de\/artikel\/gesellschaft\/drecksarbeit-fuer-den-westen-warum-friedrich-merz-aussage-zu-israel\" rel=\"nofollow noopener\">\u00e9crit le journal \u00e9vang\u00e9lique allemand <strong>Sonntagsblatt<\/strong><\/a><strong>.<\/strong> Les paroles \u00e9nonc\u00e9es par le chancelier conservateur Friedrich Merz lors du sommet du G7\u00a0au Canada sont de celles-l\u00e0.<\/p>\n<p><a class=\"ithalc\" data-ithal=\"lien_externe\" data-ithalc=\"[nav_article]\" target=\"_blank\" href=\"https:\/\/www.zdfheute.de\/politik\/g7-gipfel-merz-100.html\" rel=\"nofollow noopener\">Interrog\u00e9 par la cha\u00eene publique <strong>ZDF <\/strong>sur le conflit entre Isra\u00ebl et l\u2019Iran<\/a>, le dirigeant a assur\u00e9 que l\u2019\u00c9tat h\u00e9breu faisait \u201cle sale boulot\u201d de l\u2019Occident en bombardant les sites nucl\u00e9aires iraniens. Selon lui, la R\u00e9publique islamique est responsable d\u2019\u201cattentats, de meurtres et d\u2019assassinats\u201d. La laisser se doter de l\u2019arme nucl\u00e9aire serait donc dangereux pour ses adversaires. Tel-Aviv aurait eu \u201cle courage\u201d de l\u2019en emp\u00eacher en bombardant des sites strat\u00e9giques iraniens.<\/p>\n<p>Outre-Rhin, les propos de Friedrich Merz ont fait pol\u00e9mique. \u201cAvec ses d\u00e9clarations, le chancelier ne se contente pas d\u2019exprimer explicitement son soutien \u00e0 l\u2019op\u00e9ration militaire d\u2019Isra\u00ebl, discutable au regard du droit international \u2013 pour dire les choses sobrement\u201d, commente Sonntagsblatt. Le chancelier \u201cs\u2019approprie ainsi l\u2019offensive et l\u2019escalade du conflit \u2013 au nom de l\u2019Allemagne, qu\u2019il repr\u00e9sente\u201d. Il s\u2019agit ici de \u201cbien plus qu\u2019un simple probl\u00e8me de rh\u00e9torique\u201d.<\/p>\n<p><a class=\"ithalc\" data-ithal=\"lien_externe\" data-ithalc=\"[nav_article]\" target=\"_blank\" href=\"https:\/\/www.sueddeutsche.de\/projekte\/artikel\/meinung\/merz-drecksarbeit-iran-israel-kommentar-e165141\/#contra\" rel=\"nofollow noopener\">Dans le quotidien de gauche <strong>S\u00fcddeutsche Zeitung<\/strong><\/a><strong>,<\/strong> la journaliste Sara Maria Behbehani consid\u00e8re que \u201ccette expression \u2013 \u2018sale boulot\u2019 \u2013 n\u2019est pas digne d\u2019un chancelier\u201d. \u00c0 ses yeux, ce<\/p>\n","protected":false},"excerpt":{"rendered":"\u201cIl y a des phrases que l\u2019on n\u2019oubliera pas \u2013 et qui p\u00e8sent lourd, sur le plan politique&hellip;\n","protected":false},"author":2,"featured_media":188776,"comment_status":"","ping_status":"","sticky":false,"template":"","format":"standard","meta":{"footnotes":""},"categories":[1587],"tags":[11,672,1804,1805,1803,1777,674,4710,1801,1892,32216,12,1802,32215],"class_list":{"0":"post-188775","1":"post","2":"type-post","3":"status-publish","4":"format-standard","5":"has-post-thumbnail","7":"category-allemagne","8":"tag-actualites","9":"tag-allemagne","10":"tag-bundesrepublik-deutschland","11":"tag-de","12":"tag-deutschland","13":"tag-eu","14":"tag-europe","15":"tag-friedrich-merz","16":"tag-germany","17":"tag-gu00e9opolitique","18":"tag-guerre-israu00ebl-iran","19":"tag-news","20":"tag-republique-federale-dallemagne","21":"tag-tensions-iran-israu00ebl"},"share_on_mastodon":{"url":"https:\/\/pubeurope.com\/@fr\/114710867063759023","error":""},"_links":{"self":[{"href":"https:\/\/www.europesays.com\/fr\/wp-json\/wp\/v2\/posts\/188775","targetHints":{"allow":["GET"]}}],"collection":[{"href":"https:\/\/www.europesays.com\/fr\/wp-json\/wp\/v2\/posts"}],"about":[{"href":"https:\/\/www.europesays.com\/fr\/wp-json\/wp\/v2\/types\/post"}],"author":[{"embeddable":true,"href":"https:\/\/www.europesays.com\/fr\/wp-json\/wp\/v2\/users\/2"}],"replies":[{"embeddable":true,"href":"https:\/\/www.europesays.com\/fr\/wp-json\/wp\/v2\/comments?post=188775"}],"version-history":[{"count":0,"href":"https:\/\/www.europesays.com\/fr\/wp-json\/wp\/v2\/posts\/188775\/revisions"}],"wp:featuredmedia":[{"embeddable":true,"href":"https:\/\/www.europesays.com\/fr\/wp-json\/wp\/v2\/media\/188776"}],"wp:attachment":[{"href":"https:\/\/www.europesays.com\/fr\/wp-json\/wp\/v2\/media?parent=188775"}],"wp:term":[{"taxonomy":"category","embeddable":true,"href":"https:\/\/www.europesays.com\/fr\/wp-json\/wp\/v2\/categories?post=188775"},{"taxonomy":"post_tag","embeddable":true,"href":"https:\/\/www.europesays.com\/fr\/wp-json\/wp\/v2\/tags?post=188775"}],"curies":[{"name":"wp","href":"https:\/\/api.w.org\/{rel}","templated":true}]}}