{"id":188797,"date":"2025-06-19T16:15:26","date_gmt":"2025-06-19T16:15:26","guid":{"rendered":"https:\/\/www.europesays.com\/fr\/188797\/"},"modified":"2025-06-19T16:15:26","modified_gmt":"2025-06-19T16:15:26","slug":"de-quel-droit-vous-parlez-nagui-tres-contrarie-dans-telematin-ce-secret-quil-ne-souhaitait-pas-devoiler","status":"publish","type":"post","link":"https:\/\/www.europesays.com\/fr\/188797\/","title":{"rendered":"\u00ab\u00a0De quel droit vous parlez&#8230;\u00a0\u00bb : Nagui tr\u00e8s contrari\u00e9 dans T\u00e9l\u00e9matin, ce secret qu&rsquo;il ne souhaitait pas d\u00e9voiler"},"content":{"rendered":"<p>L\u2019\u00e9t\u00e9 2025 signe le grand retour d\u2019une \u00e9mission culte de la<br \/>\nt\u00e9l\u00e9vision fran\u00e7aise : Intervilles. Cr\u00e9\u00e9 en 1962 par Guy<br \/>\nLux, ce programme embl\u00e9matique fera son come-back lors de quatre<br \/>\nsoir\u00e9es \u00e9v\u00e9nement. Parmi les figures qui ont marqu\u00e9 l\u2019animation de<br \/>\nl\u2019\u00e9mission, Nagui reprendra cette ann\u00e9e les commandes.<\/p>\n<p>Jeudi 19 juin, il \u00e9tait l\u2019invit\u00e9 de <a href=\"https:\/\/www.closermag.fr\/people\/je-passe-pour-une-cougar-flavie-flament-se-lache-dans-telematin-en-evoquant-cet-aspect-genant-de-sa-vie-privee-3516669\" rel=\"nofollow noopener\" target=\"_blank\"><br \/>\nFlavie Flament<\/a> dans T\u00e9l\u00e9matin pour en parler. Mais<br \/>\nau-del\u00e0 de cette nouvelle saison tr\u00e8s attendue, l\u2019\u00e9change a \u00e9t\u00e9<br \/>\nl\u2019occasion pour l\u2019animateur de revisiter son parcours, de partager<br \/>\nquelques souvenirs, et de se livrer sur des aspects encore m\u00e9connus<br \/>\nde sa carri\u00e8re.<\/p>\n<p>L&rsquo;animateur tr\u00e8s taquin avec Julien Arnaud<\/p>\n<p data-start=\"182\" data-end=\"686\">L\u2019ambiance \u00e9tait d\u00e9tendue et<br \/>\nrythm\u00e9e sur le plateau, \u00e0 l\u2019occasion du retour d\u2019Intervalles. Alors que <a href=\"https:\/\/www.closermag.fr\/people\/julien-arnaud-tres-surpris-son-frere-regis-apparait-dans-telematin-il-navait-pas-ete-mis-au-parfum-3547075\" rel=\"nofollow noopener\" target=\"_blank\"><br \/>\nJulien Arnaud<\/a> promettait un programme \u00ab\u00a0explosif\u00a0\u00bb en<br \/>\nlan\u00e7ant avec humour : \u00ab\u00a0Et c\u2019est<br \/>\ns\u00fbr que \u00e7a va rigoler !\u00a0\u00bb, Nagui n\u2019a pas pu s\u2019emp\u00eacher de le<br \/>\ntaquiner : \u00ab\u00a0C\u2019est pas s\u00fbr,<br \/>\nJulien. <strong>Rien n\u2019est jamais s\u00fbr<\/strong>, la vie est fragile<br \/>\n!\u00a0\u00bb Une r\u00e9plique pleine d\u2019ironie qui a fait rire tout le monde,<br \/>\ny compris le journaliste, qui a r\u00e9pliqu\u00e9 sur le m\u00eame ton :<br \/>\n\u00ab\u00a0Vous gardez une part de<br \/>\nmyst\u00e8re, vous avez raison.\u00a0\u00bb La bonne humeur \u00e9tait palpable,<br \/>\nnotamment lorsque Nagui a \u00e9voqu\u00e9 les risques du direct :<br \/>\n\u00ab\u00a0Je n\u2019ai pas peur du ridicule,<br \/>\nparce qu\u2019il y a quand m\u00eame quelques gadins.\u00a0\u00bb<\/p>\n<p data-start=\"182\" data-end=\"686\">Ce \u00e0 quoi Flavie Flament a<br \/>\nr\u00e9pondu du tac au tac : \u00ab\u00a0C\u2019est<br \/>\npour \u00e7a qu\u2019on va regarder Nagui.\u00a0\u00bb Et c\u00f4t\u00e9 coulisses,<br \/>\nl\u2019animateur n\u2019a pas manqu\u00e9 de souligner la <strong>pr\u00e9paration<br \/>\nintense<\/strong> des participants : \u00ab\u00a0Tout le monde s\u2019entra\u00eene depuis des semaines. Je re\u00e7ois des<br \/>\nvid\u00e9os des villes o\u00f9 ils font du jogging, de la<br \/>\nmusculation&#8230;\u00a0\u00bb Un chroniqueur s\u2019est alors amus\u00e9 \u00e0 lui<br \/>\ndemander s\u2019il avait lui aussi test\u00e9. Un brin piqu\u00e9, Nagui a r\u00e9pondu<br \/>\navec humour : \u00ab\u00a0Alors,<br \/>\n<strong>vous parlez de quoi<\/strong> ? Vous dites qu&rsquo;il faut que je<br \/>\ntravaille encore ?\u00a0\u00bb<\/p>\n<p>Nagui tr\u00e8s \u00e9mu, il voulait garder cette<br \/>\nhistoire pour lui<\/p>\n<p data-start=\"91\" data-end=\"395\">Le 19 juin, dans T\u00e9l\u00e9matin, Flavie Flament a abord\u00e9 avec<br \/>\n<a href=\"https:\/\/www.closermag.fr\/people\/desole-pour-le-nagui-fait-une-remarque-graveleuse-a-une-chroniqueuse-de-telematin-sans-meme-sen-rendre-compte-3556258\" rel=\"nofollow noopener\" target=\"_blank\"><br \/>\nNagui<\/a> un acte qu\u2019il n\u2019avait jamais racont\u00e9. Visiblement g\u00ean\u00e9,<br \/>\nil a pr\u00e9f\u00e9r\u00e9 \u00e9luder le sujet : \u00ab\u00a0Alors je ne sais pas <strong>de<br \/>\nquel droit vous parlez de cette histoire-l\u00e0<\/strong>. Elle n&rsquo;\u00e9tait<br \/>\npas faite pour \u00eatre diffus\u00e9e. C&rsquo;est quelque chose<br \/>\n<strong>d&rsquo;intime<\/strong>\u00ab\u00a0. Flavie Flament a alors expliqu\u00e9 :<br \/>\n\u00ab\u00a0Parce que figurez-vous qu&rsquo;on<br \/>\nnous a contact\u00e9. Elle s&rsquo;appelle Dawn et six ans plus tard, elle<br \/>\navait quelque chose \u00e0 vous dire\u00a0\u00bb. Un extrait a ensuite \u00e9t\u00e9<br \/>\ndiffus\u00e9, montrant une jeune femme remerciant Nagui pour<br \/>\n\u00ab\u00a0la vid\u00e9o que vous avez faite \u00e0<br \/>\nma grand-m\u00e8re en 2019\u00a0\u00bb.<\/p>\n<p data-start=\"91\" data-end=\"395\">Un soutien pr\u00e9cieux durant<br \/>\n\u00ab\u00a0les deux derniers mois de sa<br \/>\nvie face au cancer\u00a0\u00bb. Elle a exprim\u00e9 sa gratitude : \u00ab\u00a0Et je<br \/>\nsuis hyper, hyper reconnaissante parce que gr\u00e2ce \u00e0 vous, j&rsquo;ai pu<br \/>\npartager un dernier moment de bonheur ultime avec ma<br \/>\ngrand-m\u00e8re\u00a0\u00bb. Apr\u00e8s ce t\u00e9moignage, Nagui est rest\u00e9 <strong>sans<br \/>\nvoix<\/strong>. Flavie Flament lui a demand\u00e9, avec douceur :<br \/>\n\u00ab\u00a0Vous avez besoin d&rsquo;un bisou<br \/>\n?\u00a0\u00bb. Julien Arnaud a rebondi : \u00ab\u00a0Oui, on ne sait pas si \u00e7a vous fait plaisir, si \u00e7a vous<br \/>\n\u00e9meut, si \u00e7a vous g\u00eane peut-\u00eatre visiblement\u00a0\u00bb. Nagui a<br \/>\nfinalement r\u00e9pondu simplement : \u00ab\u00a0<strong>\u00c9videmment que c&rsquo;est \u00e9mouvant<\/strong>\u00ab\u00a0.<\/p>\n","protected":false},"excerpt":{"rendered":"L\u2019\u00e9t\u00e9 2025 signe le grand retour d\u2019une \u00e9mission culte de la t\u00e9l\u00e9vision fran\u00e7aise : Intervilles. Cr\u00e9\u00e9 en 1962&hellip;\n","protected":false},"author":2,"featured_media":188798,"comment_status":"","ping_status":"","sticky":false,"template":"","format":"standard","meta":{"footnotes":""},"categories":[1359],"tags":[548,58,59,1011,27,10477,973],"class_list":{"0":"post-188797","1":"post","2":"type-post","3":"status-publish","4":"format-standard","5":"has-post-thumbnail","7":"category-people","8":"tag-article-simple","9":"tag-divertissement","10":"tag-entertainment","11":"tag-fr","12":"tag-france","13":"tag-nagui","14":"tag-people"},"share_on_mastodon":{"url":"https:\/\/pubeurope.com\/@fr\/114710926452014549","error":""},"_links":{"self":[{"href":"https:\/\/www.europesays.com\/fr\/wp-json\/wp\/v2\/posts\/188797","targetHints":{"allow":["GET"]}}],"collection":[{"href":"https:\/\/www.europesays.com\/fr\/wp-json\/wp\/v2\/posts"}],"about":[{"href":"https:\/\/www.europesays.com\/fr\/wp-json\/wp\/v2\/types\/post"}],"author":[{"embeddable":true,"href":"https:\/\/www.europesays.com\/fr\/wp-json\/wp\/v2\/users\/2"}],"replies":[{"embeddable":true,"href":"https:\/\/www.europesays.com\/fr\/wp-json\/wp\/v2\/comments?post=188797"}],"version-history":[{"count":0,"href":"https:\/\/www.europesays.com\/fr\/wp-json\/wp\/v2\/posts\/188797\/revisions"}],"wp:featuredmedia":[{"embeddable":true,"href":"https:\/\/www.europesays.com\/fr\/wp-json\/wp\/v2\/media\/188798"}],"wp:attachment":[{"href":"https:\/\/www.europesays.com\/fr\/wp-json\/wp\/v2\/media?parent=188797"}],"wp:term":[{"taxonomy":"category","embeddable":true,"href":"https:\/\/www.europesays.com\/fr\/wp-json\/wp\/v2\/categories?post=188797"},{"taxonomy":"post_tag","embeddable":true,"href":"https:\/\/www.europesays.com\/fr\/wp-json\/wp\/v2\/tags?post=188797"}],"curies":[{"name":"wp","href":"https:\/\/api.w.org\/{rel}","templated":true}]}}