{"id":188799,"date":"2025-06-19T16:16:17","date_gmt":"2025-06-19T16:16:17","guid":{"rendered":"https:\/\/www.europesays.com\/fr\/188799\/"},"modified":"2025-06-19T16:16:17","modified_gmt":"2025-06-19T16:16:17","slug":"portes-ouvertes-ils-ont-transforme-un-ancien-garage-a-quimper","status":"publish","type":"post","link":"https:\/\/www.europesays.com\/fr\/188799\/","title":{"rendered":"Portes ouvertes. Ils ont transform\u00e9 un ancien garage \u00e0 Quimper"},"content":{"rendered":"<p>            Par<br \/>\n        <strong><br \/>\n            <a href=\"https:\/\/actu.fr\/auteur\/laurane-goyer\" title=\"Consulter tous les articles de Laurane Goyer\" rel=\"nofollow noopener\" target=\"_blank\">Laurane Goyer<\/a><br \/>\n        <\/strong><\/p>\n<p>        Publi\u00e9 le<\/p>\n<p>            18 juin 2025 \u00e0 18h03        <\/p>\n<p>L\u2019<b>agence d\u2019architecture<\/b> Oger et Stanzioni ouvrira ses portes au public samedi 21 et dimanche 22 juin 2025 \u00e0 Quimper (Finist\u00e8re). Elle participe \u00e0 la 25e \u00e9dition des Journ\u00e9es d\u2019architectures \u00e0 vivre, organis\u00e9es par le magazine r\u00e9f\u00e9rent dans le domaine en France.<\/p>\n<p class=\" wall-content\">Les lieux participants sont automatiquement inscrits au Prix des maisons d\u2019architectures \u00c0 Vivre. Les r\u00e9alisations laur\u00e9ates seront r\u00e9compens\u00e9es lors du salon Architect@Work, \u00e0 Paris.<\/p>\n<p class=\" wall-content\"><b>Benjamin Oger et Lydia Stanzioni<\/b> \u00e9taient architectes ind\u00e9pendants depuis 2011 avant de s\u2019associer en 2018, \u00e0 Quimper. L\u2019un est architecte et l\u2019autre, architecte d\u2019int\u00e9rieur.<\/p>\n<p class=\" wall-content\">Parquet, murs peints en noir, rampe d\u2019escalier en verre\u2026 Si leur lieu de travail est aujourd\u2019hui tr\u00e8s moderne, il n\u2019en \u00e9tait rien il y a quelques ann\u00e9es. \u00ab Avant, c\u2019\u00e9taient des garages. Il s\u2019agissait d\u2019une d\u00e9pendance artisanale de ma maison qui se trouve \u00e0 c\u00f4t\u00e9 de l\u2019agence. Nous avons tout refait en 2016, raconte Lydia Stanzioni. Nous sommes en zone inondable, donc nous avons vraiment d\u00fb nous adapter concernant les techniques et mat\u00e9riaux utilis\u00e9s. \u00bb<\/p>\n<p>Proposer son projet<\/p>\n<p class=\" wall-content\">R\u00e9novations, boutiques, restaurants, cabinets dentaires\u2026 Beaucoup de leurs projets sont situ\u00e9s \u00e0 Quimper. \u00ab Mais nous nous d\u00e9pla\u00e7ons dans tout le Finist\u00e8re Sud, souligne Benjamin Oger, les portes ouvertes seront l\u2019occasion de toucher un autre public. \u00bb<\/p>\n<p>Vid\u00e9os : en ce moment sur Actu<\/p>\n<blockquote class=\"ac-article-quote wall-content\">\n<p>\u00ab Les gens pensent qu\u2019il faut avoir des gros budgets ou de grandes maisons pour aller voir un architecte alors que ce n\u2019est pas toujours le cas. \u00bb<\/p>\n<p>Lydia Stanzioni.<\/p><\/blockquote>\n<p class=\" wall-content\">Le public peut s\u2019inscrire en ligne, \u00e0 raison de six personnes par cr\u00e9neaux. \u00ab Les visiteurs pourront nous parler de leurs projets ou simplement nous poser des questions concernant notre m\u00e9tier \u00bb, conclut la Quimp\u00e9roise.<\/p>\n<p>Infos pratiques.<br \/>Samedi 21 et dimanche 22 juin, 26 rue Aristide-Briand \u00e0 Quimper.<br \/>S\u2019inscrire sur <a href=\"https:\/\/www.journeesavivre.fr\/visiteurs\" rel=\"nofollow noopener\" target=\"_blank\">www.journeesavivre.fr\/visiteurs<\/a><br \/>Tarif : 2 euros.<\/p>\n<p class=\" wall-content\">Suivez toute l\u2019actualit\u00e9 de vos villes et m\u00e9dias favoris en vous inscrivant \u00e0 <a href=\"https:\/\/moncompte.actu.fr\" title=\"D\u00e9couvez Mon Actu\" rel=\"nofollow noopener\" data-trk=\"{&quot;cta&quot;:{&quot;action&quot;:&quot;https:\\\/\\\/moncompte.actu.fr&quot;,&quot;category&quot;:&quot;mon compte&quot;,&quot;from&quot;:&quot;article footer&quot;,&quot;name&quot;:&quot;Mon actu&quot;,&quot;type&quot;:&quot;cta&quot;}}\" target=\"_blank\">Mon Actu<\/a>.<\/p>\n","protected":false},"excerpt":{"rendered":"Par Laurane Goyer Publi\u00e9 le 18 juin 2025 \u00e0 18h03 L\u2019agence d\u2019architecture Oger et Stanzioni ouvrira ses portes&hellip;\n","protected":false},"author":2,"featured_media":188800,"comment_status":"","ping_status":"","sticky":false,"template":"","format":"standard","meta":{"footnotes":""},"categories":[1358],"tags":[1348,1384,1385,1386,58,59,1011,27,1652],"class_list":{"0":"post-188799","1":"post","2":"type-post","3":"status-publish","4":"format-standard","5":"has-post-thumbnail","7":"category-arts-et-design","8":"tag-arts","9":"tag-arts-and-design","10":"tag-arts-et-design","11":"tag-design","12":"tag-divertissement","13":"tag-entertainment","14":"tag-fr","15":"tag-france","16":"tag-loisirs-culture"},"share_on_mastodon":{"url":"https:\/\/pubeurope.com\/@fr\/114710930144473198","error":""},"_links":{"self":[{"href":"https:\/\/www.europesays.com\/fr\/wp-json\/wp\/v2\/posts\/188799","targetHints":{"allow":["GET"]}}],"collection":[{"href":"https:\/\/www.europesays.com\/fr\/wp-json\/wp\/v2\/posts"}],"about":[{"href":"https:\/\/www.europesays.com\/fr\/wp-json\/wp\/v2\/types\/post"}],"author":[{"embeddable":true,"href":"https:\/\/www.europesays.com\/fr\/wp-json\/wp\/v2\/users\/2"}],"replies":[{"embeddable":true,"href":"https:\/\/www.europesays.com\/fr\/wp-json\/wp\/v2\/comments?post=188799"}],"version-history":[{"count":0,"href":"https:\/\/www.europesays.com\/fr\/wp-json\/wp\/v2\/posts\/188799\/revisions"}],"wp:featuredmedia":[{"embeddable":true,"href":"https:\/\/www.europesays.com\/fr\/wp-json\/wp\/v2\/media\/188800"}],"wp:attachment":[{"href":"https:\/\/www.europesays.com\/fr\/wp-json\/wp\/v2\/media?parent=188799"}],"wp:term":[{"taxonomy":"category","embeddable":true,"href":"https:\/\/www.europesays.com\/fr\/wp-json\/wp\/v2\/categories?post=188799"},{"taxonomy":"post_tag","embeddable":true,"href":"https:\/\/www.europesays.com\/fr\/wp-json\/wp\/v2\/tags?post=188799"}],"curies":[{"name":"wp","href":"https:\/\/api.w.org\/{rel}","templated":true}]}}