{"id":188817,"date":"2025-06-19T16:25:09","date_gmt":"2025-06-19T16:25:09","guid":{"rendered":"https:\/\/www.europesays.com\/fr\/188817\/"},"modified":"2025-06-19T16:25:09","modified_gmt":"2025-06-19T16:25:09","slug":"amazon-investit-150-millions-deuros-dans-un-nouveau-centre-de-distribution-en-france-qui-creera-1000-emplois","status":"publish","type":"post","link":"https:\/\/www.europesays.com\/fr\/188817\/","title":{"rendered":"Amazon investit 150 millions d\u2019euros dans un nouveau centre de distribution en France qui cr\u00e9era 1000 emplois"},"content":{"rendered":"<p>Ce centre d\u00e9di\u00e9 \u00e0 la pr\u00e9paration des commandes, qui sera situ\u00e9 \u00e0 Illiers-Combray (Eure-et-Loir), devrait ouvrir fin 2026, a annonc\u00e9 le g\u00e9ant am\u00e9ricain du e-commerce.<\/p>\n<p class=\"fig-paragraph\"><a href=\"http:\/\/www.lefigaro.fr\/flash-eco\/amazon-va-investir-plus-de-300-millions-d-euros-en-france-20250518\" data-fig-type=\"NewsFlash\" data-gtm-custom-categorie=\"navigation\" data-gtm-custom-action=\"crossclick\" data-gtm-custom-label=\"Contextuel\" data-gtm-event=\"customEventSPE\" data-fig-domain=\"LEFIGARO\" target=\"_blank\" rel=\"noopener\">Amazon\u00a0<\/a>a annonc\u00e9 ce jeudi pr\u00e9voir pour fin 2026 le lancement d&rsquo;un nouveau centre de distribution \u00e0 Illiers-Combray (Eure-et-Loir), avec la cr\u00e9ation de 1000 emplois en CDI \u00e0 la cl\u00e9, selon un communiqu\u00e9. Pour b\u00e2tir ce centre d\u00e9di\u00e9 \u00e0 la pr\u00e9paration des commandes, le g\u00e9ant de la vente en ligne a investi plus de 150 millions d&rsquo;euros, une construction qui \u00abs&rsquo;inscrit dans le plan d&rsquo;investissement d&rsquo;Amazon de plus de 300 millions d&rsquo;euros annonc\u00e9 au sommet Choose France 2025\u00bb, a-t-il d\u00e9taill\u00e9.<\/p>\n<p class=\"fig-paragraph\">\u00abDepuis 2010, nous avons investi plus de 25 milliards d&rsquo;euros en France et sommes devenus le premier cr\u00e9ateur d&#8217;emplois directs sur la p\u00e9riode, avec plus de 25.000 salari\u00e9s en CDI \u00e0 date\u00bb, a affirm\u00e9 le pr\u00e9sident d&rsquo;Amazon France Logistique Patrick Labarre, cit\u00e9 dans le communiqu\u00e9.<\/p>\n<p class=\"fig-paragraph\">Cet entrep\u00f4t sera \u00e9quip\u00e9 des \u00abderni\u00e8res technologies robotiques d\u00e9velopp\u00e9es par Amazon\u00bb et permettra de \u00abrapprocher les produits des bassins de consommation, r\u00e9duire les d\u00e9lais de livraison et les \u00e9missions de CO2 li\u00e9es au transport\u00bb, promet Amazon. La multinationale am\u00e9ricaine a actuellement huit centres de distribution en France qui prennent en charge plusieurs centaines de milliers de colis par jour, a-t-elle chiffr\u00e9.<\/p>\n","protected":false},"excerpt":{"rendered":"Ce centre d\u00e9di\u00e9 \u00e0 la pr\u00e9paration des commandes, qui sera situ\u00e9 \u00e0 Illiers-Combray (Eure-et-Loir), devrait ouvrir fin 2026,&hellip;\n","protected":false},"author":2,"featured_media":188818,"comment_status":"","ping_status":"","sticky":false,"template":"","format":"standard","meta":{"footnotes":""},"categories":[6],"tags":[631,627,630,4239,340,398,35,343,634,405,629,636,33,34,2303,632,638,1011,27,637,399,639,635,401,628,633,407],"class_list":{"0":"post-188817","1":"post","2":"type-post","3":"status-publish","4":"format-standard","5":"has-post-thumbnail","7":"category-economie","8":"tag-action","9":"tag-actions-francaise","10":"tag-actualite-bourse","11":"tag-amazon","12":"tag-bourse","13":"tag-bourse-de-paris","14":"tag-business","15":"tag-cac-40","16":"tag-cotation","17":"tag-cotations","18":"tag-cours-des-societes-francaises","19":"tag-devises","20":"tag-economie","21":"tag-economy","22":"tag-emplois","23":"tag-fcp","24":"tag-figaro","25":"tag-fr","26":"tag-france","27":"tag-indices","28":"tag-investissement","29":"tag-le-figaro","30":"tag-marches","31":"tag-sicav","32":"tag-societes-etrangeres","33":"tag-warrant","34":"tag-warrants"},"share_on_mastodon":{"url":"https:\/\/pubeurope.com\/@fr\/114710965630735704","error":""},"_links":{"self":[{"href":"https:\/\/www.europesays.com\/fr\/wp-json\/wp\/v2\/posts\/188817","targetHints":{"allow":["GET"]}}],"collection":[{"href":"https:\/\/www.europesays.com\/fr\/wp-json\/wp\/v2\/posts"}],"about":[{"href":"https:\/\/www.europesays.com\/fr\/wp-json\/wp\/v2\/types\/post"}],"author":[{"embeddable":true,"href":"https:\/\/www.europesays.com\/fr\/wp-json\/wp\/v2\/users\/2"}],"replies":[{"embeddable":true,"href":"https:\/\/www.europesays.com\/fr\/wp-json\/wp\/v2\/comments?post=188817"}],"version-history":[{"count":0,"href":"https:\/\/www.europesays.com\/fr\/wp-json\/wp\/v2\/posts\/188817\/revisions"}],"wp:featuredmedia":[{"embeddable":true,"href":"https:\/\/www.europesays.com\/fr\/wp-json\/wp\/v2\/media\/188818"}],"wp:attachment":[{"href":"https:\/\/www.europesays.com\/fr\/wp-json\/wp\/v2\/media?parent=188817"}],"wp:term":[{"taxonomy":"category","embeddable":true,"href":"https:\/\/www.europesays.com\/fr\/wp-json\/wp\/v2\/categories?post=188817"},{"taxonomy":"post_tag","embeddable":true,"href":"https:\/\/www.europesays.com\/fr\/wp-json\/wp\/v2\/tags?post=188817"}],"curies":[{"name":"wp","href":"https:\/\/api.w.org\/{rel}","templated":true}]}}