{"id":188819,"date":"2025-06-19T16:26:18","date_gmt":"2025-06-19T16:26:18","guid":{"rendered":"https:\/\/www.europesays.com\/fr\/188819\/"},"modified":"2025-06-19T16:26:18","modified_gmt":"2025-06-19T16:26:18","slug":"liran-est-plonge-dans-un-black-out-internet-massif","status":"publish","type":"post","link":"https:\/\/www.europesays.com\/fr\/188819\/","title":{"rendered":"L\u2019Iran est plong\u00e9 dans un black-out internet massif"},"content":{"rendered":"<p>Sur fond de cyberattaques et de conflit avec Isra\u00ebl, l\u2019Iran fait face \u00e0 une coupure quasi totale de son acc\u00e8s \u00e0 Internet. Les cons\u00e9quences d\u2019une d\u00e9cision politique et strat\u00e9gique des autorit\u00e9s iraniennes.<\/p>\n<p>Il suffit de consulter <a href=\"https:\/\/ioda.inetintel.cc.gatech.edu\/country\/IR?from=1749366827&amp;until=1750317227\" data-type=\"link\" data-id=\"https:\/\/ioda.inetintel.cc.gatech.edu\/country\/IR?from=1749366827&amp;until=1750317227\" target=\"_blank\" rel=\"noreferrer noopener nofollow\">les donn\u00e9es d\u2019IODA<\/a> pour saisir l\u2019ampleur du black-out en Iran\u202f: ce projet open-source, con\u00e7u pour surveiller en temps r\u00e9el les pannes d\u2019Internet \u00e0 grande \u00e9chelle, montre qu\u2019en l\u2019espace d\u2019une heure, la connectivit\u00e9 du pays a chut\u00e9 de 97\u202f% le mercredi 18 juin 2025. Au moment o\u00f9 cet article est r\u00e9dig\u00e9, la connexion reste quasi inexistante et les Iraniens demeurent coup\u00e9s de tout acc\u00e8s \u00e0 Internet.<\/p>\n<p>Cet arr\u00eat brutal est le fruit d\u2019une d\u00e9cision politique, celle du minist\u00e8re iranien des Communications. <a href=\"https:\/\/www.engadget.com\/cybersecurity\/iran-restricts-internet-access-to-ward-off-israeli-cyberattacks-120025170.html\" data-type=\"link\" data-id=\"https:\/\/www.engadget.com\/cybersecurity\/iran-restricts-internet-access-to-ward-off-israeli-cyberattacks-120025170.html\" target=\"_blank\" rel=\"noreferrer noopener nofollow\">Il a impos\u00e9 ces restrictions<\/a> pour \u00ab pr\u00e9venir les abus de l\u2019ennemi \u00bb et faire face \u00e0 une vague de cyberattaques attribu\u00e9es \u00e0 Isra\u00ebl.<\/p>\n<p><a href=\"https:\/\/www.numerama.com\/wp-content\/uploads\/2025\/06\/capture-decran-2025-06-19-a-093544.png\" rel=\"nofollow noopener\" target=\"_blank\"><img decoding=\"async\" width=\"1024\" height=\"742\" loading=\"lazy\" alt=\"Chute brutale de la connectivit\u00e9 internet, le 28 juin 2025 \/\/ Source : IODA\" title=\"Chute brutale de la connectivit\u00e9 internet, le 28 juin 2025 \/\/ Source : IODA\" class=\"wp-image-1994839 placeholder-default wp-image\" src=\"https:\/\/www.europesays.com\/fr\/wp-content\/uploads\/2025\/06\/capture-decran-2025-06-19-a-093544-1024x742.png\" \/><\/a>Chute brutale de la connectivit\u00e9 internet, le 18 juin 2025 \/\/ Source :<a href=\"https:\/\/ioda.inetintel.cc.gatech.edu\/country\/IR?from=1749366827&amp;until=1750317227\" data-type=\"link\" data-id=\"https:\/\/ioda.inetintel.cc.gatech.edu\/country\/IR?from=1749366827&amp;until=1750317227\" target=\"_blank\" rel=\"noreferrer noopener nofollow\"> IODA<\/a><\/p>\n<p><strong>Une coupure \u00ab temporaire \u00bb d\u00e9cid\u00e9e par le gouvernement<\/strong><\/p>\n<p>            <img decoding=\"async\" width=\"1024\" height=\"396\" loading=\"lazy\" alt=\"BIT BOX 3\" title=\"BIT BOX 3\" class=\"is-block placeholder-default wp-image\" src=\"https:\/\/www.europesays.com\/fr\/wp-content\/uploads\/2025\/06\/bit-box-3-1024x396.jpg\" \/>        <\/p>\n<p>\n                Vos donn\u00e9es m\u00e9ritent d\u2019\u00eatre mieux prot\u00e9g\u00e9es.            <\/p>\n<p>\n                Les escroqueries, les virus et les ransomwares ne sont plus une fatalit\u00e9. Prot\u00e9gez votre vie priv\u00e9e et vos donn\u00e9es personnelles avec Bitdefender et profitez de votre vie num\u00e9rique en toute s\u00e9r\u00e9nit\u00e9.            <\/p>\n<p>Contrairement \u00e0 certaines sp\u00e9culations initiales, il ne s\u2019agit donc pas d\u2019une cons\u00e9quence directe de frappes isra\u00e9liennes sur les infrastructures, mais bien d\u2019une d\u00e9cision politique des autorit\u00e9s iraniennes.<\/p>\n<p>\u00ab Les mesures de restriction sont temporaires et visent \u00e0 maintenir la stabilit\u00e9 du r\u00e9seau face aux attaques ennemies \u00bb, <a href=\"https:\/\/x.com\/Digiato\/status\/1934561401185432046\" data-type=\"link\" data-id=\"https:\/\/x.com\/Digiato\/status\/1934561401185432046\" target=\"_blank\" rel=\"noreferrer noopener nofollow\">a d\u00e9clar\u00e9 la porte-parole<\/a> du gouvernement, Fatemeh Mohajeran.<\/p>\n<p>La coupure d\u2019Internet intervient alors que des groupes de hackers pro-isra\u00e9liens, notamment Gonjeshke Darande, ont revendiqu\u00e9 des <a href=\"https:\/\/www.numerama.com\/cyberguerre\/1993847-des-hackers-pro-israeliens-assurent-avoir-paralyse-une-des-plus-grandes-banques-diran.html\" data-type=\"link\" data-id=\"https:\/\/www.numerama.com\/cyberguerre\/1993847-des-hackers-pro-israeliens-assurent-avoir-paralyse-une-des-plus-grandes-banques-diran.html\" rel=\"nofollow noopener\" target=\"_blank\">attaques contre des infrastructures cl\u00e9s<\/a>, dont la banque publique Sepah et la plateforme iranienne d\u2019\u00e9change de cryptomonnaies <a href=\"https:\/\/www.reuters.com\/world\/middle-east\/iran-crypto-exchange-hit-by-hackers-90-million-destroyed-2025-06-18\/\" target=\"_blank\" rel=\"noreferrer noopener nofollow\">Nobitex<\/a>. Ces attaques auraient provoqu\u00e9 des pannes majeures, emp\u00eachant les clients de la banque d\u2019acc\u00e9der \u00e0 leurs comptes ou d\u2019effectuer des paiements, et mena\u00e7ant m\u00eame le fonctionnement des stations-service du pays, d\u00e9pendantes notamment de la banque Sepah.<\/p>\n<p>Vers un Internet national ferm\u00e9<\/p>\n<p>L\u2019Iran a d\u00e9j\u00e0 eu recours \u00e0 des coupures d\u2019Internet <a href=\"https:\/\/pulse.internetsociety.org\/en\/shutdowns\/?country_code=IR#form-search\" data-type=\"link\" data-id=\"https:\/\/pulse.internetsociety.org\/en\/shutdowns\/?country_code=IR#form-search\" target=\"_blank\" rel=\"noreferrer noopener nofollow\">lors de p\u00e9riodes de crise<\/a>. Ce fut par exemple le cas en 2019 lors des manifestations nationales, mais la gravit\u00e9 et la dur\u00e9e de la coupure actuelle sont in\u00e9dites depuis plusieurs ann\u00e9es.<\/p>\n<p>D\u2019apr\u00e8s <a href=\"https:\/\/www.nytimes.com\/live\/2025\/06\/17\/world\/israel-iran-trump#the-internet-across-iran-is-being-disrupted-experts-and-iranians-say\" target=\"_blank\" rel=\"noreferrer noopener nofollow\">The New-York Times<\/a>, l\u2019Iran cherche \u00e0 basculer vers un \u00ab intranet \u00bb national, le N.I.N. (National Information Network), accessible uniquement \u00e0 l\u2019int\u00e9rieur du pays et sous contr\u00f4le gouvernemental strict. <a href=\"https:\/\/www.numerama.com\/cyberguerre\/1101242-quest-ce-quun-vpn.html\" data-popover-target=\"definition\" data-tag=\"Qu\u2019est-ce qu\u2019un VPN et pourquoi en avez-vous besoin\u00a0?\" data-chapo=\"Un VPN \u2014 pour Virtual Private Network (r\u00e9seau priv\u00e9 virtuel) \u2014 est un dispositif de s\u00e9curit\u00e9 qui \u00e9tablit un \u00ab tunnel \u00bb chiffr\u00e9 entre votre appareil et un serveur \u00e9loign\u00e9. Gr\u00e2ce \u00e0 ce tunnel, deux ordinateurs peuvent \u00e9changer des donn\u00e9es en toute confidentialit\u00e9, isolant ainsi leurs communications du reste d\u2019Internet.\" data-image=\"https:\/\/c0.lestechnophiles.com\/www.numerama.com\/wp-content\/uploads\/2022\/09\/def-vpn-update-1024x576.jpg?key=cf0780e3\" rel=\"nofollow noopener\" target=\"_blank\">Les VPN<\/a> et autres outils de contournement de la censure sont \u00e9galement bloqu\u00e9s, rendant toute connexion \u00e0 des services \u00e9trangers pratiquement impossible.<\/p>\n<p>Cette coupure massive a des cons\u00e9quences humaines imm\u00e9diates et graves\u202f: <a href=\"https:\/\/www.wired.com\/story\/iran-internet-shutdown-israel\/\" data-type=\"link\" data-id=\"https:\/\/www.wired.com\/story\/iran-internet-shutdown-israel\/\" target=\"_blank\" rel=\"noreferrer noopener nofollow\">des millions d\u2019Iraniens se retrouvent priv\u00e9s d\u2019acc\u00e8s \u00e0 l\u2019information<\/a>, incapables de communiquer avec leurs proches ou de recevoir des alertes de s\u00e9curit\u00e9 en pleine p\u00e9riode de tensions et de frappes.<\/p>\n<p>            <img decoding=\"async\" src=\"https:\/\/www.europesays.com\/fr\/wp-content\/uploads\/2025\/04\/iPhone-16-pro.png\" alt=\"Toute l'actu tech en un clien d'oeil\"\/><\/p>\n<p class=\"card-install-pwa__title\">Toute l&rsquo;actu tech en un clin d&rsquo;\u0153il<\/p>\n<p class=\"card-install-pwa__description\">Ajoutez Numerama \u00e0 votre \u00e9cran d&rsquo;accueil et restez connect\u00e9s au futur !<\/p>\n<p>            <img decoding=\"async\" src=\"https:\/\/www.numerama.com\/wp-content\/themes\/numerama-next\/assets\/images\/premium\/logo-card-pwa-coupe.svg\" alt=\"Logo PWA\"\/><\/p>\n<p>       Installer Numerama<\/p>\n","protected":false},"excerpt":{"rendered":"Sur fond de cyberattaques et de conflit avec Isra\u00ebl, l\u2019Iran fait face \u00e0 une coupure quasi totale de&hellip;\n","protected":false},"author":2,"featured_media":188820,"comment_status":"","ping_status":"","sticky":false,"template":"","format":"standard","meta":{"footnotes":""},"categories":[5],"tags":[11,1011,27,14,3019,664,12,28],"class_list":{"0":"post-188819","1":"post","2":"type-post","3":"status-publish","4":"format-standard","5":"has-post-thumbnail","7":"category-international","8":"tag-actualites","9":"tag-fr","10":"tag-france","11":"tag-international","12":"tag-iran","13":"tag-israel","14":"tag-news","15":"tag-world"},"share_on_mastodon":{"url":"https:\/\/pubeurope.com\/@fr\/114710969409764616","error":""},"_links":{"self":[{"href":"https:\/\/www.europesays.com\/fr\/wp-json\/wp\/v2\/posts\/188819","targetHints":{"allow":["GET"]}}],"collection":[{"href":"https:\/\/www.europesays.com\/fr\/wp-json\/wp\/v2\/posts"}],"about":[{"href":"https:\/\/www.europesays.com\/fr\/wp-json\/wp\/v2\/types\/post"}],"author":[{"embeddable":true,"href":"https:\/\/www.europesays.com\/fr\/wp-json\/wp\/v2\/users\/2"}],"replies":[{"embeddable":true,"href":"https:\/\/www.europesays.com\/fr\/wp-json\/wp\/v2\/comments?post=188819"}],"version-history":[{"count":0,"href":"https:\/\/www.europesays.com\/fr\/wp-json\/wp\/v2\/posts\/188819\/revisions"}],"wp:featuredmedia":[{"embeddable":true,"href":"https:\/\/www.europesays.com\/fr\/wp-json\/wp\/v2\/media\/188820"}],"wp:attachment":[{"href":"https:\/\/www.europesays.com\/fr\/wp-json\/wp\/v2\/media?parent=188819"}],"wp:term":[{"taxonomy":"category","embeddable":true,"href":"https:\/\/www.europesays.com\/fr\/wp-json\/wp\/v2\/categories?post=188819"},{"taxonomy":"post_tag","embeddable":true,"href":"https:\/\/www.europesays.com\/fr\/wp-json\/wp\/v2\/tags?post=188819"}],"curies":[{"name":"wp","href":"https:\/\/api.w.org\/{rel}","templated":true}]}}