{"id":188823,"date":"2025-06-19T16:28:10","date_gmt":"2025-06-19T16:28:10","guid":{"rendered":"https:\/\/www.europesays.com\/fr\/188823\/"},"modified":"2025-06-19T16:28:10","modified_gmt":"2025-06-19T16:28:10","slug":"le-pentagone-doute-encore-de-la-capacite-des-bombes-gbu-57-a-detruire-le-site-nucleaire-de-fordo","status":"publish","type":"post","link":"https:\/\/www.europesays.com\/fr\/188823\/","title":{"rendered":"le Pentagone doute encore de la capacit\u00e9 des bombes GBU-57 \u00e0 d\u00e9truire le site nucl\u00e9aire de Fordo"},"content":{"rendered":"<p>Selon des r\u00e9v\u00e9lations du Guardian, \u00abune vive controverse\u00bb \u00e9branle le Pentagone au sujet de la garantie de succ\u00e8s d\u2019une op\u00e9ration am\u00e9ricaine contre ce site enterr\u00e9 \u00e0 90 m\u00e8tres sous terre. L\u2019usage du nucl\u00e9aire tactique, cit\u00e9 par des responsables militaires, aurait \u00e9t\u00e9 \u00e9cart\u00e9 par Donald Trump.<\/p>\n<p class=\"fig-paragraph\">Ira en Iran ou n\u2019ira pas\u00a0? De saillies \u00e9crites en majuscule sur son r\u00e9seau social en petites phrases l\u00e2ch\u00e9es devant les journalistes,\u00a0<a href=\"http:\/\/www.lefigaro.fr\/international\/donald-trump-seul-face-au-choix-d-une-operation-militaire-contre-l-iran-20250618\" target=\"_blank\" data-fig-type=\"Article\" rel=\"noopener\" data-gtm-custom-categorie=\"navigation\" data-gtm-custom-action=\"crossclick\" data-gtm-custom-label=\"Contextuel\" data-gtm-event=\"customEventSPE\" data-fig-domain=\"LEFIGARO\">Donald Trump<\/a>\u00a0laisse encore planer le doute sur son intention de lancer les \u00c9tats-Unis aux c\u00f4t\u00e9s d\u2019Isra\u00ebl dans une op\u00e9ration militaire contre l\u2019Iran. Une mani\u00e8re de laisser ouverte une porte \u00e9troite \u00e0 des n\u00e9gociations in extremis avec la R\u00e9publique islamique, si celle-ci d\u00e9cidait d\u2019abandonner d\u00e9finitivement son programme d\u2019enrichissement d\u2019uranium. Selon le Wall Street Journal, le pr\u00e9sident am\u00e9ricain aurait d\u2019ores et d\u00e9j\u00e0 valid\u00e9 \u00abdes plans d\u2019attaque\u00bb contre l\u2019Iran, mais sans encore lancer l\u2019ordre de les ex\u00e9cuter. Ce journal \u00abn\u2019a aucune id\u00e9e de quelles sont mes id\u00e9es concernant l\u2019Iran\u00bb, s\u2019est \u00e9nerv\u00e9 Donald Trump en r\u00e9ponse sur Truth Social. Mardi soir, Yechiel Leiter, l\u2019ambassadeur d\u2019Isra\u00ebl aux \u00c9tats-Unis, avait pr\u00e9vu \u00abquelques surprises jeudi soir et vendredi\u00bb qui feraient passer pour \u00absimple\u00bb \u00abl\u2019op\u00e9ration des bipeurs contre le Hezbollah\u00bb.<\/p>\n<p class=\"fig-paragraph\">Pourtant, ce jeudi 19 juin, selon des r\u00e9v\u00e9lations exclusives du Guardian, les autorit\u00e9s am\u00e9ricaines apparaissent bien plus prudentes. En cause\u00a0? Des doutes quant \u00e0 la capacit\u00e9 des bombes am\u00e9ricaines \u00abanti-bunker\u00bb GBU-57, d\u00e9sormais fameuses, de d\u00e9truire de fa\u00e7on d\u00e9cisive la montagne nucl\u00e9aire iranienne de Fordo. La prudence am\u00e9ricaine ne serait donc pas seulement un choix strat\u00e9gique, pour laisser le temps \u00e0 T\u00e9h\u00e9ran de capituler, mais bien l\u2019expression d\u2019une incertitude militaire majeure, voire d\u2019une \u00abvive controverse\u00bb, selon des responsables am\u00e9ricains de la d\u00e9fense \u00abau courant des d\u00e9lib\u00e9rations\u00bb. Donald Trump aurait en effet fait savoir que l\u2019utilisation de cette bombe de 14 tonnes serait \u00ablogique\u00bb en cas de destruction \u00abgarantie\u00bb du site d\u2019enrichissement d\u2019uranium souterrain, situ\u00e9 \u00e0 quelque 80 m\u00e8tres, voire 90 m\u00e8tres sous terre, et prot\u00e9g\u00e9 par d\u2019\u00e9paisses couches de b\u00e9ton arm\u00e9.<\/p>\n<p>Frappe nucl\u00e9aire tactique\u00a0?<\/p>\n<p class=\"fig-paragraph\">Or, cette garantie est loin d\u2019\u00eatre assur\u00e9e, selon ces sources s\u00e9curitaires. Celles \u00abqui ont re\u00e7u le briefing ont \u00e9t\u00e9 inform\u00e9es que l\u2019utilisation de bombes conventionnelles, m\u00eame dans le cadre d\u2019un ensemble de frappes plus large de plusieurs GBU-57, ne p\u00e9n\u00e9trerait pas suffisamment profond\u00e9ment sous terre et qu\u2019elle ne ferait que suffisamment de d\u00e9g\u00e2ts pour faire s\u2019effondrer les tunnels et les enterrer sous les d\u00e9combres\u00bb, d\u00e9taille le Guardian. Il y aurait bien une solution, radicale, mais celle-ci n\u2019aurait pas \u00e9t\u00e9 \u00e9voqu\u00e9e par le secr\u00e9taire \u00e0 la D\u00e9fense Pete Hegseth et le chef d\u2019\u00e9tat-major interarm\u00e9es, le g\u00e9n\u00e9ral Dan Caine, lors des r\u00e9unions dans la \u00abSituation Room\u00bb de la Maison-Blanche, et Donald Trump l\u2019aurait \u00e9cart\u00e9e\u00a0: \u00abD\u00e9truire compl\u00e8tement Fordo n\u00e9cessiterait que les \u00c9tats-Unis ramollissent le sol avec des bombes conventionnelles, puis larguent une bombe nucl\u00e9aire tactique depuis un bombardier B2 pour an\u00e9antir l\u2019ensemble de l\u2019installation\u00bb.<\/p>\n<p class=\"fig-paragraph\">En attendant, cibler Fordo avec une voire plusieurs GBU-57 pourrait retarder la capacit\u00e9 de l\u2019Iran \u00e0 obtenir de l\u2019uranium de qualit\u00e9 militaire pendant quelques ann\u00e9es, certes, mais sans mettre fin d\u00e9finitivement \u00e0 son programme. \u00abCe ne serait pas une solution miracle, a d\u00e9clar\u00e9 au quotidien britannique un ancien directeur adjoint de la Defense Threat Reduction Agency (DTRA), le g\u00e9n\u00e9ral de division \u00e0 la retraite Randy Manner, selon qui Fordo pourrait \u00eatre rapidement reconstruit. Et de conclure\u00a0: \u00abCela pourrait retarder le programme de six mois \u00e0 un an. \u00c7a a l\u2019air bien pour la t\u00e9l\u00e9vision, mais ce n\u2019est pas r\u00e9el\u00bb. En raison de leurs dimensions, les bombes GBU-57 ne peuvent \u00eatre largu\u00e9es que depuis des bombardiers am\u00e9ricains B-2 et les Isra\u00e9liens ne disposent donc ni de munitions ni des avions capables de r\u00e9aliser par eux-m\u00eames une telle op\u00e9ration. Selon Axios, Benyamin Netanyahou, le premier ministre isra\u00e9lien, envisagerait, si les Am\u00e9ricains n\u2019envoient pas leurs bombardiers, de lancer une op\u00e9ration terrestre de commandos contre la montagne, mais, pr\u00e9cise le Guardian, Donald Trump aurait \u00e9cart\u00e9 cette option hautement risqu\u00e9e.<\/p>\n<p>Le pi\u00e8ge de la \u00abbombe intelligente\u00bb<\/p>\n<p class=\"fig-paragraph\">Ces doutes qui assaillent le Pentagone et la Maison-Blanche, et percent dans les m\u00e9dias anglo-saxons, ont \u00e9t\u00e9 mis en lumi\u00e8re, cette fois de fa\u00e7on encore plus tranch\u00e9e, par l\u2019un des plus \u00e9minents sp\u00e9cialistes am\u00e9ricains de la guerre a\u00e9rienne, le professeur Robert A. Pape, de l\u2019Universit\u00e9 de Chicago. Mercredi, dans Foreign Affairs, l\u2019universitaire \u00e9crit que jamais aucune campagne a\u00e9rienne, \u00e0 elle seule, n\u2019a pu venir \u00e0 bout d\u2019un r\u00e9gime, quel qu\u2019il soit, ou d\u00e9truire un programme d\u2019armement comme le nucl\u00e9aire iranien. \u00abIsra\u00ebl semble tomber dans le pi\u00e8ge de la \u201cbombe intelligente\u201d\u00bb, explique le chercheur qui envisage que l\u2019op\u00e9ration, malgr\u00e9 des victoires tactiques spectaculaires, \u00abaffaiblisse la s\u00e9curit\u00e9 d\u2019Isra\u00ebl\u00bb, \u00e0 rebours des objectifs strat\u00e9giques recherch\u00e9s. \u00abSi l\u2019on en croit l\u2019histoire, l\u2019exc\u00e8s de confiance d\u2019Isra\u00ebl dans les capacit\u00e9s de ses armes technologiquement avanc\u00e9es risque de renforcer la d\u00e9termination de l\u2019Iran et de produire l\u2019effet inverse de celui escompt\u00e9\u00a0: un Iran plus dangereux\u00bb.<\/p>\n<p class=\"fig-body-link\">\n            \u00c0 lire aussi<br \/>\n        <a class=\"fig-body-link__link\" href=\"http:\/\/www.lefigaro.fr\/international\/nucleaire-les-parlementaires-iraniens-ouvrent-la-voie-a-une-sortie-de-teheran-du-traite-de-non-proliferation-20250616\" target=\"_blank\" data-fig-type=\"NewsFlash\" rel=\"noopener\" data-gtm-custom-categorie=\"navigation\" data-gtm-custom-action=\"crossclick\" data-gtm-custom-label=\"Contextuel\" data-gtm-event=\"customEventSPE\" data-fig-domain=\"LEFIGARO\">Nucl\u00e9aire\u00a0: les parlementaires iraniens ouvrent la voie \u00e0 une sortie de T\u00e9h\u00e9ran du trait\u00e9 de non-prolif\u00e9ration<br \/>\n    <\/a>\n<\/p>\n<p class=\"fig-paragraph\">M\u00eame si les \u00c9tats-Unis parvenaient \u00e0 retarder et affaiblir le programme nucl\u00e9aire iranien, sans le faire dispara\u00eetre totalement, Robert A. Pape note qu\u2019\u00abune incertitude importante subsisterait quant \u00e0 l\u2019\u00e9tat des \u00e9l\u00e9ments survivants et \u00e0 leur capacit\u00e9 de reconstitution. Sans inspections sur place, Isra\u00ebl ne serait pas en mesure d\u2019\u00e9valuer de mani\u00e8re fiable les dommages caus\u00e9s (&#8230;) Il est peu probable que l\u2019Iran autorise les inspecteurs internationaux, et encore moins les \u00e9quipes am\u00e9ricaines ou isra\u00e9liennes, \u00e0 \u00e9valuer leur ampleur exacte (&#8230;) Ce manque de connaissances signifie qu\u2019Isra\u00ebl, m\u00eame avec l\u2019aide des \u00c9tats-Unis, ne serait jamais certain que l\u2019Iran n\u2019a plus acc\u00e8s \u00e0 la bombe. Les inqui\u00e9tudes concernant une nucl\u00e9arisation secr\u00e8te de l\u2019Iran s\u2019envenimeraient, refl\u00e9tant les craintes qui ont pouss\u00e9 les \u00c9tats-Unis en 2003 \u00e0 lancer une guerre terrestre pour conqu\u00e9rir l\u2019Irak \u00e0 la recherche d\u2019armes de destruction massive inexistantes\u00bb.<\/p>\n<p class=\"fig-paragraph\">\u00c0 cette impasse, les Isra\u00e9liens, soutenus ou non par les Am\u00e9ricains, pourraient choisir la voie du changement de r\u00e9gime. Mais, l\u00e0 encore, le professeur de Chicago est cat\u00e9gorique\u00a0: des bombardements strat\u00e9giques, seuls, n\u2019ont jamais men\u00e9 \u00e0 l\u2019av\u00e8nement d\u2019un nouveau pouvoir favorable \u00e0 l\u2019\u00c9tat \u00e0 l\u2019origine de ces frappes, mais, au contraire, alimente le nationalisme contre l\u2019\u00e9tranger. C\u2019est le c\u0153ur de la th\u00e9orie de Robert A. Pape depuis son livre de r\u00e9f\u00e9rence, Bombing to Win: Air Power and Coercion in War, sorti en 1996. Quant \u00e0 une invasion au sol de l\u2019Iran, elle r\u00e9veillerait le spectre irakien, celui d\u2019un interminable bourbier. Un argument dont Donald Trump a fait son beurre politique des ann\u00e9es durant sur le th\u00e8me des guerres sans fin et du n\u00e9cessaire \u00abretour des guys\u00bb \u00e0 la maison.<\/p>\n","protected":false},"excerpt":{"rendered":"Selon des r\u00e9v\u00e9lations du Guardian, \u00abune vive controverse\u00bb \u00e9branle le Pentagone au sujet de la garantie de succ\u00e8s&hellip;\n","protected":false},"author":2,"featured_media":188824,"comment_status":"","ping_status":"","sticky":false,"template":"","format":"standard","meta":{"footnotes":""},"categories":[2],"tags":[259,11,260,1011,27,14,3019,664,261,12,262],"class_list":{"0":"post-188823","1":"post","2":"type-post","3":"status-publish","4":"format-standard","5":"has-post-thumbnail","7":"category-actualites","8":"tag-actualite-internationale","9":"tag-actualites","10":"tag-affaires-etrangeres","11":"tag-fr","12":"tag-france","13":"tag-international","14":"tag-iran","15":"tag-israel","16":"tag-ministere-des-affaires-etrangeres","17":"tag-news","18":"tag-politique-etrangere"},"share_on_mastodon":{"url":"https:\/\/pubeurope.com\/@fr\/114710977127129334","error":""},"_links":{"self":[{"href":"https:\/\/www.europesays.com\/fr\/wp-json\/wp\/v2\/posts\/188823","targetHints":{"allow":["GET"]}}],"collection":[{"href":"https:\/\/www.europesays.com\/fr\/wp-json\/wp\/v2\/posts"}],"about":[{"href":"https:\/\/www.europesays.com\/fr\/wp-json\/wp\/v2\/types\/post"}],"author":[{"embeddable":true,"href":"https:\/\/www.europesays.com\/fr\/wp-json\/wp\/v2\/users\/2"}],"replies":[{"embeddable":true,"href":"https:\/\/www.europesays.com\/fr\/wp-json\/wp\/v2\/comments?post=188823"}],"version-history":[{"count":0,"href":"https:\/\/www.europesays.com\/fr\/wp-json\/wp\/v2\/posts\/188823\/revisions"}],"wp:featuredmedia":[{"embeddable":true,"href":"https:\/\/www.europesays.com\/fr\/wp-json\/wp\/v2\/media\/188824"}],"wp:attachment":[{"href":"https:\/\/www.europesays.com\/fr\/wp-json\/wp\/v2\/media?parent=188823"}],"wp:term":[{"taxonomy":"category","embeddable":true,"href":"https:\/\/www.europesays.com\/fr\/wp-json\/wp\/v2\/categories?post=188823"},{"taxonomy":"post_tag","embeddable":true,"href":"https:\/\/www.europesays.com\/fr\/wp-json\/wp\/v2\/tags?post=188823"}],"curies":[{"name":"wp","href":"https:\/\/api.w.org\/{rel}","templated":true}]}}