{"id":188825,"date":"2025-06-19T16:29:10","date_gmt":"2025-06-19T16:29:10","guid":{"rendered":"https:\/\/www.europesays.com\/fr\/188825\/"},"modified":"2025-06-19T16:29:10","modified_gmt":"2025-06-19T16:29:10","slug":"quand-la-terrasse-du-ninkasi-saint-etienne-se-transforme-en-lieu-de-la-techno","status":"publish","type":"post","link":"https:\/\/www.europesays.com\/fr\/188825\/","title":{"rendered":"QUAND LA TERRASSE DU NINKASI SAINT-ETIENNE SE TRANSFORME EN LIEU DE LA TECHNO !"},"content":{"rendered":"<p>De 16 heures jusqu\u2019\u00e0 minuit, cet \u00e9tablissement embl\u00e9matique de Saint-\u00c9tienne accueille une c\u00e9l\u00e9bration post-F\u00eate de la Musique enti\u00e8rement d\u00e9di\u00e9e aux sons \u00e9lectroniques.<\/p>\n<p>Cette initiative originale na\u00eet d\u2019un partenariat avec Labalaba, formation de DJ qui s\u2019est rapidement impos\u00e9e dans le paysage musical local depuis sa cr\u00e9ation en 2024. Les fondateurs de ce collectif prometteur, Buiss et Sixense, proposent une exp\u00e9rience in\u00e9dite dans la Loire : recr\u00e9er l\u2019atmosph\u00e8re unique des c\u00e9l\u00e8bres sessions Boiler Room en plein air.<\/p>\n<p>Le succ\u00e8s de leur pr\u00e9c\u00e9dente prestation au Ninkasi, qui avait attir\u00e9 plus de 500 m\u00e9lomanes, t\u00e9moigne de l\u2019engouement suscit\u00e9 par leur approche innovante de la musique \u00e9lectronique.<\/p>\n<p>La programmation musicale s\u2019articule autour de cinq artistes : Vasco, AleX, Buiss, Sixense et Hotinga. Ces derniers guideront le public \u00e0 travers un parcours musical explorant les nuances de la house, de la tech-house et de la techno, cr\u00e9ant une ambiance festive continue.<\/p>\n<p>Cette manifestation gratuite illustre parfaitement la philosophie du Ninkasi, lieu qui privil\u00e9gie le m\u00e9lange culturel, favorise les initiatives locales et accompagne les talents \u00e9mergents. L\u2019\u00e9v\u00e9nement prolonge naturellement l\u2019esprit festif de la F\u00eate de la Musique, en y apportant une coloration r\u00e9solument \u00e9lectronique et accessible \u00e0 tous.<\/p>\n<p>Une soir\u00e9e qui s\u2019annonce m\u00e9morable pour tous les passionn\u00e9s de musique \u00e9lectronique de la r\u00e9gion st\u00e9phanoise !<\/p>\n","protected":false},"excerpt":{"rendered":"De 16 heures jusqu\u2019\u00e0 minuit, cet \u00e9tablissement embl\u00e9matique de Saint-\u00c9tienne accueille une c\u00e9l\u00e9bration post-F\u00eate de la Musique enti\u00e8rement&hellip;\n","protected":false},"author":2,"featured_media":188826,"comment_status":"","ping_status":"","sticky":false,"template":"","format":"standard","meta":{"footnotes":""},"categories":[9653],"tags":[1111,11,2430,11500,1777,674,1011,27,3367,873,12,32666,25,4001],"class_list":{"0":"post-188825","1":"post","2":"type-post","3":"status-publish","4":"format-standard","5":"has-post-thumbnail","7":"category-saint-etienne","8":"tag-actu","9":"tag-actualites","10":"tag-auvergne-rhone-alpes","11":"tag-electro","12":"tag-eu","13":"tag-europe","14":"tag-fr","15":"tag-france","16":"tag-loire","17":"tag-musique","18":"tag-news","19":"tag-ninkasi","20":"tag-republique-francaise","21":"tag-saint-etienne"},"share_on_mastodon":{"url":"https:\/\/pubeurope.com\/@fr\/114710981163060459","error":""},"_links":{"self":[{"href":"https:\/\/www.europesays.com\/fr\/wp-json\/wp\/v2\/posts\/188825","targetHints":{"allow":["GET"]}}],"collection":[{"href":"https:\/\/www.europesays.com\/fr\/wp-json\/wp\/v2\/posts"}],"about":[{"href":"https:\/\/www.europesays.com\/fr\/wp-json\/wp\/v2\/types\/post"}],"author":[{"embeddable":true,"href":"https:\/\/www.europesays.com\/fr\/wp-json\/wp\/v2\/users\/2"}],"replies":[{"embeddable":true,"href":"https:\/\/www.europesays.com\/fr\/wp-json\/wp\/v2\/comments?post=188825"}],"version-history":[{"count":0,"href":"https:\/\/www.europesays.com\/fr\/wp-json\/wp\/v2\/posts\/188825\/revisions"}],"wp:featuredmedia":[{"embeddable":true,"href":"https:\/\/www.europesays.com\/fr\/wp-json\/wp\/v2\/media\/188826"}],"wp:attachment":[{"href":"https:\/\/www.europesays.com\/fr\/wp-json\/wp\/v2\/media?parent=188825"}],"wp:term":[{"taxonomy":"category","embeddable":true,"href":"https:\/\/www.europesays.com\/fr\/wp-json\/wp\/v2\/categories?post=188825"},{"taxonomy":"post_tag","embeddable":true,"href":"https:\/\/www.europesays.com\/fr\/wp-json\/wp\/v2\/tags?post=188825"}],"curies":[{"name":"wp","href":"https:\/\/api.w.org\/{rel}","templated":true}]}}