{"id":188839,"date":"2025-06-19T16:36:09","date_gmt":"2025-06-19T16:36:09","guid":{"rendered":"https:\/\/www.europesays.com\/fr\/188839\/"},"modified":"2025-06-19T16:36:09","modified_gmt":"2025-06-19T16:36:09","slug":"sa-fuite-rocambolesque-se-termine-dans-une-fosse-du-tramway","status":"publish","type":"post","link":"https:\/\/www.europesays.com\/fr\/188839\/","title":{"rendered":"sa fuite rocambolesque se termine dans une fosse du tramway"},"content":{"rendered":"<p>            Par<br \/>\n        <strong><br \/>\n            <a href=\"https:\/\/actu.fr\/auteur\/lea-pippinato\" title=\"Consulter tous les articles de L\u00e9a Pippinato\" target=\"_blank\" rel=\"noopener\">L\u00e9a Pippinato<\/a><br \/>\n        <\/strong><\/p>\n<p>        Publi\u00e9 le<\/p>\n<p>            19 juin 2025 \u00e0 18h32        <\/p>\n<p><strong>Ce mercredi 18 juin 2025<\/strong>, vers 15h30, un \u00e9quipage de la brigade de s\u00e9curit\u00e9 routi\u00e8re d\u00e9cide de contr\u00f4ler un v\u00e9hicule circulant avenue de Barcelone, dans le secteur de la Paillade \u00e0 Montpellier. Le conducteur ne s\u2019arr\u00eate pas et prend imm\u00e9diatement la fuite.<\/p>\n<p>    <a href=\"https:\/\/www.google.com\/maps\/embed?pb=!1m18!1m12!1m3!1d23114.090373704526!2d3.8567936!3d43.6011008!2m3!1f0!2f0!3f0!3m2!1i1024!2i768!4f13.1!3m3!1m2!1s0x12b6ac25a5d999b3%3A0x20cd269de1509074!2sAv.%20de%20Barcelone%2C%2034080%20Montpellier!5e0!3m2!1sfr!2sfr!4v1750348736870!5m2!1sfr!2sfr\" title=\"Ouvrie le lien\" target=\"_blank\" rel=\"noopener\">Cliquez ici pour visualiser le contenu<\/a><\/p>\n<p class=\" wall-content\">Le v\u00e9hicule s\u2019engage d\u2019abord rue de Salerne, o\u00f9 il heurte le trottoir \u00e0 deux reprises. Le conducteur poursuit sur l\u2019avenue de l\u2019Europe, o\u00f9 il circule \u00e0 contresens, fr\u00f4lant les voitures arrivant en face. Il ne ralentit pas. Il entre ensuite dans le rond-point Schumann \u00e0 vive allure, sans respecter les r\u00e8gles de priorit\u00e9, puis emprunte l\u2019avenue Heidelberg en passant pr\u00e8s de pi\u00e9tons. Il continue sur l\u2019avenue de Louisville, puis la rue de Leyde, toujours en tentant d\u2019\u00e9chapper aux forces de l\u2019ordre.<\/p>\n<p>Man\u0153uvres risqu\u00e9es et fin de course sur les rails<\/p>\n<p class=\" wall-content\">Bloqu\u00e9 par le trafic, l\u2019homme d\u00e9cide de traverser les voies de tramway en roulant sur des plots en b\u00e9ton. Le v\u00e9hicule subit des d\u00e9g\u00e2ts. Il ralentit, mais reprend les rails quelques m\u00e8tres plus loin. Il finit par tomber dans une fosse technique. Les pneus sont crev\u00e9s. La voiture est immobilis\u00e9e. Le conducteur sort et tente de s\u2019enfuir \u00e0 pied. Les policiers le rattrapent peu apr\u00e8s.<\/p>\n<p class=\" wall-content\">L\u2019homme a 50 ans et r\u00e9side dans le quartier du Petit Bard. Il explique avoir paniqu\u00e9 et d\u00e9clare avoir achet\u00e9 r\u00e9cemment le v\u00e9hicule, qui n\u2019est pas assur\u00e9. Il ne poss\u00e8de pas le permis de conduire. Un test salivaire confirme la pr\u00e9sence de stup\u00e9fiants. Celui-ci reconna\u00eet consommer r\u00e9guli\u00e8rement de l\u2019h\u00e9ro\u00efne. Il est actuellement en garde \u00e0 vue.<\/p>\n<p>Vid\u00e9os : en ce moment sur Actu<\/p>\n<p class=\" wall-content\">Suivez toute l\u2019actualit\u00e9 de vos villes et m\u00e9dias favoris en vous inscrivant \u00e0 <a href=\"https:\/\/moncompte.actu.fr\" title=\"D\u00e9couvez Mon Actu\" rel=\"nofollow noopener\" data-trk=\"{&quot;cta&quot;:{&quot;action&quot;:&quot;https:\\\/\\\/moncompte.actu.fr&quot;,&quot;category&quot;:&quot;mon compte&quot;,&quot;from&quot;:&quot;article footer&quot;,&quot;name&quot;:&quot;Mon actu&quot;,&quot;type&quot;:&quot;cta&quot;}}\" target=\"_blank\">Mon Actu<\/a>.<\/p>\n","protected":false},"excerpt":{"rendered":"Par L\u00e9a Pippinato Publi\u00e9 le 19 juin 2025 \u00e0 18h32 Ce mercredi 18 juin 2025, vers 15h30, un&hellip;\n","protected":false},"author":2,"featured_media":188840,"comment_status":"","ping_status":"","sticky":false,"template":"","format":"standard","meta":{"footnotes":""},"categories":[9599],"tags":[1111,11,1052,1777,674,118,1011,27,2208,12,2680,1072,25,5009],"class_list":{"0":"post-188839","1":"post","2":"type-post","3":"status-publish","4":"format-standard","5":"has-post-thumbnail","7":"category-montpellier","8":"tag-actu","9":"tag-actualites","10":"tag-drogue","11":"tag-eu","12":"tag-europe","13":"tag-faits-divers","14":"tag-fr","15":"tag-france","16":"tag-montpellier","17":"tag-news","18":"tag-occitanie","19":"tag-police","20":"tag-republique-francaise","21":"tag-securite-routiere"},"share_on_mastodon":{"url":"https:\/\/pubeurope.com\/@fr\/114711008634057116","error":""},"_links":{"self":[{"href":"https:\/\/www.europesays.com\/fr\/wp-json\/wp\/v2\/posts\/188839","targetHints":{"allow":["GET"]}}],"collection":[{"href":"https:\/\/www.europesays.com\/fr\/wp-json\/wp\/v2\/posts"}],"about":[{"href":"https:\/\/www.europesays.com\/fr\/wp-json\/wp\/v2\/types\/post"}],"author":[{"embeddable":true,"href":"https:\/\/www.europesays.com\/fr\/wp-json\/wp\/v2\/users\/2"}],"replies":[{"embeddable":true,"href":"https:\/\/www.europesays.com\/fr\/wp-json\/wp\/v2\/comments?post=188839"}],"version-history":[{"count":0,"href":"https:\/\/www.europesays.com\/fr\/wp-json\/wp\/v2\/posts\/188839\/revisions"}],"wp:featuredmedia":[{"embeddable":true,"href":"https:\/\/www.europesays.com\/fr\/wp-json\/wp\/v2\/media\/188840"}],"wp:attachment":[{"href":"https:\/\/www.europesays.com\/fr\/wp-json\/wp\/v2\/media?parent=188839"}],"wp:term":[{"taxonomy":"category","embeddable":true,"href":"https:\/\/www.europesays.com\/fr\/wp-json\/wp\/v2\/categories?post=188839"},{"taxonomy":"post_tag","embeddable":true,"href":"https:\/\/www.europesays.com\/fr\/wp-json\/wp\/v2\/tags?post=188839"}],"curies":[{"name":"wp","href":"https:\/\/api.w.org\/{rel}","templated":true}]}}