{"id":188841,"date":"2025-06-19T16:37:08","date_gmt":"2025-06-19T16:37:08","guid":{"rendered":"https:\/\/www.europesays.com\/fr\/188841\/"},"modified":"2025-06-19T16:37:08","modified_gmt":"2025-06-19T16:37:08","slug":"accidents-gros-bouchons-des-ralentissements-importants-a-prevoir-sur-plusieurs-axes-autour-de-rouen","status":"publish","type":"post","link":"https:\/\/www.europesays.com\/fr\/188841\/","title":{"rendered":"Accidents, gros bouchons&#8230; Des ralentissements importants \u00e0 pr\u00e9voir sur plusieurs axes autour de Rouen"},"content":{"rendered":"<p>            Par<br \/>\n        <strong><br \/>\n            <a href=\"https:\/\/actu.fr\/auteur\/yann-rivallan\" title=\"Consulter tous les articles de Yann Rivallan\" target=\"_blank\" rel=\"noopener\">Yann Rivallan<\/a><br \/>\n        <\/strong><\/p>\n<p>        Publi\u00e9 le<\/p>\n<p>            19 juin 2025 \u00e0 18h21        <\/p>\n<p>\u00c7a bouchonne fort autour de <a href=\"https:\/\/actu.fr\/normandie\/rouen_76540\" target=\"_blank\" rel=\"noopener\">Rouen<\/a>\u00a0en ce d\u00e9but de soir\u00e9e du jeudi 19\u00a0juin 2025. Selon Bison Fut\u00e9, un gros bouchon s\u2019est form\u00e9 <strong>sur la Sud 3<\/strong> dans le sens Rouen \u2013 Paris au niveau de Petit-Couronne, \u00e0 la suite d\u2019un accident. Une voie de circulation est de fait ferm\u00e9e.<\/p>\n<p>Un autre accident sur l\u2019A150<\/p>\n<p class=\" wall-content\">Toujours selon Bison Fut\u00e9, sur l\u2019A150, dans le sens Rouen \u2013 Barentin, un autre accident impliquant <strong>trois voitures et un poids lourd<\/strong> occasionne aussi de gros ralentissements. Comme sur la Sud 3, une voie de circulation est ferm\u00e9e.<\/p>\n<p class=\" wall-content\">Pour l\u2019heure, nous n\u2019avons pas de pr\u00e9cisions sur d\u2019\u00e9ventuelles victimes ou la mobilisation des secours. Ce qui est certain, c\u2019est que si vous empruntez ces routes, il va falloir patienter\u2026<\/p>\n<p class=\" wall-content\">Suivez toute l\u2019actualit\u00e9 de vos villes et m\u00e9dias favoris en vous inscrivant \u00e0 <a href=\"https:\/\/moncompte.actu.fr\" title=\"D\u00e9couvez Mon Actu\" rel=\"nofollow noopener\" data-trk=\"{&quot;cta&quot;:{&quot;action&quot;:&quot;https:\\\/\\\/moncompte.actu.fr&quot;,&quot;category&quot;:&quot;mon compte&quot;,&quot;from&quot;:&quot;article footer&quot;,&quot;name&quot;:&quot;Mon actu&quot;,&quot;type&quot;:&quot;cta&quot;}}\" target=\"_blank\">Mon Actu<\/a>.<\/p>\n","protected":false},"excerpt":{"rendered":"Par Yann Rivallan Publi\u00e9 le 19 juin 2025 \u00e0 18h21 \u00c7a bouchonne fort autour de Rouen\u00a0en ce d\u00e9but&hellip;\n","protected":false},"author":2,"featured_media":188842,"comment_status":"","ping_status":"","sticky":false,"template":"","format":"standard","meta":{"footnotes":""},"categories":[9587],"tags":[1111,11,3542,1777,674,1011,27,12,5161,25,9590,104,3941],"class_list":{"0":"post-188841","1":"post","2":"type-post","3":"status-publish","4":"format-standard","5":"has-post-thumbnail","7":"category-rouen","8":"tag-actu","9":"tag-actualites","10":"tag-circulation","11":"tag-eu","12":"tag-europe","13":"tag-fr","14":"tag-france","15":"tag-news","16":"tag-normandie","17":"tag-republique-francaise","18":"tag-rouen","19":"tag-societe","20":"tag-sud-3-rouen"},"share_on_mastodon":{"url":"https:\/\/pubeurope.com\/@fr\/114711012537563091","error":""},"_links":{"self":[{"href":"https:\/\/www.europesays.com\/fr\/wp-json\/wp\/v2\/posts\/188841","targetHints":{"allow":["GET"]}}],"collection":[{"href":"https:\/\/www.europesays.com\/fr\/wp-json\/wp\/v2\/posts"}],"about":[{"href":"https:\/\/www.europesays.com\/fr\/wp-json\/wp\/v2\/types\/post"}],"author":[{"embeddable":true,"href":"https:\/\/www.europesays.com\/fr\/wp-json\/wp\/v2\/users\/2"}],"replies":[{"embeddable":true,"href":"https:\/\/www.europesays.com\/fr\/wp-json\/wp\/v2\/comments?post=188841"}],"version-history":[{"count":0,"href":"https:\/\/www.europesays.com\/fr\/wp-json\/wp\/v2\/posts\/188841\/revisions"}],"wp:featuredmedia":[{"embeddable":true,"href":"https:\/\/www.europesays.com\/fr\/wp-json\/wp\/v2\/media\/188842"}],"wp:attachment":[{"href":"https:\/\/www.europesays.com\/fr\/wp-json\/wp\/v2\/media?parent=188841"}],"wp:term":[{"taxonomy":"category","embeddable":true,"href":"https:\/\/www.europesays.com\/fr\/wp-json\/wp\/v2\/categories?post=188841"},{"taxonomy":"post_tag","embeddable":true,"href":"https:\/\/www.europesays.com\/fr\/wp-json\/wp\/v2\/tags?post=188841"}],"curies":[{"name":"wp","href":"https:\/\/api.w.org\/{rel}","templated":true}]}}