{"id":188851,"date":"2025-06-19T16:42:09","date_gmt":"2025-06-19T16:42:09","guid":{"rendered":"https:\/\/www.europesays.com\/fr\/188851\/"},"modified":"2025-06-19T16:42:09","modified_gmt":"2025-06-19T16:42:09","slug":"une-chanteuse-de-the-voice-annoncee-pour-la-fete-de-la-musique","status":"publish","type":"post","link":"https:\/\/www.europesays.com\/fr\/188851\/","title":{"rendered":"une chanteuse de The Voice annonc\u00e9e pour la F\u00eate de la musique"},"content":{"rendered":"<p>            Par<br \/>\n        <strong><br \/>\n            <a href=\"https:\/\/actu.fr\/auteur\/redaction-jv\" title=\"Consulter tous les articles de R\u00e9daction Vitr\u00e9\" rel=\"nofollow noopener\" target=\"_blank\">R\u00e9daction Vitr\u00e9<\/a><br \/>\n        <\/strong><\/p>\n<p>        Publi\u00e9 le<\/p>\n<p>            19 juin 2025 \u00e0 18h17        <\/p>\n<p>La commune de <b>Nouvoitou<\/b> (Ille-et-Vilaine), pr\u00e8s de Rennes, donne rendez-vous ce<b> vendredi 20\u00a0juin<\/b> de <b>19\u2009h \u00e0 22\u2009h<\/b>, au c\u0153ur du centre-bourg, pour une nouvelle \u00e9dition de la F\u00eate de la musique.<\/p>\n<p>Sorenza, participante \u00e0 The Voice 2025<\/p>\n<p class=\" wall-content\"><b>Trois concerts<\/b> se succ\u00e9deront\u2009: le trio <b>Tirami Swing<\/b> entamera les festivit\u00e9s, puis ce sera au tour de la chanteuse <b>Sorenza,<\/b> participante \u00e0<b> The Voice 2025, <\/b>et de son guitariste de monter sur sc\u00e8ne, avant de laisser la place \u00e0 DJ Mazro pour finir la soir\u00e9e.<\/p>\n<p class=\" wall-content\">Cet \u00e9v\u00e9nement est organis\u00e9 par la commune de Nouvoitou en partenariat avec les restaurants L\u2019Entre-temps et Les saveurs de Nicolas. Une buvette et une offre de restauration seront propos\u00e9es sur place d\u00e8s 19\u2009h.<\/p>\n<p class=\" wall-content\">La r<b>\u00e9servation est conseill\u00e9e <\/b>aupr\u00e8s du restaurant Les Saveurs de Nicolas (par t\u00e9l\u00e9phone au 02\u200923\u200937\u200925\u200999).<\/p>\n<p class=\" wall-content\">\u00ab\u2009Afin d\u2019assurer le bon d\u00e9roul\u00e9 de la manifestation, un blocage de la circulation sera appliqu\u00e9 sur la place de l\u2019\u00c9glise de 17\u2009h \u00e0 1\u2009h du c\u00f4t\u00e9 de la rue de Vern depuis le restaurant L\u2019Entre Temps et jusqu\u2019au croisement des rues de Domloup et Ch\u00e2teaugiron. Une d\u00e9viation sera mise en place sur ces deux rues\u2009\u00bb, informe la mairie.<\/p>\n<p>Vid\u00e9os : en ce moment sur ActuLe programme<\/p>\n<ul class=\" wall-content\">\n<li>19\u2009h \u00e0 20\u2009h. Tirami Swing. Ces amis musiciens proposent des concerts swing-jazz manouche et rumba, o\u00f9 reprises de standards jazz se m\u00ealent aux compositions de Tristan (Nadia, valse \u00e0 Viggo, Catchassa, Tiramiswing, valse \u00e0 Titou\u2026). Un trio aux influences musicales tr\u00e8s vari\u00e9es, allant du jazz \u00e0 la musique afro-cubaine en passant par le flamenco. La formation est compos\u00e9e de Tristan \u00e0 la guitare solo, Claude \u00e0 la guitare rythmique, et Sylvain \u00e0 la contre-basse.<\/li>\n<li>20\u2009h \u00e0 21\u2009h. Sorenza. Sorenza, ancienne professeure des \u00e9coles de 26\u00a0ans, a quitt\u00e9 l\u2019\u00e9cole pour essayer de vivre de la musique. C\u2019est gr\u00e2ce \u00e0 l\u2019aventure The Voice et \u00e0 son coach Vianney qu\u2019elle a trouv\u00e9 le courage de se lancer et de partir \u00e0 la rencontre du public. Accompagn\u00e9e de son ami et guitariste Alban, elle vous propose un set d\u2019une heure qui m\u00ealera compositions et reprises. Son univers se traduit principalement par de la chanson fran\u00e7aise bien qu\u2019elle reprenne \u00e9galement quelques titres pop\/rock anglais.<\/li>\n<li>21\u2009h \u00e0 22\u2009h. DJ Mazro. DJ \u00e9clectique, DJ Mazro se nourrit de toutes les influences musicales. Depuis une dizaine d\u2019ann\u00e9es, il s\u2019est plong\u00e9 dans l\u2019univers de l\u2019\u00e9lectro, avec une affinit\u00e9 particuli\u00e8re pour la French Touch, la funky house et la tech house.<\/li>\n<\/ul>\n<p class=\" wall-content\">Suivez toute l\u2019actualit\u00e9 de vos villes et m\u00e9dias favoris en vous inscrivant \u00e0 <a href=\"https:\/\/moncompte.actu.fr\" title=\"D\u00e9couvez Mon Actu\" rel=\"nofollow noopener\" data-trk=\"{&quot;cta&quot;:{&quot;action&quot;:&quot;https:\\\/\\\/moncompte.actu.fr&quot;,&quot;category&quot;:&quot;mon compte&quot;,&quot;from&quot;:&quot;article footer&quot;,&quot;name&quot;:&quot;Mon actu&quot;,&quot;type&quot;:&quot;cta&quot;}}\" target=\"_blank\">Mon Actu<\/a>.<\/p>\n<ul class=\"ac-article-tag wall-content\">\n<li><a href=\"https:\/\/actu.fr\/tag\/fete-de-la-musique\" data-trk=\"{&quot;cta&quot;:{&quot;action&quot;:&quot;F\\u00eate de la musique&quot;,&quot;category&quot;:&quot;tag&quot;,&quot;from&quot;:&quot;article footer&quot;,&quot;name&quot;:&quot;F\\u00eate de la musique&quot;,&quot;type&quot;:&quot;cta&quot;}}\" rel=\"nofollow noopener\" target=\"_blank\">#F\u00eate de la musique<\/a><\/li>\n<li><a href=\"https:\/\/actu.fr\/tag\/musique\" data-trk=\"{&quot;cta&quot;:{&quot;action&quot;:&quot;Musique&quot;,&quot;category&quot;:&quot;tag&quot;,&quot;from&quot;:&quot;article footer&quot;,&quot;name&quot;:&quot;Musique&quot;,&quot;type&quot;:&quot;cta&quot;}}\" rel=\"nofollow noopener\" target=\"_blank\">#Musique<\/a><\/li>\n<\/ul>\n","protected":false},"excerpt":{"rendered":"Par R\u00e9daction Vitr\u00e9 Publi\u00e9 le 19 juin 2025 \u00e0 18h17 La commune de Nouvoitou (Ille-et-Vilaine), pr\u00e8s de Rennes,&hellip;\n","protected":false},"author":2,"featured_media":188852,"comment_status":"","ping_status":"","sticky":false,"template":"","format":"standard","meta":{"footnotes":""},"categories":[2821],"tags":[1111,11,829,1777,674,25885,1011,27,1652,873,12,584,25],"class_list":{"0":"post-188851","1":"post","2":"type-post","3":"status-publish","4":"format-standard","5":"has-post-thumbnail","7":"category-rennes","8":"tag-actu","9":"tag-actualites","10":"tag-bretagne","11":"tag-eu","12":"tag-europe","13":"tag-fete-de-la-musique","14":"tag-fr","15":"tag-france","16":"tag-loisirs-culture","17":"tag-musique","18":"tag-news","19":"tag-rennes","20":"tag-republique-francaise"},"share_on_mastodon":{"url":"https:\/\/pubeurope.com\/@fr\/114711032188601465","error":""},"_links":{"self":[{"href":"https:\/\/www.europesays.com\/fr\/wp-json\/wp\/v2\/posts\/188851","targetHints":{"allow":["GET"]}}],"collection":[{"href":"https:\/\/www.europesays.com\/fr\/wp-json\/wp\/v2\/posts"}],"about":[{"href":"https:\/\/www.europesays.com\/fr\/wp-json\/wp\/v2\/types\/post"}],"author":[{"embeddable":true,"href":"https:\/\/www.europesays.com\/fr\/wp-json\/wp\/v2\/users\/2"}],"replies":[{"embeddable":true,"href":"https:\/\/www.europesays.com\/fr\/wp-json\/wp\/v2\/comments?post=188851"}],"version-history":[{"count":0,"href":"https:\/\/www.europesays.com\/fr\/wp-json\/wp\/v2\/posts\/188851\/revisions"}],"wp:featuredmedia":[{"embeddable":true,"href":"https:\/\/www.europesays.com\/fr\/wp-json\/wp\/v2\/media\/188852"}],"wp:attachment":[{"href":"https:\/\/www.europesays.com\/fr\/wp-json\/wp\/v2\/media?parent=188851"}],"wp:term":[{"taxonomy":"category","embeddable":true,"href":"https:\/\/www.europesays.com\/fr\/wp-json\/wp\/v2\/categories?post=188851"},{"taxonomy":"post_tag","embeddable":true,"href":"https:\/\/www.europesays.com\/fr\/wp-json\/wp\/v2\/tags?post=188851"}],"curies":[{"name":"wp","href":"https:\/\/api.w.org\/{rel}","templated":true}]}}