{"id":188855,"date":"2025-06-19T16:44:09","date_gmt":"2025-06-19T16:44:09","guid":{"rendered":"https:\/\/www.europesays.com\/fr\/188855\/"},"modified":"2025-06-19T16:44:09","modified_gmt":"2025-06-19T16:44:09","slug":"strasbourg-un-monolithe-sur-le-parvis-de-leglise-saint-paul-pour-eveiller-les-consciences","status":"publish","type":"post","link":"https:\/\/www.europesays.com\/fr\/188855\/","title":{"rendered":"Strasbourg. Un \u00ab\u00a0Monolithe\u00a0\u00bb sur le parvis de l\u2019\u00e9glise Saint-Paul pour \u00e9veiller les consciences"},"content":{"rendered":"<p>\u00ab\u00a0Et si avant de juger, nous essayions de comprendre\u00a0?\u00a0\u00bb peut-on lire au dos du Monolithe V pos\u00e9 devant <a href=\"https:\/\/www.dna.fr\/culture-loisirs\/2024\/12\/03\/dans-son-dernier-numero-un-magazine-confond-l-eglise-saint-paul-et-la-cathedrale-de-strasbourg\" target=\"_blank\" rel=\"nofollow noopener\">l\u2019\u00e9glise r\u00e9form\u00e9e Saint-Paul<\/a>. <a href=\"https:\/\/www.dna.fr\/insolite\/2023\/10\/28\/le-pole-funeraire-accueille-un-monolithe-de-l-artiste-dorota-bednarek\" target=\"_blank\" rel=\"nofollow noopener\">Dorota Bednarek<\/a> veut en faire un porte-voix du d\u00e9litement des valeurs humaines. Celle qui garde toujours en elle une part de sa Pologne natale esp\u00e8re montrer \u00e0 travers <a href=\"https:\/\/www.dna.fr\/insolite\/2023\/10\/28\/le-pole-funeraire-accueille-un-monolithe-de-l-artiste-dorota-bednarek\" target=\"_blank\" rel=\"nofollow noopener\">son \u0153uvre<\/a> qu\u2019un autre monde est possible.<\/p>\n<p>  \u00c9veiller les sens et les consciences<\/p>\n<p>L\u2019imposante r\u00e9alisation de 900\u00a0kilos a n\u00e9cessit\u00e9 six mois de pr\u00e9paration et une semaine compl\u00e8te d\u2019installation. Sa d\u00e9licatesse saute aux yeux en s\u2019approchant du bloc de 2,5 m\u00e8tres sur 2,5 m\u00e8tres. L\u2019orientation du soleil fait scintiller les cristaux argent\u00e9s\u00a0: \u00ab\u00a0Le Monolithe vit et change avec la lumi\u00e8re, comme la mer qui est repr\u00e9sent\u00e9e\u00a0\u00bb, explique Dorota Bednarek. La contemplation passe aussi par la bande-son, m\u00e9lange de chants ang\u00e9liques et de vagues de la mer Baltique. La peintre et sculpteuse invite \u00e9galement au toucher, sens rarement stimul\u00e9 devant une \u0153uvre et d\u00e9clencheur de milliers de r\u00e9actions chimiques.<\/p>\n<p>Ce contenu est bloqu\u00e9 car vous n&rsquo;avez pas accept\u00e9 les cookies et autres traceurs.<\/p>\n<p>En cliquant sur \u00ab J\u2019accepte \u00bb, les cookies et autres traceurs seront d\u00e9pos\u00e9s et vous pourrez visualiser les contenus  (<a href=\"\" class=\"consentModule_policy\" target=\"_blank\" title=\"Consulter la politique de protection des donn\u00e9es du fournisseur\">plus d&rsquo;informations<\/a>).<\/p>\n<p>En cliquant sur \u00ab J\u2019accepte tous les cookies \u00bb, vous autorisez des d\u00e9p\u00f4ts de cookies et autres traceurs pour le stockage de vos donn\u00e9es sur nos sites et applications \u00e0 des fins de personnalisation et de ciblage publicitaire.<\/p>\n<p class=\"consentModule_secondaryText\">Vous gardez la possibilit\u00e9 de retirer votre consentement \u00e0 tout moment en consultant notre <a href=\"https:\/\/www.dna.fr\/protection-des-donnees\" target=\"_blank\" title=\"Consulter notre politique de protection des donn\u00e9es\" rel=\"nofollow noopener\">politique de protection des donn\u00e9es<\/a>. <br \/>&#13;<br \/>\n            <a href=\"https:\/\/www.dna.fr\/culture-loisirs\/2025\/06\/19\/javascript:Didomi.notice.show()\" class=\"consentModule_cmp\" rel=\"nofollow noopener\" target=\"_blank\">G\u00e9rer mes choix<\/a>&#13;\n        <\/p>\n<p>&#13;<br \/>\n                        J&rsquo;accepte&#13;<br \/>\n            J&rsquo;accepte tous les cookies&#13;\n        <\/p>\n<p>Surtout, l\u2019art sert de relais pour les valeurs d\u00e9fendues par Dorota Bednarek. \u00ab\u00a0Le r\u00f4le de l\u2019artiste est de montrer ce qu\u2019on ne voit plus\u00a0\u00bb, pense-t-elle. L\u2019\u0153uvre n\u2019est pas qu\u2019un visuel, elle d\u00e9nonce la perte d\u2019humanit\u00e9\u00a0: \u00ab\u00a0Nous portons tous en nous la poussi\u00e8re de supernova. Quelque part, nous ne formons qu\u2019un.\u00a0\u00bb L\u2019artiste est convaincue que c\u2019est l\u2019\u00e9ducation qui va changer le monde, pas les guerres. Encore faut-il que cette \u00e9ducation rappelle les valeurs humaines aux futures g\u00e9n\u00e9rations.<\/p>\n<p>  C\u00e9l\u00e9brer la culture polonaise<\/p>\n<p>\u00ab\u00a0C\u2019est ma nourriture int\u00e9rieure.\u00a0\u00bb Voil\u00e0 comment Dorota Bednarek \u00e9voque la Pologne, qu\u2019elle a quitt\u00e9e 30 ans plus t\u00f4t. Elle cite quelques mots du po\u00e8te polonais Cyprian Kamil Norwid. M\u00eame si elle a fini par faire de Strasbourg \u00ab\u00a0sa ville de c\u0153ur\u00a0\u00bb, sa terre natale ne cesse de trotter dans sa t\u00eate. Les passants \u00e9changent longuement avec l\u2019artiste et s\u2019arr\u00eatent pour prendre des photos. Zian, Strasbourgeois de 80 ans, en vient m\u00eame \u00e0 parler de son grand-p\u00e8re, arriv\u00e9 en France apr\u00e8s les pogroms de 1891 en Pologne\u00a0: \u00ab\u00a0C\u2019est justement \u00e0 cette \u00e9poque que Cyprian Kamil Norwid a quitt\u00e9 son pays\u00a0\u00bb, indique Dorota Bednarek.<\/p>\n<p>Le Monolithe V n\u2019est pas qu\u2019une \u0153uvre nostalgique puisqu\u2019inscrite dans la pr\u00e9sidence polonaise du Conseil de l\u2019Union europ\u00e9enne, qui prend fin le 30\u00a0juin prochain. La cr\u00e9ation va aussi participer \u00e0 <a href=\"https:\/\/www.dna.fr\/culture-loisirs\/2025\/06\/14\/une-fete-de-la-culture-polonaise-le-22-juin\" target=\"_blank\" rel=\"nofollow noopener\">la f\u00eate de la culture polonaise<\/a> , organis\u00e9e le 22\u00a0juin sur le parvis de l\u2019\u00e9glise. \u00ab\u00a0L\u2019occasion de rencontrer des centaines d\u2019homologues avec qui parler du pays\u00a0\u00bb, conclut Dorota Bednarek.<\/p>\n","protected":false},"excerpt":{"rendered":"\u00ab\u00a0Et si avant de juger, nous essayions de comprendre\u00a0?\u00a0\u00bb peut-on lire au dos du Monolithe V pos\u00e9 devant&hellip;\n","protected":false},"author":2,"featured_media":188856,"comment_status":"","ping_status":"","sticky":false,"template":"","format":"standard","meta":{"footnotes":""},"categories":[2820],"tags":[1111,11,2389,2649,1687,2880,1777,674,2271,107,1011,27,775,1757,12,2661,25,640,2879],"class_list":{"0":"post-188855","1":"post","2":"type-post","3":"status-publish","4":"format-standard","5":"has-post-thumbnail","7":"category-strasbourg","8":"tag-actu","9":"tag-actualites","10":"tag-alsace","11":"tag-bas-rhin","12":"tag-culture-loisirs","13":"tag-edition-strasbourg","14":"tag-eu","15":"tag-europe","16":"tag-exposition-arts-plastiques","17":"tag-fil-info","18":"tag-fr","19":"tag-france","20":"tag-grand-est","21":"tag-insolite","22":"tag-news","23":"tag-patrimoine-culturel","24":"tag-republique-francaise","25":"tag-strasbourg","26":"tag-strasbourg-ville"},"share_on_mastodon":{"url":"https:\/\/pubeurope.com\/@fr\/114711040032616189","error":""},"_links":{"self":[{"href":"https:\/\/www.europesays.com\/fr\/wp-json\/wp\/v2\/posts\/188855","targetHints":{"allow":["GET"]}}],"collection":[{"href":"https:\/\/www.europesays.com\/fr\/wp-json\/wp\/v2\/posts"}],"about":[{"href":"https:\/\/www.europesays.com\/fr\/wp-json\/wp\/v2\/types\/post"}],"author":[{"embeddable":true,"href":"https:\/\/www.europesays.com\/fr\/wp-json\/wp\/v2\/users\/2"}],"replies":[{"embeddable":true,"href":"https:\/\/www.europesays.com\/fr\/wp-json\/wp\/v2\/comments?post=188855"}],"version-history":[{"count":0,"href":"https:\/\/www.europesays.com\/fr\/wp-json\/wp\/v2\/posts\/188855\/revisions"}],"wp:featuredmedia":[{"embeddable":true,"href":"https:\/\/www.europesays.com\/fr\/wp-json\/wp\/v2\/media\/188856"}],"wp:attachment":[{"href":"https:\/\/www.europesays.com\/fr\/wp-json\/wp\/v2\/media?parent=188855"}],"wp:term":[{"taxonomy":"category","embeddable":true,"href":"https:\/\/www.europesays.com\/fr\/wp-json\/wp\/v2\/categories?post=188855"},{"taxonomy":"post_tag","embeddable":true,"href":"https:\/\/www.europesays.com\/fr\/wp-json\/wp\/v2\/tags?post=188855"}],"curies":[{"name":"wp","href":"https:\/\/api.w.org\/{rel}","templated":true}]}}