{"id":188857,"date":"2025-06-19T16:45:11","date_gmt":"2025-06-19T16:45:11","guid":{"rendered":"https:\/\/www.europesays.com\/fr\/188857\/"},"modified":"2025-06-19T16:45:11","modified_gmt":"2025-06-19T16:45:11","slug":"un-differend-de-voisinage-se-termine-a-coups-de-machette-a-nice","status":"publish","type":"post","link":"https:\/\/www.europesays.com\/fr\/188857\/","title":{"rendered":"Un diff\u00e9rend de voisinage se termine \u00e0 coups de machette \u00e0 Nice"},"content":{"rendered":"<p>Les deux hommes se sont donn\u00e9 rendez-vous lundi 16 juin au niveau d\u2019une station-service de <strong>Nice<\/strong> pour r\u00e9gler un <strong>conflit de voisinage<\/strong>.<\/p>\n<p>La situation a rapidement d\u00e9g\u00e9n\u00e9r\u00e9. Un des protagonistes a sorti une <strong>machette<\/strong> et frapp\u00e9 son adversaire au bras et au niveau des c\u00f4tes. Malgr\u00e9 ses blessures, la victime a pu communiquer l\u2019identit\u00e9 de son agresseur, ainsi que la direction de sa <strong>fuite<\/strong>.<\/p>\n<p><strong>D\u00e9tention provisoire<\/strong><\/p>\n<p>Gr\u00e2ce \u00e0 ces informations, le suspect et son chauffeur ont \u00e9t\u00e9 rapidement <strong>retrouv\u00e9s \u00e0 Cagnes-sur-Mer<\/strong> par deux brigades anticriminalit\u00e9, celles du commissariat local et de Nice.<\/p>\n<p>Les deux hommes ont \u00e9t\u00e9 arr\u00eat\u00e9s. Le principal mis en cause a \u00e9t\u00e9 pr\u00e9sent\u00e9 \u00e0 un juge et plac\u00e9 en d\u00e9tention provisoire le temps de l\u2019enqu\u00eate.<\/p>\n","protected":false},"excerpt":{"rendered":"Les deux hommes se sont donn\u00e9 rendez-vous lundi 16 juin au niveau d\u2019une station-service de Nice pour r\u00e9gler&hellip;\n","protected":false},"author":2,"featured_media":188858,"comment_status":"","ping_status":"","sticky":false,"template":"","format":"standard","meta":{"footnotes":""},"categories":[2819],"tags":[1111,11,1777,674,1011,27,303,12,2401,882,25],"class_list":{"0":"post-188857","1":"post","2":"type-post","3":"status-publish","4":"format-standard","5":"has-post-thumbnail","7":"category-nice","8":"tag-actu","9":"tag-actualites","10":"tag-eu","11":"tag-europe","12":"tag-fr","13":"tag-france","14":"tag-justice","15":"tag-news","16":"tag-nice","17":"tag-provence-alpes-cote-dazur","18":"tag-republique-francaise"},"share_on_mastodon":{"url":"https:\/\/pubeurope.com\/@fr\/114711044162782642","error":""},"_links":{"self":[{"href":"https:\/\/www.europesays.com\/fr\/wp-json\/wp\/v2\/posts\/188857","targetHints":{"allow":["GET"]}}],"collection":[{"href":"https:\/\/www.europesays.com\/fr\/wp-json\/wp\/v2\/posts"}],"about":[{"href":"https:\/\/www.europesays.com\/fr\/wp-json\/wp\/v2\/types\/post"}],"author":[{"embeddable":true,"href":"https:\/\/www.europesays.com\/fr\/wp-json\/wp\/v2\/users\/2"}],"replies":[{"embeddable":true,"href":"https:\/\/www.europesays.com\/fr\/wp-json\/wp\/v2\/comments?post=188857"}],"version-history":[{"count":0,"href":"https:\/\/www.europesays.com\/fr\/wp-json\/wp\/v2\/posts\/188857\/revisions"}],"wp:featuredmedia":[{"embeddable":true,"href":"https:\/\/www.europesays.com\/fr\/wp-json\/wp\/v2\/media\/188858"}],"wp:attachment":[{"href":"https:\/\/www.europesays.com\/fr\/wp-json\/wp\/v2\/media?parent=188857"}],"wp:term":[{"taxonomy":"category","embeddable":true,"href":"https:\/\/www.europesays.com\/fr\/wp-json\/wp\/v2\/categories?post=188857"},{"taxonomy":"post_tag","embeddable":true,"href":"https:\/\/www.europesays.com\/fr\/wp-json\/wp\/v2\/tags?post=188857"}],"curies":[{"name":"wp","href":"https:\/\/api.w.org\/{rel}","templated":true}]}}