{"id":188861,"date":"2025-06-19T16:47:09","date_gmt":"2025-06-19T16:47:09","guid":{"rendered":"https:\/\/www.europesays.com\/fr\/188861\/"},"modified":"2025-06-19T16:47:09","modified_gmt":"2025-06-19T16:47:09","slug":"gina-est-la-premiere-etape-dun-quartier-de-la-sante-unique-en-france","status":"publish","type":"post","link":"https:\/\/www.europesays.com\/fr\/188861\/","title":{"rendered":"Gina est la premi\u00e8re \u00e9tape d&rsquo;un \u00ab\u00a0quartier de la sant\u00e9 unique\u00a0\u00bb en France"},"content":{"rendered":"<p>            Par<br \/>\n        <strong><br \/>\n            <a href=\"https:\/\/actu.fr\/auteur\/thomas-bernard\" title=\"Consulter tous les articles de Thomas Bernard\" target=\"_blank\" rel=\"noopener\">Thomas Bernard<\/a><br \/>\n        <\/strong><\/p>\n<p>        Publi\u00e9 le<\/p>\n<p>            19 juin 2025 \u00e0 18h24        <\/p>\n<p>\u00c0 quelques m\u00e8tres du <a href=\"https:\/\/actu.fr\/pays-de-la-loire\/nantes_44109\/futur-chu-de-nantes-les-images-d-un-chantier-titanesque-a-plus-d-un-milliard-d-euros_62203876.html\" target=\"_blank\" rel=\"noopener\">chantier du futur CHU de Nantes<\/a>, un \u00e9difice \u00e0 la devanture verte et en bois est sorti de terre. <strong>Gina,<\/strong> c\u2019est le nom de ce nouveau b\u00e2timent, d\u00e9fini comme un <strong>incubateur en innovation de la sant\u00e9.<\/strong><\/p>\n<p class=\" wall-content\">Ce jeudi 19\u00a0juin 2025, Nantes M\u00e9tropole et ses partenaires, ont inaugur\u00e9 Gina, un lieu totem du <strong>projet \u00ab\u2009Station S\u2009\u00bb,<\/strong> qui \u00e0 terme doit permettre d\u2019h\u00e9berger 1\u2009000\u00a0acteurs au c\u0153ur du quartier de la sant\u00e9 sur l\u2019\u00eele de Nantes.<\/p>\n<p>\u00ab\u2009Un lieu unique\u2009\u00bb<\/p>\n<p class=\" wall-content\">R\u00e9parti sur six \u00e9tages et dot\u00e9 d\u2019une surface de 5\u2009500\u00a0m2, le nouvel \u00e9quipement propose des bureaux et ateliers <strong>pour accueillir en un m\u00eame lieu<\/strong> divers acteurs de la sant\u00e9\u2009: professionnels, chercheurs, entrepreneurs, collectivit\u00e9 et investisseurs.<\/p>\n<p class=\" wall-content\">PME, ETI, startups, incubateurs sp\u00e9cialis\u00e9s en sant\u00e9 pourront <strong>\u00e9changer et mutualiser<\/strong> leurs solutions dans l\u2019h\u00f4tel d\u2019entreprises de Nantes M\u00e9tropole.<\/p>\n<blockquote class=\"ac-article-quote wall-content\">\n<p>Dans les 20 ans \u00e0 venir, nous voulons doubler le nombre d&rsquo;ETI. Pour cela, nous avons besoin : de recherche acad\u00e9mique avec le CHU et l&rsquo;Universit\u00e9, de finances en attirant des investisseurs ce dont nous sommes sous-dot\u00e9s sur le territoire par rapport \u00e0 notre dynamisme, et d&rsquo;un terrain de jeu. Ce dernier est en train d&rsquo;\u00eatre construit. \u00a0<\/p>\n<p>    <strong>Franck Grimaud<\/strong><br \/>\n        Pr\u00e9sident d&rsquo;Atlanpole Biotherapies    <\/p><\/blockquote>\n<p class=\" wall-content\">\u00c0 ce jour, <strong>32 entit\u00e9s ont confirm\u00e9 leur installation<\/strong> au sein du b\u00e2timent comme le CHU de Nantes, Atlanpole, ou bien Nantes M\u00e9tropole. Selon la collectivit\u00e9, plus de 60\u2009% des emplacements ont d\u00e9j\u00e0 \u00e9t\u00e9 r\u00e9serv\u00e9s.<\/p>\n<p class=\" wall-content\">\u00ab\u2009C\u2019est un lieu unique qui permet d\u2019attirer <strong>des talents de demain<\/strong> comme des chercheurs, entrepreneurs et investisseurs\u2009\u00bb, d\u00e9taille Fr\u00e9d\u00e9ric Jacquemin vice-pr\u00e9sident innovation et partenariats, I-Site de Nantes Universit\u00e9.<\/p>\n<p class=\" wall-content\">Gina est l\u2019une des deux facettes du projet Station S. \u00c0 Horizon 2030, l\u2019archipel de sant\u00e9 Station S pr\u00e9voit la cr\u00e9ation d\u2019un espace d\u2019innovation en sant\u00e9 de <strong>30\u2009000\u00a0m2 au sein du quartier R\u00e9publique<\/strong> et la construction d\u2019un bioparc de 100\u2009000\u00a0m2 \u00e0 <a href=\"https:\/\/actu.fr\/pays-de-la-loire\/saint-herblain_44162\" target=\"_blank\" rel=\"noopener\">Saint-Herblain<\/a>.<\/p>\n<p>Une ambition europ\u00e9enne<\/p>\n<p class=\" wall-content\">Au sein du nouveau quartier R\u00e9publique, le b\u00e2timent Gina abrite une offre de service pour accompagner des solutions innovantes\u2009: \u00ab\u2009La Fabrique de l\u2019innovation en sant\u00e9\u00ae\u00bb.<\/p>\n<p class=\" wall-content\">Cet espace s\u2019adresse aux entrepreneurs, professionnels de l\u2019h\u00f4pital, aux \u00e9tudiants et chercheurs du P\u00f4le Universitaire d\u2019innovation (PUI) Nantes Universit\u00e9. \u00ab\u2009Cette offre de service propose un accompagnement sur mesure, de l\u2019id\u00e9e jusqu\u2019\u00e0 la mise sur le march\u00e9, pour amener l\u2019innovation au plus proche du patient\u2009\u00bb, compl\u00e8te Nantes M\u00e9tropole.<\/p>\n<p class=\" wall-content\">\u00ab\u2009La Fabrique de l\u2019innovation est unique, <strong>il existe d\u2019autres mod\u00e8les en Europe mais pas en France\u2009\u00bb<\/strong>, souligne Philippe El Sa\u00efr, directeur g\u00e9n\u00e9ral du CHU de Nantes.<\/p>\n<p class=\" wall-content\">Au c\u0153ur <a href=\"https:\/\/actu.fr\/pays-de-la-loire\/nantes_44109\/sur-l-ile-de-nantes-le-nouveau-quartier-republique-prend-vie_61766997.html\" target=\"_blank\" rel=\"noopener\">du quartier R\u00e9publique<\/a>, en plein renouveau, le b\u00e2timent Gina s\u2019int\u00e8gre dans le futur \u00ab\u2009quartier de la sant\u00e9\u2009\u00bb, dessin\u00e9 \u00e0 la pointe sud-ouest de l\u2019\u00eele de Nantes, aux c\u00f4t\u00e9s du futur CHU de Nantes et du <a href=\"https:\/\/actu.fr\/pays-de-la-loire\/nantes_44109\/sur-l-ile-de-nantes-ce-futur-campus-sante-accueillera-pres-de-7000-eleves_62690024.html\" target=\"_blank\" rel=\"noopener\">campus sant\u00e9<\/a>.<\/p>\n<p>    <img   decoding=\"async\" loading=\"lazy\" src=\"https:\/\/www.europesays.com\/fr\/wp-content\/uploads\/2025\/06\/gina-nantes-interieur-960x640.jpeg\" alt=\"R\u00e9parti sur six \u00e9tages, le b\u00e2timent propose des bureaux et ateliers pour r\u00e9unir m\u00e9decins, entrepreneurs, investisseurs et patients en un m\u00eame lieu.  \" width=\"960\" height=\"640\"\/><br \/>\n    R\u00e9parti sur six \u00e9tages, le b\u00e2timent propose des bureaux et ateliers pour r\u00e9unir m\u00e9decins, entrepreneurs, investisseurs et patients en un m\u00eame lieu. (\u00a9Thomas Bernard \/ actu Nantes)<\/p>\n<p class=\" wall-content\">\u00ab\u2009Gina, le CHU et le campus Franceline-Ribard composent le futur quartier de la sant\u00e9. Un quartier de la sant\u00e9 unique en France\u2009\u00bb, affirme Johanna Rolland, pr\u00e9sidente de Nantes-M\u00e9tropole.<\/p>\n<p class=\" wall-content\">Avec ce projet, Nantes M\u00e9tropole et les partenaires impliqu\u00e9s ambitionnent de faire du territoire un <strong>\u00ab\u2009p\u00f4le d\u2019excellence europ\u00e9en en sant\u00e9 du futur\u2009\u00bb<\/strong>.<\/p>\n<p class=\" wall-content\">\u00ab\u2009Ce nouveau b\u00e2timent totem, Gina, est une premi\u00e8re \u00e9tape pour cr\u00e9er une masse critique de 1\u2009000 chercheurs startupers, autour du nouveau CHU et symbolise notre engagement collectif \u00e0 faire du Grand Ouest un leader europ\u00e9en de la sant\u00e9\u2009\u00bb, conclut Franck Grimaud.<\/p>\n<p class=\" wall-content\">Suivez toute l\u2019actualit\u00e9 de vos villes et m\u00e9dias favoris en vous inscrivant \u00e0 <a href=\"https:\/\/moncompte.actu.fr\" title=\"D\u00e9couvez Mon Actu\" rel=\"nofollow noopener\" data-trk=\"{&quot;cta&quot;:{&quot;action&quot;:&quot;https:\\\/\\\/moncompte.actu.fr&quot;,&quot;category&quot;:&quot;mon compte&quot;,&quot;from&quot;:&quot;article footer&quot;,&quot;name&quot;:&quot;Mon actu&quot;,&quot;type&quot;:&quot;cta&quot;}}\" target=\"_blank\">Mon Actu<\/a>.<\/p>\n","protected":false},"excerpt":{"rendered":"Par Thomas Bernard Publi\u00e9 le 19 juin 2025 \u00e0 18h24 \u00c0 quelques m\u00e8tres du chantier du futur CHU&hellip;\n","protected":false},"author":2,"featured_media":188862,"comment_status":"","ping_status":"","sticky":false,"template":"","format":"standard","meta":{"footnotes":""},"categories":[2818],"tags":[1111,11,7426,1777,674,1011,27,6945,766,12,2636,25,71,104],"class_list":{"0":"post-188861","1":"post","2":"type-post","3":"status-publish","4":"format-standard","5":"has-post-thumbnail","7":"category-nantes","8":"tag-actu","9":"tag-actualites","10":"tag-chu-de-nantes","11":"tag-eu","12":"tag-europe","13":"tag-fr","14":"tag-france","15":"tag-johanna-rolland","16":"tag-nantes","17":"tag-news","18":"tag-pays-de-la-loire","19":"tag-republique-francaise","20":"tag-sante","21":"tag-societe"},"share_on_mastodon":{"url":"https:\/\/pubeurope.com\/@fr\/114711051931156868","error":""},"_links":{"self":[{"href":"https:\/\/www.europesays.com\/fr\/wp-json\/wp\/v2\/posts\/188861","targetHints":{"allow":["GET"]}}],"collection":[{"href":"https:\/\/www.europesays.com\/fr\/wp-json\/wp\/v2\/posts"}],"about":[{"href":"https:\/\/www.europesays.com\/fr\/wp-json\/wp\/v2\/types\/post"}],"author":[{"embeddable":true,"href":"https:\/\/www.europesays.com\/fr\/wp-json\/wp\/v2\/users\/2"}],"replies":[{"embeddable":true,"href":"https:\/\/www.europesays.com\/fr\/wp-json\/wp\/v2\/comments?post=188861"}],"version-history":[{"count":0,"href":"https:\/\/www.europesays.com\/fr\/wp-json\/wp\/v2\/posts\/188861\/revisions"}],"wp:featuredmedia":[{"embeddable":true,"href":"https:\/\/www.europesays.com\/fr\/wp-json\/wp\/v2\/media\/188862"}],"wp:attachment":[{"href":"https:\/\/www.europesays.com\/fr\/wp-json\/wp\/v2\/media?parent=188861"}],"wp:term":[{"taxonomy":"category","embeddable":true,"href":"https:\/\/www.europesays.com\/fr\/wp-json\/wp\/v2\/categories?post=188861"},{"taxonomy":"post_tag","embeddable":true,"href":"https:\/\/www.europesays.com\/fr\/wp-json\/wp\/v2\/tags?post=188861"}],"curies":[{"name":"wp","href":"https:\/\/api.w.org\/{rel}","templated":true}]}}