{"id":188865,"date":"2025-06-19T16:49:09","date_gmt":"2025-06-19T16:49:09","guid":{"rendered":"https:\/\/www.europesays.com\/fr\/188865\/"},"modified":"2025-06-19T16:49:09","modified_gmt":"2025-06-19T16:49:09","slug":"on-voulait-un-lieu-simple-sans-chichi","status":"publish","type":"post","link":"https:\/\/www.europesays.com\/fr\/188865\/","title":{"rendered":"On voulait un lieu simple, sans chichi"},"content":{"rendered":"<p>            Par<br \/>\n        <strong><br \/>\n            <a href=\"https:\/\/actu.fr\/auteur\/sports33\" title=\"Consulter tous les articles de Nicolas Gosselin\" rel=\"nofollow noopener\" target=\"_blank\">Nicolas Gosselin<\/a><br \/>\n        <\/strong><\/p>\n<p>        Publi\u00e9 le<\/p>\n<p>            19 juin 2025 \u00e0 18h02        <\/p>\n<p>Apr\u00e8s une aventure longue de plus de dix ans, le <a href=\"https:\/\/actu.fr\/nouvelle-aquitaine\/bordeaux_33063\/carte-interactive-50-restaurants-a-tester-a-bordeaux-voici-notre-liste-des-bonnes-adresses_62097155.html\" rel=\"nofollow noopener\" target=\"_blank\">restaurant Chez ta m\u00e8re<\/a> a d\u00e9finitivement baiss\u00e9 le rideau le 1er f\u00e9vrier 2025 mais cette <strong>institution bordelaise<\/strong> a \u00e9t\u00e9 remplac\u00e9e par un nouveau lieu <strong>abordable<\/strong> et <strong>convivial<\/strong> : le <strong>bar Sauvageau<\/strong>, ouvert depuis le 16 mai dernier.<\/p>\n<p class=\" wall-content\">Situ\u00e9 dans la rue \u00e9ponyme, ce troquet a gard\u00e9 <strong>l\u2019\u00e2me et l\u2019ambiance de son pr\u00e9d\u00e9cesseur<\/strong> : le mobilier en formica, une offre simple et bon march\u00e9 ou encore ce c\u00f4t\u00e9 populaire. \u00ab\u00a0On a juste refait le plafond, les WC, les peintures\u2026 Le lieu \u00e9tait plus ou moins pareil avant mais c\u2019\u00e9tait dans son jus\u00a0\u00bb, \u00e9voque Pauline <strong>Broustet<\/strong>, l\u2019une des deux patronnes.<\/p>\n<p>Deux associ\u00e9es avec une solide exp\u00e9rience<\/p>\n<p class=\" wall-content\">Cette femme de 28 ans s\u2019est associ\u00e9e dans cette nouvelle aventure avec <strong>Emma Labrousse<\/strong>, sa cadette de deux ans. Elles se sont connues dans le milieu de la restauration o\u00f9 elles ont toutes les deux une solide exp\u00e9rience. La premi\u00e8re a travaill\u00e9 durant quasi dix ans \u00e0 la Maison m\u00e8re, o\u00f9 elle a fini directrice, et la seconde avait des responsabilit\u00e9s au bar Simone.<\/p>\n<p class=\" wall-content\">\u00ab\u00a0On a toujours aim\u00e9 notre m\u00e9tier \u2013 ce qui n\u2019est pas chose acquise dans ce milieu \u2013 et on avait toutes les deux <strong>l\u2019envie d\u2019entreprendre<\/strong>, d\u00e9veloppe Pauline Broustet. En discutant ensemble, \u00e7a a tout de suite match\u00e9. On avait la m\u00eame vision des choses.\u00a0\u00bb Et elles ont eu un coup de c\u0153ur pour le lieu.<\/p>\n<p>    <img   decoding=\"async\" loading=\"lazy\" src=\"https:\/\/www.europesays.com\/fr\/wp-content\/uploads\/2025\/06\/bar-sauvageau-5-960x640.jpg\" alt=\"Emma Labrousse et Pauline Broustet sont les g\u00e9rantes du bar Sauvageau.\" width=\"960\" height=\"640\"\/><br \/>\n    Les deux associ\u00e9es ont donn\u00e9 \u00e0 leur bar une \u00e2me de troquet. (\u00a9Actu Bordeaux \/ Nicolas Gosselin)Vid\u00e9os : en ce moment sur Actu<\/p>\n<p class=\" wall-content\"><strong>Ouvert tous les jours<\/strong>, du matin au soir (sauf les dimanches, lundis et mardis), le Sauvageau est un <strong>vrai bar de quartier<\/strong>. Le matin, c\u2019est \u0153uf cocotte, tartines et caf\u00e9. Le midi, les patronnes proposent des <strong>sandwichs <\/strong>et le soir, on retrouve des<strong> petites assiettes \u00e0 partager <\/strong>(de 6 \u00e0 9 euros) avec des grands <strong>classiques<\/strong> : terrine de campagne, \u0153ufs mayo, rillettes de thon, tapenade\u2026 Et quasiment tout est fait maison.<\/p>\n<p class=\" wall-content\">La recette du Sauvageau est efficace : \u00ab\u00a0Un lieu simple, sans chichi\u00a0\u00bb, pr\u00e9sente Pauline Broustet. \u00ab\u00a0Et des prix abordables avec le <strong>caf\u00e9 \u00e0 1,50 euro<\/strong>, le Ricard \u00e0 2 euros ou la <strong>pinte de blonde \u00e0 6 euros\u00a0\u00bb<\/strong>, abonde Emma Labrousse. Sans oublier : une <strong>belle terrasse<\/strong>.<\/p>\n<p>Horaires : ouvert de 9h \u00e0 minuit, du mercredi au samedi, et de 9h \u00e0 15h, du dimanche au mardi. 12 rue Camille Sauvageau, 33800 Bordeaux.<\/p>\n<p class=\" wall-content\">Suivez toute l\u2019actualit\u00e9 de vos villes et m\u00e9dias favoris en vous inscrivant \u00e0 <a href=\"https:\/\/moncompte.actu.fr\" title=\"D\u00e9couvez Mon Actu\" rel=\"nofollow noopener\" data-trk=\"{&quot;cta&quot;:{&quot;action&quot;:&quot;https:\\\/\\\/moncompte.actu.fr&quot;,&quot;category&quot;:&quot;mon compte&quot;,&quot;from&quot;:&quot;article footer&quot;,&quot;name&quot;:&quot;Mon actu&quot;,&quot;type&quot;:&quot;cta&quot;}}\" target=\"_blank\">Mon Actu<\/a>.<\/p>\n","protected":false},"excerpt":{"rendered":"Par Nicolas Gosselin Publi\u00e9 le 19 juin 2025 \u00e0 18h02 Apr\u00e8s une aventure longue de plus de dix&hellip;\n","protected":false},"author":2,"featured_media":188866,"comment_status":"","ping_status":"","sticky":false,"template":"","format":"standard","meta":{"footnotes":""},"categories":[2817],"tags":[1111,11,1997,215,1777,674,1011,27,12,2219,25,1340,104],"class_list":{"0":"post-188865","1":"post","2":"type-post","3":"status-publish","4":"format-standard","5":"has-post-thumbnail","7":"category-bordeaux","8":"tag-actu","9":"tag-actualites","10":"tag-bordeaux","11":"tag-commerce","12":"tag-eu","13":"tag-europe","14":"tag-fr","15":"tag-france","16":"tag-news","17":"tag-nouvelle-aquitaine","18":"tag-republique-francaise","19":"tag-restaurant","20":"tag-societe"},"share_on_mastodon":{"url":"https:\/\/pubeurope.com\/@fr\/114711059900397618","error":""},"_links":{"self":[{"href":"https:\/\/www.europesays.com\/fr\/wp-json\/wp\/v2\/posts\/188865","targetHints":{"allow":["GET"]}}],"collection":[{"href":"https:\/\/www.europesays.com\/fr\/wp-json\/wp\/v2\/posts"}],"about":[{"href":"https:\/\/www.europesays.com\/fr\/wp-json\/wp\/v2\/types\/post"}],"author":[{"embeddable":true,"href":"https:\/\/www.europesays.com\/fr\/wp-json\/wp\/v2\/users\/2"}],"replies":[{"embeddable":true,"href":"https:\/\/www.europesays.com\/fr\/wp-json\/wp\/v2\/comments?post=188865"}],"version-history":[{"count":0,"href":"https:\/\/www.europesays.com\/fr\/wp-json\/wp\/v2\/posts\/188865\/revisions"}],"wp:featuredmedia":[{"embeddable":true,"href":"https:\/\/www.europesays.com\/fr\/wp-json\/wp\/v2\/media\/188866"}],"wp:attachment":[{"href":"https:\/\/www.europesays.com\/fr\/wp-json\/wp\/v2\/media?parent=188865"}],"wp:term":[{"taxonomy":"category","embeddable":true,"href":"https:\/\/www.europesays.com\/fr\/wp-json\/wp\/v2\/categories?post=188865"},{"taxonomy":"post_tag","embeddable":true,"href":"https:\/\/www.europesays.com\/fr\/wp-json\/wp\/v2\/tags?post=188865"}],"curies":[{"name":"wp","href":"https:\/\/api.w.org\/{rel}","templated":true}]}}