{"id":188874,"date":"2025-06-19T16:54:15","date_gmt":"2025-06-19T16:54:15","guid":{"rendered":"https:\/\/www.europesays.com\/fr\/188874\/"},"modified":"2025-06-19T16:54:15","modified_gmt":"2025-06-19T16:54:15","slug":"dans-le-vieux-lille-le-restaurant-epicerie-la-piazzetta-permet-de-faire-le-plein-de-saveurs-italiennes","status":"publish","type":"post","link":"https:\/\/www.europesays.com\/fr\/188874\/","title":{"rendered":"Dans le Vieux-Lille, le restaurant-\u00e9picerie La Piazzetta permet de faire le plein de saveurs italiennes"},"content":{"rendered":"<p>            Par<br \/>\n        <strong><br \/>\n            <a href=\"https:\/\/actu.fr\/auteur\/hervine-mahaud\" title=\"Consulter tous les articles de Hervine Mahaud\" target=\"_blank\" rel=\"noopener\">Hervine Mahaud<\/a><br \/>\n        <\/strong><\/p>\n<p>        Publi\u00e9 le<\/p>\n<p>            19 juin 2025 \u00e0 18h20        <\/p>\n<p>Amoureux de la <b>gastronomie italienne<\/b>, cette adresse devrait vite figurer parmi vos pr\u00e9f\u00e9r\u00e9es \u00e0 <b>Lille<\/b>. Depuis le 18 juin 2025,<b> La Piazzetta<\/b> fait souffler un vent de dolce vita rue de la Barre. <b>Mi \u00e9picerie, mi restaurant<\/b>, l\u2019\u00e9tablissement fait venir directement d\u2019<b>Italie fromages<\/b> et <b>charcuteries<\/b>, qui servent ensuite dans la pr\u00e9paration des plats servis sur place. On y vient aussi pour faire le plein de produits : sauces, huiles, p\u00e2tes, sourc\u00e9s dans la Botte. Et on repart avec des <b>p\u00e2tes fra\u00eeches<\/b>, servies avec le sourire par <b>Raffaele et Justine Santopaolo<\/b>, le couple de g\u00e9rants.<\/p>\n<p>L\u2019ancien chef de la Bellezza ouvre son propre restaurant, et une \u00e9picerie<\/p>\n<p class=\" wall-content\">Avec sa <b>terrasse de 20 places<\/b>, et autant \u00e0 l\u2019int\u00e9rieur, La Piazzetta va vite se remplir de gourmands. Et certains \u00e9taient d\u00e9j\u00e0 au rendez-vous lors du premier service, pour venir encourager <a href=\"https:\/\/actu.fr\/hauts-de-france\/lille_59350\/ouverture-dun-restaurant-big-mamma-lille-voyage-italie-rue-esquermoise_18803395.html\" target=\"_blank\" rel=\"noopener\">l\u2019ancien chef de La Bellezza<\/a>. Raffaele y a offici\u00e9 pendant quasiment 5 ans.<\/p>\n<p>    <img   decoding=\"async\" loading=\"lazy\" class=\"size-large\" src=\"https:\/\/www.europesays.com\/fr\/wp-content\/uploads\/2025\/06\/56b77ffb13586fab77ffb1358afb77v-960x640.jpg\" alt=\"la piazzetta restaurant epicerie vieux lille\" width=\"960\" height=\"640\"\/><br \/>\n    Raffaele et Justine ont recrut\u00e9 un cuisinier pour les \u00e9pauler. \u00a9Apple Photos Clean Up<\/p>\n<p class=\" wall-content\">Arriv\u00e9 en France en 2014, le Napolitain a aussit\u00f4t travaill\u00e9 pour <b>Big Mamma<\/b> (maison m\u00e8re de La Bellezza). Il fait une saison \u00e0 Gordes, o\u00f9 le groupe de restauration teste son concept avec un restaurant \u00e9ph\u00e9m\u00e8re. \u00ab\u00a0C\u2019est l\u00e0 que j\u2019ai rencontr\u00e9 Justine\u00a0\u00bb, sourit Raffaele. Il fait dans la foul\u00e9e l\u2019ouverture d\u2019East Mamma, le premier restaurant parisien du groupe.<\/p>\n<p class=\" wall-content\">C\u2019est alors \u00e0 Paris que lui vient l\u2019id\u00e9e de devenir, un jour, son propre patron. \u00ab\u00a0J\u2019\u00e9tais rentr\u00e9 dans une \u00e9picerie italienne et j\u2019ai ressenti les odeurs de mon enfance. Je voulais ouvrir mon restaurant-\u00e9picerie, comme \u00e7a se fait beaucoup dans le nord de l\u2019Italie.\u00a0\u00bb\u00a0<\/p>\n<p>Une petite place du Vieux-Lille<\/p>\n<p class=\" wall-content\">Mais il attend d\u2019avoir le bon local pour r\u00e9aliser son r\u00eave. Jimmy Salembier, ancien g\u00e9rant du magasin de tissus qui se trouvait \u00e0 la place de la Bellezza, s\u2019associe au projet et d\u00e9niche le <b>lieu id\u00e9al, juste en face<\/b> ! Il fallait cependant se projeter : l\u2019emplacement \u00e9tait celui\u2026 d\u2019un ancien distributeur automatique de billets.\u00a0<\/p>\n<p>    <img   decoding=\"async\" loading=\"lazy\" class=\"size-large\" src=\"https:\/\/www.europesays.com\/fr\/wp-content\/uploads\/2025\/06\/6d147ffb1358651247ffb135825247v-960x640.jpg\" alt=\"la piazzetta restaurant epicerie vieux lille\" width=\"960\" height=\"640\"\/><br \/>\n    Le restaurant dispose de 20 places en int\u00e9rieur. \u00a9Hervine Mahaud<\/p>\n<p class=\" wall-content\">\u00c0 la crois\u00e9e de <b>quatre rues du Vieux-Lille<\/b> (de la Barre, des Bouchers, Esquermoise et Royale), la Piazzetta (petite place en italien) a remis en lumi\u00e8re les vieilles briques, donnant un cachet suppl\u00e9mentaire \u00e0 une <b>adresse r\u00e9solument authentique<\/b>.<\/p>\n<p>Produits rares et p\u00e2tes fra\u00eeches maison<\/p>\n<p class=\" wall-content\">Ce qui prime ici, c\u2019est la <b>qualit\u00e9<\/b> et une certaine <b>exclusivit\u00e9<\/b>. C\u00f4t\u00e9 \u00e9picerie, le commerce propose des <b>produits de niche <\/b>qui ne se vendent pas \u00e0 tous les coins de rue comme le <b>cocciuto dell\u2019Irpina<\/b>. \u00ab\u00a0C\u2019est un <b>fromage affin\u00e9 dans un pot en argile<\/b> que l\u2019on doit casser pour pouvoir le manger\u00a0\u00bb, explique Raffaele, qui travaille en direct avec les producteurs italiens. D\u2019autres fromages plus connus sont propos\u00e9s en boutique, comme la <b>burrata<\/b>, la <b>stracciatella fum\u00e9e<\/b>, le <b>gorgonzola<\/b>\u2026<\/p>\n<p>    <img   decoding=\"async\" loading=\"lazy\" class=\"size-large\" src=\"https:\/\/www.europesays.com\/fr\/wp-content\/uploads\/2025\/06\/e75b6ffb135861c5b6ffb1358ff5b6v-960x640.jpg\" alt=\"la piazzetta restaurant epicerie vieux lille\" width=\"960\" height=\"640\"\/><br \/>\n    Fromages en direct d\u2019Italie et gnocchis faits maison. \u00a9Hervine Mahaud<\/p>\n<p class=\" wall-content\">Pour ceux qui souhaitent cr\u00e9er leurs planches ap\u00e9ritives, une belle s\u00e9lection de charcuteries est disponible : de la <b>mortadelle aux pistaches de Bronte<\/b>, au <b>jambon de Parme affin\u00e9 pendant 24 mois<\/b>, en passant par la <b>bresaola de Wagyu<\/b>.<\/p>\n<p class=\" wall-content\">Sur les \u00e9tag\u00e8res, on peut se fournir en divers ingr\u00e9dients pour cuisiner : <b>p\u00e2tes, riz, sauces, huiles, olives<\/b>\u2026 La Piazzetta vend aussi des <b>p\u00e2tes fra\u00eeches<\/b>, confectionn\u00e9es directement sur place par Raffaele, form\u00e9 par un \u00ab\u00a0ma\u00eetre des p\u00e2tes\u00a0\u00bb \u00e0 Brescia, en Italie. \u00ab\u00a0<b>Je vais les faire devant les clients<\/b>. L\u2019id\u00e9e c\u2019est de pouvoir proposer des ateliers par la suite.\u00a0\u00bb<\/p>\n<p>Une carte courte pour maximiser la qualit\u00e9<\/p>\n<p class=\" wall-content\">C\u00f4t\u00e9 cuisine, ce sont donc les fromages, charcuteries et p\u00e2tes fra\u00eeches qui servent de base aux plats propos\u00e9s. \u00ab\u00a0Mais les <b>l\u00e9gumes sont du coin<\/b>, <b>c\u2019est important d\u2019avoir un ancrage local<\/b>.\u00a0\u00bb La <b>carte, saisonni\u00e8re, est volontairement tr\u00e8s courte<\/b>, pour que Raffaele et son bras droit en cuisine puissent se concentrer sur les go\u00fbts. Les mets sont ensuite servis par Justine, qui \u00e9tait auparavant cheffe de salle au <a href=\"https:\/\/actu.fr\/hauts-de-france\/lille_59350\/lille-le-nouveau-chef-de-la-table-du-clarance-veut-rendre-la-gastronomie-accessible_57778616.html\" target=\"_blank\" rel=\"noopener\">Clarance<\/a>.\u00a0<\/p>\n<p>    <img   decoding=\"async\" loading=\"lazy\" class=\"size-large\" src=\"https:\/\/www.europesays.com\/fr\/wp-content\/uploads\/2025\/06\/63917ffb13586f7917ffb13582c917v-960x640.jpg\" alt=\"la piazzetta restaurant epicerie vieux lille\" width=\"960\" height=\"640\"\/><br \/>\n    Asperges et fenouil confit, \u00e9clats d\u2019amandes torr\u00e9fi\u00e9es. \u00a9Hervine Mahaud<\/p>\n<p class=\" wall-content\">Pour cet \u00e9t\u00e9, la carte sugg\u00e8re des <b>antipasti<\/b> fameux : asperges et fenouil confit, saut\u00e9 de palourdes et coques, jambon cru et melon. Pour les <b>primi piatti <\/b>(plats), nous avons opt\u00e9 pour les gnocchis maison \u00e0 la sauce tomate et mozzarella. Mais les tortelli \u00e0 la truffe ou les fettucine alla Bolognese \u00e9taient aussi tentantes.<\/p>\n<p>    <img   decoding=\"async\" loading=\"lazy\" class=\"size-large\" src=\"https:\/\/www.europesays.com\/fr\/wp-content\/uploads\/2025\/06\/a67d6ffb13586fa7d6ffb13581f7d6v-960x640.jpg\" alt=\"la piazzetta restaurant epicerie vieux lille\" width=\"960\" height=\"640\"\/><br \/>\n    Les gnocchi alla sorrentina. \u00a9Hervine Mahaud<\/p>\n<p class=\" wall-content\">Enfin les <b>desserts<\/b>, les ind\u00e9tr\u00f4nables tiramisu et panna cotta terminent parfaitement la carte. Un seul conseil : allez-y les yeux ferm\u00e9s !<\/p>\n<p>Infos pratiques : La Piazzetta, 4 rue de la Barre, Vieux-Lille. Ouvert du mardi au samedi : \u00e9picerie de 9h30 \u00e0 20h, restaurant de 11h45 \u00e0 14h30. Plus d\u2019infos sur <a href=\"https:\/\/www.instagram.com\/lapiazzettalille\/?hl=fr\" target=\"_blank\" rel=\"noopener\">le compte Instagram de La Piazzetta<\/a>.<\/p>\n<p class=\" wall-content\">Suivez toute l\u2019actualit\u00e9 de vos villes et m\u00e9dias favoris en vous inscrivant \u00e0 <a href=\"https:\/\/moncompte.actu.fr\" title=\"D\u00e9couvez Mon Actu\" rel=\"nofollow noopener\" data-trk=\"{&quot;cta&quot;:{&quot;action&quot;:&quot;https:\\\/\\\/moncompte.actu.fr&quot;,&quot;category&quot;:&quot;mon compte&quot;,&quot;from&quot;:&quot;article footer&quot;,&quot;name&quot;:&quot;Mon actu&quot;,&quot;type&quot;:&quot;cta&quot;}}\" target=\"_blank\">Mon Actu<\/a>.<\/p>\n<ul class=\"ac-article-tag wall-content\">\n<li><a href=\"https:\/\/actu.fr\/tag\/nouveaux-commerces\" data-trk=\"{&quot;cta&quot;:{&quot;action&quot;:&quot;Nouveaux commerces&quot;,&quot;category&quot;:&quot;tag&quot;,&quot;from&quot;:&quot;article footer&quot;,&quot;name&quot;:&quot;Nouveaux commerces&quot;,&quot;type&quot;:&quot;cta&quot;}}\" target=\"_blank\" rel=\"noopener\">#Nouveaux commerces<\/a><\/li>\n<li><a href=\"https:\/\/actu.fr\/tag\/restaurant\" data-trk=\"{&quot;cta&quot;:{&quot;action&quot;:&quot;Restaurant&quot;,&quot;category&quot;:&quot;tag&quot;,&quot;from&quot;:&quot;article footer&quot;,&quot;name&quot;:&quot;Restaurant&quot;,&quot;type&quot;:&quot;cta&quot;}}\" target=\"_blank\" rel=\"noopener\">#Restaurant<\/a><\/li>\n<\/ul>\n<p>                    <script async src=\"\/\/www.instagram.com\/embed.js\"><\/script><\/p>\n","protected":false},"excerpt":{"rendered":"Par Hervine Mahaud Publi\u00e9 le 19 juin 2025 \u00e0 18h20 Amoureux de la gastronomie italienne, cette adresse devrait&hellip;\n","protected":false},"author":2,"featured_media":188875,"comment_status":"","ping_status":"","sticky":false,"template":"","format":"standard","meta":{"footnotes":""},"categories":[2815],"tags":[1111,11,33,1777,674,1011,27,811,1307,12,3147,25,1340],"class_list":{"0":"post-188874","1":"post","2":"type-post","3":"status-publish","4":"format-standard","5":"has-post-thumbnail","7":"category-lille","8":"tag-actu","9":"tag-actualites","10":"tag-economie","11":"tag-eu","12":"tag-europe","13":"tag-fr","14":"tag-france","15":"tag-hauts-de-france","16":"tag-lille","17":"tag-news","18":"tag-nouveaux-commerces","19":"tag-republique-francaise","20":"tag-restaurant"},"share_on_mastodon":{"url":"https:\/\/pubeurope.com\/@fr\/114711079548281266","error":""},"_links":{"self":[{"href":"https:\/\/www.europesays.com\/fr\/wp-json\/wp\/v2\/posts\/188874","targetHints":{"allow":["GET"]}}],"collection":[{"href":"https:\/\/www.europesays.com\/fr\/wp-json\/wp\/v2\/posts"}],"about":[{"href":"https:\/\/www.europesays.com\/fr\/wp-json\/wp\/v2\/types\/post"}],"author":[{"embeddable":true,"href":"https:\/\/www.europesays.com\/fr\/wp-json\/wp\/v2\/users\/2"}],"replies":[{"embeddable":true,"href":"https:\/\/www.europesays.com\/fr\/wp-json\/wp\/v2\/comments?post=188874"}],"version-history":[{"count":0,"href":"https:\/\/www.europesays.com\/fr\/wp-json\/wp\/v2\/posts\/188874\/revisions"}],"wp:featuredmedia":[{"embeddable":true,"href":"https:\/\/www.europesays.com\/fr\/wp-json\/wp\/v2\/media\/188875"}],"wp:attachment":[{"href":"https:\/\/www.europesays.com\/fr\/wp-json\/wp\/v2\/media?parent=188874"}],"wp:term":[{"taxonomy":"category","embeddable":true,"href":"https:\/\/www.europesays.com\/fr\/wp-json\/wp\/v2\/categories?post=188874"},{"taxonomy":"post_tag","embeddable":true,"href":"https:\/\/www.europesays.com\/fr\/wp-json\/wp\/v2\/tags?post=188874"}],"curies":[{"name":"wp","href":"https:\/\/api.w.org\/{rel}","templated":true}]}}