{"id":188877,"date":"2025-06-19T16:56:09","date_gmt":"2025-06-19T16:56:09","guid":{"rendered":"https:\/\/www.europesays.com\/fr\/188877\/"},"modified":"2025-06-19T16:56:09","modified_gmt":"2025-06-19T16:56:09","slug":"alerte-pollution-a-marseille-et-dans-les-bouches-du-rhone-voila-les-recommandations","status":"publish","type":"post","link":"https:\/\/www.europesays.com\/fr\/188877\/","title":{"rendered":"Alerte pollution \u00e0 Marseille et dans les Bouches-du-Rh\u00f4ne : voil\u00e0 les recommandations"},"content":{"rendered":"<p>            Par<br \/>\n        <strong><br \/>\n            <a href=\"https:\/\/actu.fr\/auteur\/fabien-binacchi\" title=\"Consulter tous les articles de Fabien Binacchi\" target=\"_blank\" rel=\"noopener\">Fabien Binacchi<\/a><br \/>\n        <\/strong><\/p>\n<p>        Publi\u00e9 le<\/p>\n<p>            19 juin 2025 \u00e0 18h51        <\/p>\n<p>La chaleur ambiante n\u2019y est pas pour rien. Comme les Alpes-Maritimes et le Vaucluse, <a href=\"https:\/\/actu.fr\/marseille\/\" target=\"_blank\" rel=\"noopener\">Marseille<\/a> et le d\u00e9partement des <a href=\"https:\/\/actu.fr\/provence-alpes-cote-d-azur\/bouches-du-rhone_13\" target=\"_blank\" rel=\"noopener\">Bouches-du-Rh\u00f4ne<\/a> sont en alerte <strong>\u00ab\u2009pollution de l\u2019air \u00e0 l\u2019ozone\u2009\u00bb<\/strong> ce vendredi 20\u00a0juin 2025, annonce la pr\u00e9fecture.<\/p>\n<p class=\" wall-content\">Le niveau 1 de la mise en garde (qui va jusqu\u2019\u00e0 2) est enclench\u00e9.<\/p>\n<p>Notamment sur l\u2019\u00e9tang de Berre<\/p>\n<p class=\" wall-content\">Les concentrations en ozone continuent \u00ab\u2009d\u2019augmenter et de d\u00e9grader la qualit\u00e9 de l\u2019air, <strong>en lien avec des temp\u00e9ratures \u00e9lev\u00e9es et un bon ensoleillement,<\/strong> favorisant les processus photochimiques\u2009\u00bb, explique dans un communiqu\u00e9 l\u2019organisme de mesure de la qualit\u00e9 de l\u2019air AtmoSud, qui d\u00e9crit <strong>un \u00e9pisode de pollution de type \u00ab\u2009estival\u2009\u00bb.<\/strong><\/p>\n<p class=\" wall-content\">\n<p class=\" wall-content\">La pr\u00e9fecture des Bouches-du-Rh\u00f4ne a notamment signal\u00e9 <strong>des \u00ab\u2009concentrations \u00e9lev\u00e9es en ozone\u2009\u00bb<\/strong> ce jeudi matin \u00ab\u2009sur l\u2019\u00e9tang de Berre\u2009\u00bb, \u00e0 l\u2019ouest de Marseille.<\/p>\n<p>V\u00e9lo en libre-service gratuit \u00e0 Marseille<\/p>\n<p class=\" wall-content\">Cet \u00e9pisode de pollution entra\u00eene des recommandations comme le fait d\u2019<strong>\u00e9viter les activit\u00e9s physiques et sportives intenses,<\/strong> ou encore d\u2019\u00eatre vigilant vis-\u00e0-vis des personnes vuln\u00e9rables ou sensibles. L\u2019usage des transports en commun est pr\u00e9conis\u00e9.<\/p>\n<p>Vid\u00e9os : en ce moment sur Actu<\/p>\n<p class=\" wall-content\">La m\u00e9tropole Aix-Marseille-Provence fait savoir que, pendant toute la dur\u00e9e de cet \u00e9pisode, <strong>les 30 premi\u00e8res minutes<\/strong> de chaque trajet sur le syst\u00e8me de v\u00e9lo en libre-service marseillais \u00ab\u2009Lev\u00e9lo\u2009\u00bb sont gratuites. Au-del\u00e0, le service est factur\u00e9 0,05\u00a0\u20ac\/min.<\/p>\n<p class=\" wall-content\"><strong>Avec AFP<\/strong><\/p>\n<p class=\" wall-content\">Suivez toute l\u2019actualit\u00e9 de vos villes et m\u00e9dias favoris en vous inscrivant \u00e0 <a href=\"https:\/\/moncompte.actu.fr\" title=\"D\u00e9couvez Mon Actu\" rel=\"nofollow noopener\" data-trk=\"{&quot;cta&quot;:{&quot;action&quot;:&quot;https:\\\/\\\/moncompte.actu.fr&quot;,&quot;category&quot;:&quot;mon compte&quot;,&quot;from&quot;:&quot;article footer&quot;,&quot;name&quot;:&quot;Mon actu&quot;,&quot;type&quot;:&quot;cta&quot;}}\" target=\"_blank\">Mon Actu<\/a>.<\/p>\n","protected":false},"excerpt":{"rendered":"Par Fabien Binacchi Publi\u00e9 le 19 juin 2025 \u00e0 18h51 La chaleur ambiante n\u2019y est pas pour rien.&hellip;\n","protected":false},"author":2,"featured_media":188878,"comment_status":"","ping_status":"","sticky":false,"template":"","format":"standard","meta":{"footnotes":""},"categories":[2814],"tags":[1111,11,1777,674,1011,27,884,12,52,1800,882,25],"class_list":{"0":"post-188877","1":"post","2":"type-post","3":"status-publish","4":"format-standard","5":"has-post-thumbnail","7":"category-marseille","8":"tag-actu","9":"tag-actualites","10":"tag-eu","11":"tag-europe","12":"tag-fr","13":"tag-france","14":"tag-marseille","15":"tag-news","16":"tag-planete","17":"tag-pollution","18":"tag-provence-alpes-cote-dazur","19":"tag-republique-francaise"},"share_on_mastodon":{"url":"https:\/\/pubeurope.com\/@fr\/114711087316075641","error":""},"_links":{"self":[{"href":"https:\/\/www.europesays.com\/fr\/wp-json\/wp\/v2\/posts\/188877","targetHints":{"allow":["GET"]}}],"collection":[{"href":"https:\/\/www.europesays.com\/fr\/wp-json\/wp\/v2\/posts"}],"about":[{"href":"https:\/\/www.europesays.com\/fr\/wp-json\/wp\/v2\/types\/post"}],"author":[{"embeddable":true,"href":"https:\/\/www.europesays.com\/fr\/wp-json\/wp\/v2\/users\/2"}],"replies":[{"embeddable":true,"href":"https:\/\/www.europesays.com\/fr\/wp-json\/wp\/v2\/comments?post=188877"}],"version-history":[{"count":0,"href":"https:\/\/www.europesays.com\/fr\/wp-json\/wp\/v2\/posts\/188877\/revisions"}],"wp:featuredmedia":[{"embeddable":true,"href":"https:\/\/www.europesays.com\/fr\/wp-json\/wp\/v2\/media\/188878"}],"wp:attachment":[{"href":"https:\/\/www.europesays.com\/fr\/wp-json\/wp\/v2\/media?parent=188877"}],"wp:term":[{"taxonomy":"category","embeddable":true,"href":"https:\/\/www.europesays.com\/fr\/wp-json\/wp\/v2\/categories?post=188877"},{"taxonomy":"post_tag","embeddable":true,"href":"https:\/\/www.europesays.com\/fr\/wp-json\/wp\/v2\/tags?post=188877"}],"curies":[{"name":"wp","href":"https:\/\/api.w.org\/{rel}","templated":true}]}}