{"id":188883,"date":"2025-06-19T17:00:09","date_gmt":"2025-06-19T17:00:09","guid":{"rendered":"https:\/\/www.europesays.com\/fr\/188883\/"},"modified":"2025-06-19T17:00:09","modified_gmt":"2025-06-19T17:00:09","slug":"le-risque-de-pollution-eleve-vendredi-les-automobilistes-invites-a-limiter-leurs-deplacements","status":"publish","type":"post","link":"https:\/\/www.europesays.com\/fr\/188883\/","title":{"rendered":"le risque de pollution \u00e9lev\u00e9 vendredi, les automobilistes invit\u00e9s \u00e0 limiter leurs d\u00e9placements"},"content":{"rendered":"<p>            Par<br \/>\n        <strong><br \/>\n            <a href=\"https:\/\/actu.fr\/auteur\/dorinegoth\" title=\"Consulter tous les articles de Dorine Goth\" target=\"_blank\" rel=\"noopener\">Dorine Goth<\/a><br \/>\n        <\/strong><\/p>\n<p>        Publi\u00e9 le<\/p>\n<p>            19 juin 2025 \u00e0 18h12        <\/p>\n<p>Hausse des temp\u00e9ratures et faible puissance de vent ne font pas les affaires de l\u2019atmosph\u00e8re. Alors que le mercure devrait flirter avec les <a href=\"https:\/\/actu.fr\/ile-de-france\/paris_75056\/meteo-plusieurs-nuits-tropicales-prevues-a-paris-et-en-ile-de-france-la-temperature-ne-baissera-pas_62790026.html\" target=\"_blank\" rel=\"noopener\">35 degr\u00e9s<\/a> vendredi 20\u00a0juin 2025, <a href=\"https:\/\/actu.fr\/ile-de-france\/paris_75056\/on-respire-de-mieux-en-mieux-en-ile-de-france-en-vingt-ans-la-pollution-de-l-air-a-ete-divisee-par-deux_62485266.html\" target=\"_blank\" rel=\"noopener\">Airparif<\/a> alerte sur les risques de d\u00e9passement du seuil d\u2019information concernant <a href=\"https:\/\/actu.fr\/societe\/pollution-de-l-air-l-ozone-responsable-de-115-000-deces-en-europe-entre-2015-et-2017_61158854.html\" target=\"_blank\" rel=\"noopener\">l<strong>\u2019ozone<\/strong> \u00e0 <strong>Paris<\/strong><\/a> et en <strong>\u00cele-de-France.<\/strong> Pour l\u2019heure, aucune restriction de circulation n\u2019est prise mais la pr\u00e9fecture de Police recommande aux automobilistes de<strong> diff\u00e9rer leurs d\u00e9placements.<\/strong><\/p>\n<p>\u00ab\u2009La qualit\u00e9 de l\u2019air sera mauvaise\u2009\u00bb<\/p>\n<p class=\" wall-content\">Pour l\u2019ozone, le niveau d\u2019information de 180\u00a0\u00b5g\/m3 devrait \u00eatre d\u00e9pass\u00e9 ce vendredi pendant un moins une heure dans toute la r\u00e9gion. \u00ab\u2009Les conditions m\u00e9t\u00e9orologiques estivales, chaudes et ensoleill\u00e9es, sont favorables \u00e0 la formation d\u2019ozone dont les concentrations devraient d\u00e9passer le seuil d\u2019information et de recommandations. La qualit\u00e9 de l\u2019air sera globalement mauvaise sur l\u2019\u00cele-de-France\u2009\u00bb, pr\u00e9vient le pr\u00e9visionniste.<\/p>\n<p class=\" wall-content\">Face \u00e0 la situation, aucune mesure restrictive n\u2019a \u00e9t\u00e9 prise mais la pr\u00e9fecture de police formule plusieurs <strong>recommandations<\/strong> pour ceux qui ne pourraient pas diff\u00e9rer leurs d\u00e9placements routiers\u2009: utiliser des v\u00e9hicules moins polluants, privil\u00e9gier le covoiturage ou les transports en commun et<strong> r\u00e9duire la vitesse de 20\u00a0km\/h<\/strong> sur l\u2019ensemble des axes routiers.<\/p>\n<p class=\" wall-content\">Pour les v\u00e9hicules de plus de 3,5 tonnes en transit, il est demand\u00e9 de contourner l\u2019agglom\u00e9ration par la<a href=\"https:\/\/actu.fr\/ile-de-france\/coulommiers_77131\/quatre-projets-a-letude-en-seine-et-marne_7568687.html\" target=\"_blank\" rel=\"noopener\"><strong> rocade francilienne<\/strong><\/a>. \u00ab<a href=\"https:\/\/actu.fr\/tag\/laurent-nunez\" target=\"_blank\" rel=\"noopener\">\u2009Le pr\u00e9fet de Police<\/a>, pr\u00e9fet de la zone de d\u00e9fense et de s\u00e9curit\u00e9 de Paris, restera attentif \u00e0 l\u2019\u00e9volution de la situation dans les prochains jours et pourra d\u00e9cider, en plus de ces recommandations, de prendre des mesures restrictives de r\u00e9duction des \u00e9missions de polluants\u2009\u00bb, pr\u00e9vient un communiqu\u00e9 de presse.<\/p>\n<p class=\" wall-content\">Suivez toute l\u2019actualit\u00e9 de vos villes et m\u00e9dias favoris en vous inscrivant \u00e0 <a href=\"https:\/\/moncompte.actu.fr\" title=\"D\u00e9couvez Mon Actu\" rel=\"nofollow noopener\" data-trk=\"{&quot;cta&quot;:{&quot;action&quot;:&quot;https:\\\/\\\/moncompte.actu.fr&quot;,&quot;category&quot;:&quot;mon compte&quot;,&quot;from&quot;:&quot;article footer&quot;,&quot;name&quot;:&quot;Mon actu&quot;,&quot;type&quot;:&quot;cta&quot;}}\" target=\"_blank\">Mon Actu<\/a>.<\/p>\n","protected":false},"excerpt":{"rendered":"Par Dorine Goth Publi\u00e9 le 19 juin 2025 \u00e0 18h12 Hausse des temp\u00e9ratures et faible puissance de vent&hellip;\n","protected":false},"author":2,"featured_media":188884,"comment_status":"","ping_status":"","sticky":false,"template":"","format":"standard","meta":{"footnotes":""},"categories":[1592],"tags":[1111,11,3542,1777,674,1011,27,662,2357,12,626,1800,25,104],"class_list":{"0":"post-188883","1":"post","2":"type-post","3":"status-publish","4":"format-standard","5":"has-post-thumbnail","7":"category-ile-de-france","8":"tag-actu","9":"tag-actualites","10":"tag-circulation","11":"tag-eu","12":"tag-europe","13":"tag-fr","14":"tag-france","15":"tag-ile-de-france","16":"tag-meteo-france","17":"tag-news","18":"tag-paris","19":"tag-pollution","20":"tag-republique-francaise","21":"tag-societe"},"share_on_mastodon":{"url":"https:\/\/pubeurope.com\/@fr\/114711103081069977","error":""},"_links":{"self":[{"href":"https:\/\/www.europesays.com\/fr\/wp-json\/wp\/v2\/posts\/188883","targetHints":{"allow":["GET"]}}],"collection":[{"href":"https:\/\/www.europesays.com\/fr\/wp-json\/wp\/v2\/posts"}],"about":[{"href":"https:\/\/www.europesays.com\/fr\/wp-json\/wp\/v2\/types\/post"}],"author":[{"embeddable":true,"href":"https:\/\/www.europesays.com\/fr\/wp-json\/wp\/v2\/users\/2"}],"replies":[{"embeddable":true,"href":"https:\/\/www.europesays.com\/fr\/wp-json\/wp\/v2\/comments?post=188883"}],"version-history":[{"count":0,"href":"https:\/\/www.europesays.com\/fr\/wp-json\/wp\/v2\/posts\/188883\/revisions"}],"wp:featuredmedia":[{"embeddable":true,"href":"https:\/\/www.europesays.com\/fr\/wp-json\/wp\/v2\/media\/188884"}],"wp:attachment":[{"href":"https:\/\/www.europesays.com\/fr\/wp-json\/wp\/v2\/media?parent=188883"}],"wp:term":[{"taxonomy":"category","embeddable":true,"href":"https:\/\/www.europesays.com\/fr\/wp-json\/wp\/v2\/categories?post=188883"},{"taxonomy":"post_tag","embeddable":true,"href":"https:\/\/www.europesays.com\/fr\/wp-json\/wp\/v2\/tags?post=188883"}],"curies":[{"name":"wp","href":"https:\/\/api.w.org\/{rel}","templated":true}]}}