{"id":188887,"date":"2025-06-19T17:02:10","date_gmt":"2025-06-19T17:02:10","guid":{"rendered":"https:\/\/www.europesays.com\/fr\/188887\/"},"modified":"2025-06-19T17:02:10","modified_gmt":"2025-06-19T17:02:10","slug":"le-batonnier-de-paris-claque-la-porte-du-conseil-national-des-barreaux","status":"publish","type":"post","link":"https:\/\/www.europesays.com\/fr\/188887\/","title":{"rendered":"le b\u00e2tonnier de Paris claque la porte du Conseil national des barreaux"},"content":{"rendered":"<p>\u00ab\u00a0Le clivage ne se situe pas entre Paris et la province, comme on l&rsquo;entend trop souvent, mais entre les avocats de terrain et les apparatchiks de la profession. Nos instances sont devenues d\u00e9connect\u00e9es des r\u00e9alit\u00e9s et totalement inaudibles. J&rsquo;ai autre chose \u00e0 faire que de construire des lignes Maginot, au moment o\u00f9 notre m\u00e9tier est confront\u00e9 \u00e0 des d\u00e9fis sans pr\u00e9c\u00e9dent et que de nombreux cabinets jouent leur survie. Je n&rsquo;ai plus rien \u00e0 faire ici.\u00a0\u00bb<\/p>\n<p>De temp\u00e9rament placide et plut\u00f4t jovial, Pierre Hoffman \u00e9tait d&rsquo;humeur maussade, mercredi matin. Le b\u00e2tonnier de Paris et ses conseillers ont longtemps cogit\u00e9\u00a0pour trouver les bons \u00e9l\u00e9ments de langage, avant de s&rsquo;en tenir \u00e0 cette formule simple qui a le m\u00e9rite de la clart\u00e9\u00a0: \u00ab\u00a0Je claque la porte, on ne me reverra plus jusqu&rsquo;\u00e0 la fin de mon mandat.\u00a0\u00bb<\/p>\n<p>De quelle \u00ab\u00a0porte\u00a0\u00bb voulait-il parler\u00a0? Dans quelle instance s&rsquo;abstiendra-t-il, d\u00e9sormais, de mettre les pieds\u00a0? La porte du Conseil national des barreaux (CNB), l&rsquo;instance repr\u00e9sentative des 78\u00a0000 avocats fran\u00e7ais dont le b\u00e2tonnier de Paris est vice-pr\u00e9sident de droit. Et c&rsquo;est pour lui tout le probl\u00e8me, le CNB n&rsquo;est \u00ab\u00a0plus du tout repr\u00e9sentatif\u00a0\u00bb.<\/p>\n<p>\u00c0 LIRE AUSSI <strong class=\"strong\"><a href=\"https:\/\/www.lepoint.fr\/societe\/conseil-national-des-barreaux-depasser-la-querelle-paris-province-04-06-2024-2561893_23.php\" rel=\"nofollow noopener\" target=\"_blank\" data-ylk=\"slk:Conseil national des barreaux\u00a0: d\u00e9passer la querelle\u00a0Paris-province;elm:context_link;itc:0;sec:content-canvas\" class=\"link \">Conseil national des barreaux\u00a0: d\u00e9passer la querelle\u00a0Paris-province<\/a><\/strong><\/p>\n<p>La capitale rassemble, \u00e0 elle seule, quelque 34\u00a0000 robes noires (44\u00a0% de l&rsquo;effectif) mais aussi un puissant barreau d&rsquo;affaires, qui en fait l&rsquo;une des places fortes du droit, en Europe et dans le monde. \u00ab\u00a0Nous repr\u00e9sentons pr\u00e8s d&rsquo;un avocat sur de [&#8230;] <a href=\"https:\/\/www.lepoint.fr\/societe\/une-mascarade-le-batonnier-de-paris-claque-la-porte-du-conseil-national-des-barreaux-19-06-2025-2592450_23.php\" rel=\"nofollow noopener\" target=\"_blank\" data-ylk=\"slk:Lire la suite;elm:context_link;itc:0;sec:content-canvas\" class=\"link \">Lire la suite<\/a><\/p>\n","protected":false},"excerpt":{"rendered":"\u00ab\u00a0Le clivage ne se situe pas entre Paris et la province, comme on l&rsquo;entend trop souvent, mais entre&hellip;\n","protected":false},"author":2,"featured_media":188888,"comment_status":"","ping_status":"","sticky":false,"template":"","format":"standard","meta":{"footnotes":""},"categories":[1888],"tags":[1111,1928,11,1927,8933,32670,32668,1777,674,1011,27,12,1926,626,1925,32669,25],"class_list":{"0":"post-188887","1":"post","2":"type-post","3":"status-publish","4":"format-standard","5":"has-post-thumbnail","7":"category-paris","8":"tag-actu","9":"tag-actu-paris","10":"tag-actualites","11":"tag-actualites-paris","12":"tag-avocats-francais","13":"tag-cnb","14":"tag-conseil-national-des-barreaux","15":"tag-eu","16":"tag-europe","17":"tag-fr","18":"tag-france","19":"tag-news","20":"tag-news-paris","21":"tag-paris","22":"tag-paris-news","23":"tag-pierre-hoffman","24":"tag-republique-francaise"},"share_on_mastodon":{"url":"https:\/\/pubeurope.com\/@fr\/114711110849121891","error":""},"_links":{"self":[{"href":"https:\/\/www.europesays.com\/fr\/wp-json\/wp\/v2\/posts\/188887","targetHints":{"allow":["GET"]}}],"collection":[{"href":"https:\/\/www.europesays.com\/fr\/wp-json\/wp\/v2\/posts"}],"about":[{"href":"https:\/\/www.europesays.com\/fr\/wp-json\/wp\/v2\/types\/post"}],"author":[{"embeddable":true,"href":"https:\/\/www.europesays.com\/fr\/wp-json\/wp\/v2\/users\/2"}],"replies":[{"embeddable":true,"href":"https:\/\/www.europesays.com\/fr\/wp-json\/wp\/v2\/comments?post=188887"}],"version-history":[{"count":0,"href":"https:\/\/www.europesays.com\/fr\/wp-json\/wp\/v2\/posts\/188887\/revisions"}],"wp:featuredmedia":[{"embeddable":true,"href":"https:\/\/www.europesays.com\/fr\/wp-json\/wp\/v2\/media\/188888"}],"wp:attachment":[{"href":"https:\/\/www.europesays.com\/fr\/wp-json\/wp\/v2\/media?parent=188887"}],"wp:term":[{"taxonomy":"category","embeddable":true,"href":"https:\/\/www.europesays.com\/fr\/wp-json\/wp\/v2\/categories?post=188887"},{"taxonomy":"post_tag","embeddable":true,"href":"https:\/\/www.europesays.com\/fr\/wp-json\/wp\/v2\/tags?post=188887"}],"curies":[{"name":"wp","href":"https:\/\/api.w.org\/{rel}","templated":true}]}}