{"id":188889,"date":"2025-06-19T17:03:16","date_gmt":"2025-06-19T17:03:16","guid":{"rendered":"https:\/\/www.europesays.com\/fr\/188889\/"},"modified":"2025-06-19T17:03:16","modified_gmt":"2025-06-19T17:03:16","slug":"quatre-exploitants-pour-semer-la-transition","status":"publish","type":"post","link":"https:\/\/www.europesays.com\/fr\/188889\/","title":{"rendered":"quatre exploitants pour semer la transition"},"content":{"rendered":"<p>Un projet, quatre fermes, et beaucoup d\u2019enjeux. Pendant <strong>trois ans<\/strong>, quatre agriculteurs b\u00e9n\u00e9ficieront d\u2019un appui sur les volets <strong>techniques, juridiques, \u00e9conomiques et financiers.<\/strong><\/p>\n<p>Lanc\u00e9 par l\u2019association \u00ab <strong>Fermes d\u2019avenir \u00bb<\/strong>, ce nouveau programme a pour ambition d\u2019accompagner des agriculteurs dans leur transition \u00e9cologique. Un accompagnement enti\u00e8rement financ\u00e9 par l\u2019entreprise partenaire.<\/p>\n<p><strong>Trouver des solutions durables\u00a0<\/strong><\/p>\n<p><strong>Alexandre<\/strong> a justement \u00e9t\u00e9 s\u00e9lectionn\u00e9 pour participer \u00e0 ce programme. Install\u00e9 depuis <strong>vingt ans<\/strong> sur son exploitation, il envisage aujourd\u2019hui de passer la main. D\u2019ici deux ans, il esp\u00e8re trouver un repreneur et compte sur cet accompagnement pour valoriser sa ferme.\u00a0Pour lui, la difficult\u00e9 est bien r\u00e9elle :\u00a0 l\u2019\u00e9levage attire de moins en moins de nouvelles g\u00e9n\u00e9rations.\u00a0<\/p>\n<p>Pendant les trois prochaines ann\u00e9es, des <strong>visites de sites<\/strong> seront organis\u00e9es, tout comme une<strong> \u00e9valuation d\u2019impact<\/strong> \u00e0 chaque \u00e9tape du programme.<\/p>\n","protected":false},"excerpt":{"rendered":"Un projet, quatre fermes, et beaucoup d\u2019enjeux. Pendant trois ans, quatre agriculteurs b\u00e9n\u00e9ficieront d\u2019un appui sur les volets&hellip;\n","protected":false},"author":2,"featured_media":188890,"comment_status":"","ping_status":"","sticky":false,"template":"","format":"standard","meta":{"footnotes":""},"categories":[1888],"tags":[11,2572,327,1777,674,9095,1011,27,12,626,25],"class_list":{"0":"post-188889","1":"post","2":"type-post","3":"status-publish","4":"format-standard","5":"has-post-thumbnail","7":"category-paris","8":"tag-actualites","9":"tag-agriculteurs","10":"tag-agriculture","11":"tag-eu","12":"tag-europe","13":"tag-ferme","14":"tag-fr","15":"tag-france","16":"tag-news","17":"tag-paris","18":"tag-republique-francaise"},"share_on_mastodon":{"url":"https:\/\/pubeurope.com\/@fr\/114711114908002218","error":""},"_links":{"self":[{"href":"https:\/\/www.europesays.com\/fr\/wp-json\/wp\/v2\/posts\/188889","targetHints":{"allow":["GET"]}}],"collection":[{"href":"https:\/\/www.europesays.com\/fr\/wp-json\/wp\/v2\/posts"}],"about":[{"href":"https:\/\/www.europesays.com\/fr\/wp-json\/wp\/v2\/types\/post"}],"author":[{"embeddable":true,"href":"https:\/\/www.europesays.com\/fr\/wp-json\/wp\/v2\/users\/2"}],"replies":[{"embeddable":true,"href":"https:\/\/www.europesays.com\/fr\/wp-json\/wp\/v2\/comments?post=188889"}],"version-history":[{"count":0,"href":"https:\/\/www.europesays.com\/fr\/wp-json\/wp\/v2\/posts\/188889\/revisions"}],"wp:featuredmedia":[{"embeddable":true,"href":"https:\/\/www.europesays.com\/fr\/wp-json\/wp\/v2\/media\/188890"}],"wp:attachment":[{"href":"https:\/\/www.europesays.com\/fr\/wp-json\/wp\/v2\/media?parent=188889"}],"wp:term":[{"taxonomy":"category","embeddable":true,"href":"https:\/\/www.europesays.com\/fr\/wp-json\/wp\/v2\/categories?post=188889"},{"taxonomy":"post_tag","embeddable":true,"href":"https:\/\/www.europesays.com\/fr\/wp-json\/wp\/v2\/tags?post=188889"}],"curies":[{"name":"wp","href":"https:\/\/api.w.org\/{rel}","templated":true}]}}