{"id":188891,"date":"2025-06-19T17:04:10","date_gmt":"2025-06-19T17:04:10","guid":{"rendered":"https:\/\/www.europesays.com\/fr\/188891\/"},"modified":"2025-06-19T17:04:10","modified_gmt":"2025-06-19T17:04:10","slug":"paris-plein-de-machines-de-leau-partout-et-beaucoup-de-bruit-on-vous-embarque-a-linterieur-de-la-vasque","status":"publish","type":"post","link":"https:\/\/www.europesays.com\/fr\/188891\/","title":{"rendered":"Paris\u00a0: \u00ab\u00a0Plein de machines, de l\u2019eau partout et beaucoup de bruit\u00a0\u00bb\u2026 On vous embarque \u00e0 l\u2019int\u00e9rieur de la vasque"},"content":{"rendered":"<p class=\"paragraph text_align_left lp-f-body-02\">\u00c0 l\u2019ombre du ballon, la brume de ses fausses flammes compos\u00e9es d\u2019eau et de lumi\u00e8re soulage les employ\u00e9s, en proie au soleil br\u00fblant de ce jeudi 19 juin. Plus l\u2019on s\u2019approche de la vasque, <a href=\"https:\/\/www.leparisien.fr\/paris-75\/cest-reparti-pour-un-tour-a-paris-la-vasque-fait-son-retour-au-jardin-des-tuileries-10-06-2025-4VFXCUULV5FLJPYSX5ME7WMHK4.php\" target=\"_self\" rel=\"noopener\">de retour dans le jardin des Tuileries<\/a> (Ier), plus la chaleur devient supportable. \u00ab C\u2019est une des premi\u00e8res flammes au monde qui rafra\u00eechit \u00bb, sourit Mathieu Lehanneur, son designer.<\/p>\n<p class=\"paragraph text_align_left lp-f-body-02\">Visible de tous depuis le 10 juin, la vasque s\u2019envolera \u00e0 nouveau samedi soir pour la premi\u00e8re fois en 2025, \u00e0 l\u2019occasion d\u2019<a href=\"https:\/\/www.leparisien.fr\/paris-75\/spectacle-de-4-heures-35-000-spectateurs-envolee-de-la-vasque-le-grand-concert-du-21-juin-a-paris-se-devoile-11-06-2025-2VGGOD2ZRVEWDKZZORVAWPEFUE.php\" target=\"_self\" rel=\"noopener\">un grand concert donn\u00e9 dans les jardins du mus\u00e9e du Louvre<\/a>, auquel assisteront quelque 35 000 chanceux. Ce que personne ne verra en revanche, ce sont les coulisses de la d\u00e9sormais c\u00e9l\u00e8bre vasque. Sa machinerie, ceux qui veillent \u00e0 son autonomie, \u00e0 entretenir ses flammes\u2026 Le Parisien vous emm\u00e8ne du c\u00f4t\u00e9 de la partie immerg\u00e9e de la vasque.<\/p>\n","protected":false},"excerpt":{"rendered":"\u00c0 l\u2019ombre du ballon, la brume de ses fausses flammes compos\u00e9es d\u2019eau et de lumi\u00e8re soulage les employ\u00e9s,&hellip;\n","protected":false},"author":2,"featured_media":188892,"comment_status":"","ping_status":"","sticky":false,"template":"","format":"standard","meta":{"footnotes":""},"categories":[1888],"tags":[11,1777,674,1011,27,1944,12,626,5856,25],"class_list":{"0":"post-188891","1":"post","2":"type-post","3":"status-publish","4":"format-standard","5":"has-post-thumbnail","7":"category-paris","8":"tag-actualites","9":"tag-eu","10":"tag-europe","11":"tag-fr","12":"tag-france","13":"tag-ma-ville","14":"tag-news","15":"tag-paris","16":"tag-paris-2024","17":"tag-republique-francaise"},"share_on_mastodon":{"url":"https:\/\/pubeurope.com\/@fr\/114711118761171592","error":""},"_links":{"self":[{"href":"https:\/\/www.europesays.com\/fr\/wp-json\/wp\/v2\/posts\/188891","targetHints":{"allow":["GET"]}}],"collection":[{"href":"https:\/\/www.europesays.com\/fr\/wp-json\/wp\/v2\/posts"}],"about":[{"href":"https:\/\/www.europesays.com\/fr\/wp-json\/wp\/v2\/types\/post"}],"author":[{"embeddable":true,"href":"https:\/\/www.europesays.com\/fr\/wp-json\/wp\/v2\/users\/2"}],"replies":[{"embeddable":true,"href":"https:\/\/www.europesays.com\/fr\/wp-json\/wp\/v2\/comments?post=188891"}],"version-history":[{"count":0,"href":"https:\/\/www.europesays.com\/fr\/wp-json\/wp\/v2\/posts\/188891\/revisions"}],"wp:featuredmedia":[{"embeddable":true,"href":"https:\/\/www.europesays.com\/fr\/wp-json\/wp\/v2\/media\/188892"}],"wp:attachment":[{"href":"https:\/\/www.europesays.com\/fr\/wp-json\/wp\/v2\/media?parent=188891"}],"wp:term":[{"taxonomy":"category","embeddable":true,"href":"https:\/\/www.europesays.com\/fr\/wp-json\/wp\/v2\/categories?post=188891"},{"taxonomy":"post_tag","embeddable":true,"href":"https:\/\/www.europesays.com\/fr\/wp-json\/wp\/v2\/tags?post=188891"}],"curies":[{"name":"wp","href":"https:\/\/api.w.org\/{rel}","templated":true}]}}