{"id":188914,"date":"2025-06-19T17:18:08","date_gmt":"2025-06-19T17:18:08","guid":{"rendered":"https:\/\/www.europesays.com\/fr\/188914\/"},"modified":"2025-06-19T17:18:08","modified_gmt":"2025-06-19T17:18:08","slug":"atp-france-jo-wilfried-tsonga-le-fait-de-ne-pas-bien-parler-anglais-a-ete-un-frein-dans-ma-carriere-je-lai-mal-vecu-parce-que-je-ne-me-suis-pas-ouvert-au-monde-qui-mentourait","status":"publish","type":"post","link":"https:\/\/www.europesays.com\/fr\/188914\/","title":{"rendered":"ATP, France > Jo-Wilfried Tsonga : \u00ab\u00a0Le fait de ne pas bien parler anglais a \u00e9t\u00e9 un frein dans ma carri\u00e8re. Je l&rsquo;ai mal v\u00e9cu parce que je ne me suis pas ouvert au monde qui m&rsquo;entourait\u00a0\u00bb"},"content":{"rendered":"<p>R\u00e9cemment invit\u00e9 de la cha\u00eene Youtube de Kevin Ferreira, Jo\u2010Wilfried Tsonga s\u2019est confi\u00e9 avec beau\u00adcoup de sinc\u00e9\u00adrit\u00e9 sur sa carri\u00e8re de joueur de tennis professionnel.<\/p>\n<p>Apr\u00e8s avoir racont\u00e9 une anec\u00addote concer\u00adnant <a href=\"https:\/\/www.welovetennis.fr\/atp\/tsonga-en-2014-apres-la-finale-de-coupe-davis-contre-la-suisse-on-ma-propose-1-million-de-dollars-pour-jouer-une-exhibition-alors-que-jetais-blesse-et-jai-fait-le-choix-daller-chercher\" data-wpel-link=\"internal\" rel=\"nofollow noopener\" target=\"_blank\">une propo\u00adsi\u00adtion \u00e0 1 million de dollars<\/a> et donn\u00e9 <a href=\"https:\/\/www.welovetennis.fr\/atp\/jo-wilfried-tsonga-sur-federer-nadal-djokovic-et-murray-avec-le-recul-si-javais-gagne-un-tournoi-du-grand-chelem-est-ce-que-je-serais-plus-heureux-est-ce-que-je-serais-un-homme-meilleur\" data-wpel-link=\"internal\" rel=\"nofollow noopener\" target=\"_blank\">son avis sur le fait d\u2019\u00eatre tomb\u00e9 dans la m\u00eame g\u00e9n\u00e9\u00adra\u00adtion que Federer, Nadal, Djokovic et Murray<\/a>, l\u2019an\u00adcien 5e mondial a \u00e9voqu\u00e9 l\u2019un des prin\u00adci\u00adpaux regrets de sa carri\u00e8re.\u00a0<\/p>\n<p><strong>\u00ab\u202fQu\u2019est\u2010ce que j\u2019au\u00adrais pu mieux faire\u202f? Parler anglais. Pour bien vivre le circuit et pour avoir l\u2019im\u00adpres\u00adsion d\u2019\u00eatre encore plus chez moi partout. Cela a \u00e9t\u00e9 pour moi un peu un frein. J\u2019ai telle\u00adment mal parl\u00e9 au d\u00e9part que m\u00eame si aujourd\u2019hui je sais parler et je peux avoir une discus\u00adsion, je ne suis pas \u00e0 l\u2019aise. Je sens que ce n\u2019est pas naturel chez moi, que je dois faire des efforts de concen\u00adtra\u00adtion, de pronon\u00adcia\u00adtion et, pour moi, c\u2019est dur. Je l\u2019ai mal v\u00e9cu parce que je ne me suis pas ouvert au monde qui m\u2019en\u00adtou\u00adrait. \u00c0 un moment donn\u00e9, j\u2019au\u00adrais d\u00fb aller vers les entra\u00ee\u00adneurs \u00e9tran\u00adgers pour savoir ce qu\u2019ils pensaient, et je l\u2019ai fait trop tard. J\u2019avais ma culture fran\u00ad\u00e7aise et j\u2019ai pris tout ce que je pouvais mais chez les \u00e9tran\u00adgers, je n\u2019ai pas tout pris. J\u2019ai eu un entra\u00ee\u00adneur austra\u00adlien (Roger Rasheed), un entra\u00ee\u00adneur espa\u00adgnol (Sergi Bruguera), donc j\u2019ai appris plein de choses, mais j\u2019au\u00adrais pu en apprendre encore plus d\u2019autres personnes. Cela m\u2019aura manqu\u00e9.\u202f\u00bb<\/strong><\/p>\n<p class=\"post-published-date\" style=\"color: silver; font-size: 75%; text-align: left;\">Publi\u00e9 le jeudi 19 juin 2025 \u00e0 18:18<\/p>\n","protected":false},"excerpt":{"rendered":"R\u00e9cemment invit\u00e9 de la cha\u00eene Youtube de Kevin Ferreira, Jo\u2010Wilfried Tsonga s\u2019est confi\u00e9 avec beau\u00adcoup de sinc\u00e9\u00adrit\u00e9 sur&hellip;\n","protected":false},"author":2,"featured_media":188915,"comment_status":"","ping_status":"","sticky":false,"template":"","format":"standard","meta":{"footnotes":""},"categories":[1415],"tags":[4737,105,2199,1011,27,1960,60,1467,14828],"class_list":{"0":"post-188914","1":"post","2":"type-post","3":"status-publish","4":"format-standard","5":"has-post-thumbnail","7":"category-tennis","8":"tag-andy-murray","9":"tag-djokovic","10":"tag-federer","11":"tag-fr","12":"tag-france","13":"tag-nadal","14":"tag-sports","15":"tag-tennis","16":"tag-tsonga"},"share_on_mastodon":{"url":"https:\/\/pubeurope.com\/@fr\/114711174066358875","error":""},"_links":{"self":[{"href":"https:\/\/www.europesays.com\/fr\/wp-json\/wp\/v2\/posts\/188914","targetHints":{"allow":["GET"]}}],"collection":[{"href":"https:\/\/www.europesays.com\/fr\/wp-json\/wp\/v2\/posts"}],"about":[{"href":"https:\/\/www.europesays.com\/fr\/wp-json\/wp\/v2\/types\/post"}],"author":[{"embeddable":true,"href":"https:\/\/www.europesays.com\/fr\/wp-json\/wp\/v2\/users\/2"}],"replies":[{"embeddable":true,"href":"https:\/\/www.europesays.com\/fr\/wp-json\/wp\/v2\/comments?post=188914"}],"version-history":[{"count":0,"href":"https:\/\/www.europesays.com\/fr\/wp-json\/wp\/v2\/posts\/188914\/revisions"}],"wp:featuredmedia":[{"embeddable":true,"href":"https:\/\/www.europesays.com\/fr\/wp-json\/wp\/v2\/media\/188915"}],"wp:attachment":[{"href":"https:\/\/www.europesays.com\/fr\/wp-json\/wp\/v2\/media?parent=188914"}],"wp:term":[{"taxonomy":"category","embeddable":true,"href":"https:\/\/www.europesays.com\/fr\/wp-json\/wp\/v2\/categories?post=188914"},{"taxonomy":"post_tag","embeddable":true,"href":"https:\/\/www.europesays.com\/fr\/wp-json\/wp\/v2\/tags?post=188914"}],"curies":[{"name":"wp","href":"https:\/\/api.w.org\/{rel}","templated":true}]}}