{"id":188926,"date":"2025-06-19T17:24:10","date_gmt":"2025-06-19T17:24:10","guid":{"rendered":"https:\/\/www.europesays.com\/fr\/188926\/"},"modified":"2025-06-19T17:24:10","modified_gmt":"2025-06-19T17:24:10","slug":"tournage-en-coree-du-nord-des-propos-sexuels-de-depardieu-visaient-bien-une-fillette-selon-une-expertise-actualites","status":"publish","type":"post","link":"https:\/\/www.europesays.com\/fr\/188926\/","title":{"rendered":"Tournage en Cor\u00e9e du Nord: des propos sexuels de Depardieu visaient bien une fillette, selon une expertise : Actualit\u00e9s"},"content":{"rendered":"<p class=\"lead \">Une expertise judiciaire demand\u00e9e par G\u00e9rard Depardieu, vers\u00e9e \u00e0 l&rsquo;enqu\u00eate p\u00e9nale dans laquelle il est mis en cause pour viols, \u00e9tablit que l&rsquo;acteur ciblait bien une fillette avec des propos sexuels lors d&rsquo;un tournage en Cor\u00e9e du Nord, a appris l&rsquo;AFP jeudi de source proche du dossier, confirmant une information de Lib\u00e9ration.<\/p>\n<p class=\"lead \">Selon ce document sign\u00e9 mi-mai par un expert informatique et dont l&rsquo;AFP a eu connaissance, \u00ab\u00a0l&rsquo;analyse technique nous permet d&rsquo;\u00e9tablir que des propos \u00e0 connotation sexuelle ont \u00e9t\u00e9 adress\u00e9s \u00e0 l&rsquo;\u00e9gard d&rsquo;une fillette \u00e9voluant sur un poney\u00a0\u00bb.<\/p>\n<p class=\"lead \">Sollicit\u00e9, l&rsquo;avocat de G\u00e9rard Depardieu n&rsquo;a pas r\u00e9pondu dans l&rsquo;imm\u00e9diat \u00e0 l&rsquo;AFP.<\/p>\n<p class=\"lead \">L&rsquo;\u00e9mission Compl\u00e9ment d&rsquo;enqu\u00eate, sur France 2, avait r\u00e9v\u00e9l\u00e9 en d\u00e9cembre 2023 ces images tourn\u00e9es lors d&rsquo;un voyage en Cor\u00e9e du Nord avec l&rsquo;\u00e9crivain Yann Moix en 2018, d\u00e9clenchant un scandale.<\/p>\n<p class=\"lead \">On pouvait y voir G\u00e9rard Depardieu multiplier les commentaires misogynes et insultants dans le haras, notamment \u00e0 un moment o\u00f9 \u00e0 l&rsquo;\u00e9cran, une fillette faisait du cheval.<\/p>\n<p class=\"lead \">L&rsquo;\u00e9mission avait pr\u00e9cipit\u00e9 la chute de l&rsquo;acteur, mis en cause par plusieurs femmes pour des viols et des violences sexuelles, et condamn\u00e9 mi-mai \u00e0 18 mois de prison avec sursis \u00e0 Paris pour avoir agress\u00e9 deux femmes sur le tournage des \u00ab\u00a0Volets verts\u00a0\u00bb en 2021 &#8211; une d\u00e9cision dont il a fait appel.<\/p>\n<p class=\"lead \">G\u00e9rard Depardieu affirmait que le montage \u00e9tait trompeur et que ses propos n&rsquo;\u00e9taient pas destin\u00e9s \u00e0 la jeune fille mais \u00e0 une autre femme, adulte, et pr\u00e9tendait aussi qu&rsquo;il s&rsquo;agissait d&rsquo;une sc\u00e8ne de fiction.<\/p>\n<p class=\"lead \">L&rsquo;expert se fonde notamment sur un passage o\u00f9 des propos misogynes et sexuels visent une \u00ab\u00a0petite dame (&#8230;) en mocassins\u00a0\u00bb, ce qui lui para\u00eet compatible avec une cavali\u00e8re enfant qui appara\u00eet sur les images avec des \u00ab\u00a0chaussures plates\u00a0\u00bb, tandis que la cavali\u00e8re adulte avait elle des \u00ab\u00a0chaussures \u00e0 talon haut\u00a0\u00bb.<\/p>\n<p class=\"lead \">La question de savoir si les images ont \u00e9t\u00e9 manipul\u00e9es fera l&rsquo;objet d&rsquo;une audience correctionnelle le 2 octobre prochain, apr\u00e8s des plaintes crois\u00e9es de Yann Moix et G\u00e9rard Depardieu d&rsquo;un c\u00f4t\u00e9, et de journalistes de Compl\u00e9ment d&rsquo;enqu\u00eate de l&rsquo;autre.<\/p>\n<p class=\"lead \">Dans le cadre de cette proc\u00e9dure distincte, une autre expertise, civile cette fois, a \u00e9t\u00e9 ordonn\u00e9e, mais n&rsquo;a pas \u00e9t\u00e9 rendue.<\/p>\n<p class=\"lead \">Dans le dossier p\u00e9nal auquel l&rsquo;expertise du 15 mai a \u00e9t\u00e9 vers\u00e9e, le parquet de Paris a requis un proc\u00e8s \u00e0 l&rsquo;encontre de M. Depardieu apr\u00e8s sa mise en examen pour des viols d\u00e9nonc\u00e9s par l&rsquo;actrice Charlotte Arnould en ao\u00fbt 2018.<\/p>\n<p class=\"small font-weight-bold text-gray3 \"> publi\u00e9 le 19 juin \u00e0 17h48, AFP<\/p>\n<p>                             Partager<\/p>\n","protected":false},"excerpt":{"rendered":"Une expertise judiciaire demand\u00e9e par G\u00e9rard Depardieu, vers\u00e9e \u00e0 l&rsquo;enqu\u00eate p\u00e9nale dans laquelle il est mis en cause&hellip;\n","protected":false},"author":2,"featured_media":188927,"comment_status":"","ping_status":"","sticky":false,"template":"","format":"standard","meta":{"footnotes":""},"categories":[1359],"tags":[1120,1971,1972,32676,58,1769,59,4651,1011,27,9555,973,4780,9556],"class_list":{"0":"post-188926","1":"post","2":"type-post","3":"status-publish","4":"format-standard","5":"has-post-thumbnail","7":"category-people","8":"tag-agression","9":"tag-clbrits","10":"tag-cinma","11":"tag-corenord","12":"tag-divertissement","13":"tag-enqute","14":"tag-entertainment","15":"tag-femmes","16":"tag-fr","17":"tag-france","18":"tag-mdias","19":"tag-people","20":"tag-procs","21":"tag-tlvision"},"share_on_mastodon":{"url":"https:\/\/pubeurope.com\/@fr\/114711197692438882","error":""},"_links":{"self":[{"href":"https:\/\/www.europesays.com\/fr\/wp-json\/wp\/v2\/posts\/188926","targetHints":{"allow":["GET"]}}],"collection":[{"href":"https:\/\/www.europesays.com\/fr\/wp-json\/wp\/v2\/posts"}],"about":[{"href":"https:\/\/www.europesays.com\/fr\/wp-json\/wp\/v2\/types\/post"}],"author":[{"embeddable":true,"href":"https:\/\/www.europesays.com\/fr\/wp-json\/wp\/v2\/users\/2"}],"replies":[{"embeddable":true,"href":"https:\/\/www.europesays.com\/fr\/wp-json\/wp\/v2\/comments?post=188926"}],"version-history":[{"count":0,"href":"https:\/\/www.europesays.com\/fr\/wp-json\/wp\/v2\/posts\/188926\/revisions"}],"wp:featuredmedia":[{"embeddable":true,"href":"https:\/\/www.europesays.com\/fr\/wp-json\/wp\/v2\/media\/188927"}],"wp:attachment":[{"href":"https:\/\/www.europesays.com\/fr\/wp-json\/wp\/v2\/media?parent=188926"}],"wp:term":[{"taxonomy":"category","embeddable":true,"href":"https:\/\/www.europesays.com\/fr\/wp-json\/wp\/v2\/categories?post=188926"},{"taxonomy":"post_tag","embeddable":true,"href":"https:\/\/www.europesays.com\/fr\/wp-json\/wp\/v2\/tags?post=188926"}],"curies":[{"name":"wp","href":"https:\/\/api.w.org\/{rel}","templated":true}]}}