{"id":188934,"date":"2025-06-19T17:28:09","date_gmt":"2025-06-19T17:28:09","guid":{"rendered":"https:\/\/www.europesays.com\/fr\/188934\/"},"modified":"2025-06-19T17:28:09","modified_gmt":"2025-06-19T17:28:09","slug":"dans-yoroi-le-nouveau-film-dorelsan-le-rappeur-part-au-japon-et-se-transforme-en-samourai","status":"publish","type":"post","link":"https:\/\/www.europesays.com\/fr\/188934\/","title":{"rendered":"Dans \u00ab\u00a0Yoro\u00ef\u00a0\u00bb, le nouveau film d\u2019Orelsan, le rappeur part au Japon et se transforme en samoura\u00ef"},"content":{"rendered":"\n<p> La lecture de ce contenu est susceptible d\u2019entra\u00eener un d\u00e9p\u00f4t de cookies de la part de l\u2019op\u00e9rateur tiers qui l\u2019h\u00e9berge. Compte-tenu des choix que vous avez exprim\u00e9s en mati\u00e8re de d\u00e9p\u00f4t de cookies, nous avons bloqu\u00e9 l\u2019affichage de ce contenu. Si vous souhaitez y acc\u00e9der, vous devez accepter la cat\u00e9gorie de cookies \u201cContenus tiers\u201d en cliquant sur le bouton ci-dessous. <\/p>\n<p> Lire la Vid\u00e9o              <\/p>\n<p class=\"asset asset-text\">CIN\u00c9MA &#8211; Orelsan aime le Japon, ce n\u2019est pas nouveau. Son nom de sc\u00e8ne est un m\u00e9lange entre son surnom Orel (pour <a href=\"https:\/\/www.huffingtonpost.fr\/culture\/article\/montre-jamais-ca-a-personne-pourquoi-le-docu-sur-orelsan-n-interessera-pas-que-ses-fans_187606.html\" target=\"_blank\" rel=\"noopener\">Aur\u00e9lien Cotentin<\/a>) et le suffixe japonais \u00ab\u00a0san\u00a0\u00bb. Le titre de sa chanson Shonen est une r\u00e9f\u00e9rence aux mangas et il a m\u00eame doubl\u00e9 un personnage dans l\u2019anime\u00a0One-Punch Man. Avec Yoro\u00ef, il poursuit sa lettre d\u2019amour \u00e0 la culture japonaise.<\/p>\n<p class=\"asset asset-text\">Le nouveau film \u00e9crit par le <a href=\"https:\/\/www.huffingtonpost.fr\/culture\/article\/evidemment-d-orelsan-et-angele-l-histoire-d-un-tube-qui-a-bien-failli-ne-pas-sortir_209526.html\" target=\"_blank\" rel=\"noopener\">rappeur de Caen<\/a> sortira le 29\u00a0octobre prochain au cin\u00e9ma. Il est r\u00e9alis\u00e9 par David Tomaszewski, \u00e9galement co-sc\u00e9nariste, qui a d\u00e9j\u00e0 tourn\u00e9 de nombreux clips d\u2019<a href=\"https:\/\/www.huffingtonpost.fr\/culture\/article\/le-clip-la-quete-d-orelsan-va-vous-donner-envie-de-vous-remettre-a-la-pate-a-modeler_192945.html\" target=\"_blank\" rel=\"noopener\">Orelsan<\/a>. On en savait peu sur ce projet jusqu\u2019\u00e0 pr\u00e9sent. La bande-annonce d\u00e9jant\u00e9e partag\u00e9e ce jeudi 19\u00a0juin nous en apprend un peu plus.<\/p>\n<p class=\"asset asset-text\">Yoro\u00ef m\u00eale fiction et r\u00e9alit\u00e9. Orelsan joue le r\u00f4le principal sous son vrai pr\u00e9nom. Apr\u00e8s une derni\u00e8re tourn\u00e9e \u00e9prouvante, Aur\u00e9lien d\u00e9m\u00e9nage au Japon avec sa femme Nanako (interpr\u00e9t\u00e9e par Clara Cho\u00ef), enceinte de leur premier enfant. Le couple s\u2019installe dans une maison traditionnelle \u00e0 la campagne, mais la situation va vite prendre une tournure fantastique \u00e0 la d\u00e9couverte d\u2019un puits et d\u2019une armure.<\/p>\n<p class=\"asset asset-text\">Le teaser raconte la l\u00e9gende de Shiraga, un artisan qui re\u00e7ut en offrande une armure de la main des dieux. Comme par magie, cette m\u00eame armure se colle \u00e0 la peau de notre h\u00e9ros fran\u00e7ais et va r\u00e9veiller les yoka\u00efs. C\u2019est l\u00e0 que les ennuis \u2013 et la bagarre \u2013 commencent<\/p>\n<p class=\"asset asset-text\">Dans le folklore nippon, les yok\u00e4is sont des cr\u00e9atures surnaturelles, qu\u2019il s\u2019agisse de monstres ou de spectres, bienveillants ou mal\u00e9fiques. Le titre du film, Yoro\u00ef, est l\u2019armure port\u00e9e par les samoura\u00efs au Moyen-\u00c2ge.<\/p>\n<p>    Orelsan et la paternit\u00e9    <\/p>\n<p class=\"asset asset-text\">Orelsan va donc devoir se battre contre ces apparitions \u00e9tranges, mais pas que. Dans ce r\u00e9cit semi-autobiographique, le rappeur doit aussi vaincre ses propres d\u00e9mons. Une annonce de casting partag\u00e9e en mai\u00a02024 avec Le HuffPost pr\u00e9cisait que le film \u00ab\u00a0met en sc\u00e8ne ses peurs li\u00e9es \u00e0 la paternit\u00e9 repr\u00e9sent\u00e9e par la culture japonaise\u00a0\u00bb. Dans la vraie vie, Aur\u00e9lien Cotentin serait devenu papa fin 2023, d\u2019apr\u00e8s la presse people.<\/p>\n<p class=\"asset asset-text\">Ce n\u2019est pas la premi\u00e8re fois que l\u2019artiste se met \u00e0 nu \u00e0 l\u2019\u00e9cran. Il y a pile dix\u00a0ans, il \u00e9tait \u00e0 l\u2019affiche de <a href=\"https:\/\/www.huffingtonpost.fr\/actualites\/article\/entretien-avec-orelsan-sur-comment-c-est-loin-son-premier-film-accidentellement-generationnel_68231.html\" target=\"_blank\" rel=\"noopener\">Comment c\u2019est loin<\/a> avec son ami Gringe, un film musical sur les gal\u00e8res de la trentaine et la panne d\u2019inspiration. Plus r\u00e9cemment, il s\u2019est livr\u00e9 sur son processus cr\u00e9atif dans le documentaire <a href=\"https:\/\/www.huffingtonpost.fr\/culture\/article\/orelsan-sur-amazon-prime-la-partie-2-du-docu-aurait-pu-s-appeler-fais-jamais-ecouter-ca-a-personne_208894.html\" target=\"_blank\" rel=\"noopener\">Montre jamais \u00e7a \u00e0 personne<\/a>, r\u00e9alis\u00e9 par son fr\u00e8re Cl\u00e9ment Cotentin pour Prime Video.<\/p>\n<p class=\"asset asset-text\">Dans le teaser, la musique ne semble pas pr\u00e9sente dans Yoro\u00ef. Mais le film est produit en partenariat avec Sony Music, le label d\u2019Orelsan depuis 2023. Les fans peuvent donc, sans trop de doute, s\u2019attendre \u00e0 de nouveaux morceaux du rappeur.<\/p>\n","protected":false},"excerpt":{"rendered":"La lecture de ce contenu est susceptible d\u2019entra\u00eener un d\u00e9p\u00f4t de cookies de la part de l\u2019op\u00e9rateur tiers&hellip;\n","protected":false},"author":2,"featured_media":188935,"comment_status":"","ping_status":"","sticky":false,"template":"","format":"standard","meta":{"footnotes":""},"categories":[1355],"tags":[1409,650,251,58,59,1011,27,1361,873,21953],"class_list":{"0":"post-188934","1":"post","2":"type-post","3":"status-publish","4":"format-standard","5":"has-post-thumbnail","7":"category-musique","8":"tag-bande-annonce","9":"tag-cinema","10":"tag-culture","11":"tag-divertissement","12":"tag-entertainment","13":"tag-fr","14":"tag-france","15":"tag-music","16":"tag-musique","17":"tag-orelsan"},"share_on_mastodon":{"url":"https:\/\/pubeurope.com\/@fr\/114711213180718938","error":""},"_links":{"self":[{"href":"https:\/\/www.europesays.com\/fr\/wp-json\/wp\/v2\/posts\/188934","targetHints":{"allow":["GET"]}}],"collection":[{"href":"https:\/\/www.europesays.com\/fr\/wp-json\/wp\/v2\/posts"}],"about":[{"href":"https:\/\/www.europesays.com\/fr\/wp-json\/wp\/v2\/types\/post"}],"author":[{"embeddable":true,"href":"https:\/\/www.europesays.com\/fr\/wp-json\/wp\/v2\/users\/2"}],"replies":[{"embeddable":true,"href":"https:\/\/www.europesays.com\/fr\/wp-json\/wp\/v2\/comments?post=188934"}],"version-history":[{"count":0,"href":"https:\/\/www.europesays.com\/fr\/wp-json\/wp\/v2\/posts\/188934\/revisions"}],"wp:featuredmedia":[{"embeddable":true,"href":"https:\/\/www.europesays.com\/fr\/wp-json\/wp\/v2\/media\/188935"}],"wp:attachment":[{"href":"https:\/\/www.europesays.com\/fr\/wp-json\/wp\/v2\/media?parent=188934"}],"wp:term":[{"taxonomy":"category","embeddable":true,"href":"https:\/\/www.europesays.com\/fr\/wp-json\/wp\/v2\/categories?post=188934"},{"taxonomy":"post_tag","embeddable":true,"href":"https:\/\/www.europesays.com\/fr\/wp-json\/wp\/v2\/tags?post=188934"}],"curies":[{"name":"wp","href":"https:\/\/api.w.org\/{rel}","templated":true}]}}