{"id":188938,"date":"2025-06-19T17:30:11","date_gmt":"2025-06-19T17:30:11","guid":{"rendered":"https:\/\/www.europesays.com\/fr\/188938\/"},"modified":"2025-06-19T17:30:11","modified_gmt":"2025-06-19T17:30:11","slug":"une-fillette-de-11-ans-succombe-a-une-surdose-de-morphine-alors-quelle-avait-vaincu-le-cancer","status":"publish","type":"post","link":"https:\/\/www.europesays.com\/fr\/188938\/","title":{"rendered":"Une fillette de 11 ans succombe \u00e0 une surdose de morphine alors qu\u2019elle avait vaincu le cancer"},"content":{"rendered":"<p>Aux \u00c9tats-Unis, la justice vient de condamner\u00a0un h\u00f4pital p\u00e9diatrique de <a href=\"https:\/\/www.20minutes.fr\/dossier\/chicago\" class=\"color-ultramarine c-link\" rel=\"nofollow noopener\" target=\"_blank\">Chicago<\/a> \u00e0 verser 20,5\u00a0millions de dollars \u00e0 la famille d\u2019une fillette d\u00e9c\u00e9d\u00e9e en\u00a02020. Selon <a href=\"https:\/\/www.cbsnews.com\/chicago\/news\/jury-verdict-ava-wilson-death-morphine-levels-advocate-childrens-hospital\/\" rel=\"nofollow noopener\" target=\"_blank\" class=\"color-ultramarine c-link\">CBS News<\/a>, la jeune fille de 11 ans aurait succomb\u00e9 \u00e0 une\u00a0dose mortelle de morphine alors qu\u2019elle se trouvait en r\u00e9mission d\u2019une leuc\u00e9mie.<\/p>\n<p>Les faits remontent \u00e0 octobre\u00a02020. \u00c0 l\u2019\u00e9poque, Ava Wilson se plaint de douleurs aigu\u00ebs lors d\u2019un rendez-vous de suivi \u00e0 l\u2019<a href=\"https:\/\/www.20minutes.fr\/dossier\/hopital\" class=\"color-ultramarine c-link\" rel=\"nofollow noopener\" target=\"_blank\">h\u00f4pital<\/a> pour enfants Advocate. Des analyses r\u00e9v\u00e8lent alors une faible num\u00e9ration plaquettaire, une faible num\u00e9ration globulaire, une \u00e9l\u00e9vation des enzymes h\u00e9patiques et une hypotension art\u00e9rielle.<\/p>\n<p>\u00ab\u00a0Le triple de ses pr\u00e9c\u00e9dentes prescriptions\u00a0\u00bb<\/p>\n<p>Elle \u00ab\u00a0pleurait de douleur\u00a0\u00bb et \u00ab\u00a0avait des difficult\u00e9s \u00e0 marcher\u00a0\u00bb, ont indiqu\u00e9 les avocats de la <a href=\"https:\/\/www.20minutes.fr\/dossier\/famille\" class=\"color-ultramarine c-link\" rel=\"nofollow noopener\" target=\"_blank\">famille<\/a> dans un communiqu\u00e9. Pour calmer ses maux, une infirmi\u00e8re aurait alors prescrit \u00e0 Ava 100\u00a0mg de gabapentine trois fois par jour\u00a0ainsi que 15\u00a0mg de morphine \u00e0 prendre au besoin toutes les quatre heures. \u00ab\u00a0Soit le triple de ses pr\u00e9c\u00e9dentes prescriptions\u00a0\u00bb, pr\u00e9cisent les conseils, qui estiment que la jeune fille aurait d\u00fb \u00eatre hospitalis\u00e9e.<\/p>\n<p>Au lieu de \u00e7a, l\u2019oncologue de la jeune patiente a valid\u00e9 ce protocole de gestion de la <a href=\"https:\/\/www.20minutes.fr\/dossier\/douleur\" class=\"color-ultramarine c-link\" rel=\"nofollow noopener\" target=\"_blank\">douleur<\/a> et l\u2019a renvoy\u00e9e chez elle sans m\u00eame l\u2019examiner. Le surlendemain, la fillette \u00e9tait retrouv\u00e9e sans vie dans son lit. Les analyses post-mortem ont r\u00e9v\u00e9l\u00e9 une toxicit\u00e9 aigu\u00eb \u00e0 plusieurs substances\u00a0avec des niveaux mortels de morphine dans son organisme.<\/p>\n<p>\u00ab\u00a0Ils l\u2019ont simplement ignor\u00e9\u00a0\u00bb<\/p>\n<p>Boulevers\u00e9e, la famille a rapidement port\u00e9 l\u2019affaire en <a href=\"https:\/\/www.20minutes.fr\/justice\/\" class=\"color-ultramarine c-link\" rel=\"nofollow noopener\" target=\"_blank\">justice<\/a>, ce qui a conduit il y a quelques jours \u00e0 la condamnation de l\u2019h\u00f4pital. \u00ab\u00a0Le corps d\u2019Ava criait \u00e0 ces cliniciens\u00a0: \u00ab\u00a0Aidez-moi\u00a0!\u00a0\u00bb, et ils l\u2019ont simplement ignor\u00e9\u00a0\u00bb, ont martel\u00e9 leurs avocats.<\/p>\n<p>Bien que le chagrin reste immense, ce verdict a apport\u00e9 un soulagement aux proches de l\u2019enfant\u00a0: \u00ab\u00a0Rien ne peut att\u00e9nuer la profondeur de la douleur des proches d\u2019Ava, mais la famille est reconnaissante que le jury ait reconnu que sa mort \u00e9tait \u00e9vitable et qu\u2019elle devrait \u00eatre encore en vie aujourd\u2019hui.\u00a0\u00bb<\/p>\n<\/p>\n<p>Dans un communiqu\u00e9, un repr\u00e9sentant de l\u2019h\u00f4pital a r\u00e9agi de mani\u00e8re laconique en d\u00e9clarant\u00a0: \u00ab\u00a0Nous sommes de tout c\u0153ur avec cette famille.\u00a0\u00bb<\/p>\n","protected":false},"excerpt":{"rendered":"Aux \u00c9tats-Unis, la justice vient de condamner\u00a0un h\u00f4pital p\u00e9diatrique de Chicago \u00e0 verser 20,5\u00a0millions de dollars \u00e0 la&hellip;\n","protected":false},"author":2,"featured_media":188939,"comment_status":"","ping_status":"","sticky":false,"template":"","format":"standard","meta":{"footnotes":""},"categories":[10],"tags":[47,101,73,118,1011,27,72,100,303,24886,74,71],"class_list":{"0":"post-188938","1":"post","2":"type-post","3":"status-publish","4":"format-standard","5":"has-post-thumbnail","7":"category-sante","8":"tag-actualite","9":"tag-cancer","10":"tag-etats-unis","11":"tag-faits-divers","12":"tag-fr","13":"tag-france","14":"tag-health","15":"tag-hopital","16":"tag-justice","17":"tag-leucemie","18":"tag-monde","19":"tag-sante"},"share_on_mastodon":{"url":"https:\/\/pubeurope.com\/@fr\/114711220977711579","error":""},"_links":{"self":[{"href":"https:\/\/www.europesays.com\/fr\/wp-json\/wp\/v2\/posts\/188938","targetHints":{"allow":["GET"]}}],"collection":[{"href":"https:\/\/www.europesays.com\/fr\/wp-json\/wp\/v2\/posts"}],"about":[{"href":"https:\/\/www.europesays.com\/fr\/wp-json\/wp\/v2\/types\/post"}],"author":[{"embeddable":true,"href":"https:\/\/www.europesays.com\/fr\/wp-json\/wp\/v2\/users\/2"}],"replies":[{"embeddable":true,"href":"https:\/\/www.europesays.com\/fr\/wp-json\/wp\/v2\/comments?post=188938"}],"version-history":[{"count":0,"href":"https:\/\/www.europesays.com\/fr\/wp-json\/wp\/v2\/posts\/188938\/revisions"}],"wp:featuredmedia":[{"embeddable":true,"href":"https:\/\/www.europesays.com\/fr\/wp-json\/wp\/v2\/media\/188939"}],"wp:attachment":[{"href":"https:\/\/www.europesays.com\/fr\/wp-json\/wp\/v2\/media?parent=188938"}],"wp:term":[{"taxonomy":"category","embeddable":true,"href":"https:\/\/www.europesays.com\/fr\/wp-json\/wp\/v2\/categories?post=188938"},{"taxonomy":"post_tag","embeddable":true,"href":"https:\/\/www.europesays.com\/fr\/wp-json\/wp\/v2\/tags?post=188938"}],"curies":[{"name":"wp","href":"https:\/\/api.w.org\/{rel}","templated":true}]}}