{"id":18894,"date":"2025-04-12T02:52:23","date_gmt":"2025-04-12T02:52:23","guid":{"rendered":"https:\/\/www.europesays.com\/fr\/18894\/"},"modified":"2025-04-12T02:52:23","modified_gmt":"2025-04-12T02:52:23","slug":"pres-du-grand-rex-a-paris-les-riverains-vont-avoir-leur-marche-alimentaire-apres-plus-de-dix-ans-dattente","status":"publish","type":"post","link":"https:\/\/www.europesays.com\/fr\/18894\/","title":{"rendered":"Pr\u00e8s du Grand Rex \u00e0 Paris, les riverains vont avoir leur march\u00e9 alimentaire apr\u00e8s plus de dix ans d&rsquo;attente"},"content":{"rendered":"<p>            Par<br \/>\n        <strong><br \/>\n            <a href=\"https:\/\/actu.fr\/auteur\/augustin-delaporte\" title=\"Consulter tous les articles de Augustin Delaporte\" rel=\"nofollow noopener\" target=\"_blank\">Augustin Delaporte<\/a><br \/>\n        <\/strong><\/p>\n<p>        Publi\u00e9 le<\/p>\n<p>            11 avr. 2025 \u00e0 6h04        <\/p>\n<p>C\u2019est act\u00e9, un <strong>nouveau march\u00e9 hebdomadaire, d\u00e9couvert et s\u00e9dentaire,<\/strong> va \u00eatre cr\u00e9\u00e9e pr\u00e8s des <a href=\"https:\/\/actu.fr\/tag\/grands-boulevards\" rel=\"nofollow noopener\" target=\"_blank\">Grands Boulevards<\/a> \u00e0 Paris (9e). Il se tiendra tous les samedis matins, \u00e0 partir de septembre 2025.<\/p>\n<p>Une premi\u00e8re pour les habitants du sud de l\u2019arrondissement\u00a0<\/p>\n<p class=\" wall-content\">\u00c0 dix minutes \u00e0 pied du <a href=\"https:\/\/actu.fr\/ile-de-france\/paris_75056\/paris-comment-le-quartier-de-strasbourg-saint-denis-est-devenu-un-food-court-a-ciel-ouvert_61675664.html\" rel=\"nofollow noopener\" target=\"_blank\">\u00ab food court \u00e0 ciel ouvert \u00bb de Strasbourg Saint-Denis (10e)<\/a>, cinq du <a href=\"https:\/\/actu.fr\/tag\/grand-rex\" rel=\"nofollow noopener\" target=\"_blank\">Grand Rex<\/a>\u00a0et \u00e0 peine trois de <a href=\"https:\/\/actu.fr\/ile-de-france\/paris_75056\/ma-recette-n-a-pas-change-pour-la-deuxieme-fois-la-parisienne-produit-la-meilleure-baguette-de-paris_62476668.html\" rel=\"nofollow noopener\" target=\"_blank\">la meilleure baguette 2025 de Paris<\/a>, le futur march\u00e9 \u00ab\u00a0Sainte-C\u00e9cile\u00a0\u00bb va bient\u00f4t venir se lover sur la rue du m\u00eame nom et sa perpendiculaire, la <strong>rue du Conservatoire<\/strong>, sur environ 182 m\u00e8tres lin\u00e9aires.<\/p>\n<p class=\" wall-content\"><strong>Dans les tuyaux depuis plus de dix ans<\/strong>, cette cr\u00e9ation a \u00e9t\u00e9 ent\u00e9rin\u00e9e en <a href=\"https:\/\/actu.fr\/tag\/conseil-de-paris\" rel=\"nofollow noopener\" target=\"_blank\">Conseil de Paris<\/a>, mardi 8 avril 2025.<\/p>\n<p class=\" wall-content\">\u00ab\u00a0Nous avons pouss\u00e9 le plus loin possible nos \u00e9tudes \u00e9conomiques et la maire d\u2019arrondissement, avec les cr\u00e9dits localis\u00e9s, a permis la cr\u00e9ation de ce nouveau march\u00e9\u00a0\u00bb, a retrac\u00e9, \u00e0 cette occasion, <a href=\"https:\/\/actu.fr\/ile-de-france\/paris_75056\/ma-politique-relocaliser-trois-questions-a-nicolas-bonnet-oulaldj-adjoint-au-commerce-a-paris_60254637.html\" rel=\"nofollow noopener\" target=\"_blank\">Nicolas Bonnet-Oulaldj<\/a>, l\u2019adjoint \u00e0 la <a href=\"https:\/\/actu.fr\/tag\/mairie-de-paris\" rel=\"nofollow noopener\" target=\"_blank\">Ville de Paris<\/a> en charge du <strong>commerce<\/strong>.<\/p>\n<p>La gestion d\u00e9l\u00e9gu\u00e9e au Groupe Bensidoun<\/p>\n<p class=\" wall-content\">D\u00e8s 2014, la maire du 9e, Delphine B\u00fcrkli (Horizons), avait fait part \u00e0 l\u2019ancienne adjointe au commerce, <a href=\"https:\/\/actu.fr\/ile-de-france\/paris_75056\/trois-questions-a-olivia-polski-comment-la-nouvelle-adjointe-veut-seduire-des-agents-a-paris_60291743.html\" rel=\"nofollow noopener\" target=\"_blank\">Olivia Polski<\/a>, de son souhait de cr\u00e9er <strong>un second march\u00e9 alimentaire d\u00e9couvert<\/strong>, au sud de l\u2019arrondissement, afin de compl\u00e9ter l\u2019offre de celui de la place d\u2019Anvers, nich\u00e9e \u00e0 proximit\u00e9 du 18e.\u00a0<\/p>\n<p>Vid\u00e9os : en ce moment sur Actu<\/p>\n<p class=\" wall-content\">Un v\u0153u ensuite rattach\u00e9 \u00e0 la d\u00e9lib\u00e9ration d\u00e9pos\u00e9e lors du Conseil de Paris de novembre 2018, relatif au principe du <strong>renouvellement de la d\u00e9l\u00e9gation de service public<\/strong> (DSP) des march\u00e9s d\u00e9couverts alimentaires.<\/p>\n<p class=\" wall-content\">La convention de DSP du 6 novembre 2019 ayant confi\u00e9 \u00e0 la <strong>soci\u00e9t\u00e9 Groupe Bensidoun<\/strong> le secteur A des march\u00e9s d\u00e9couverts alimentaires (9e, 10e, 11e, 12e, 13e, 14e et 20e arrondissements) jusqu\u2019au 3 janvier 2026, c\u2019est elle qui r\u00e9cup\u00e8re sa gestion, par un avenant.\u00a0<\/p>\n<p>Des travaux chiffr\u00e9s \u00e0 160 000 euros<\/p>\n<p class=\" wall-content\">\u00c0 l\u2019\u00e9t\u00e9 2023, la mairie d\u2019arrondissement avait lanc\u00e9 <a href=\"https:\/\/mairie09.paris.fr\/pages\/consultation-publique-creation-d-un-marche-decouvert-24146\" rel=\"nofollow noopener\" target=\"_blank\">une consultation publique<\/a> par le biais d\u2019internet et par voie postale, \u00e0 destination des habitants du <strong>quartier Faubourg-Montmartre<\/strong>. 1 902 d\u2019entre eux se sont prononc\u00e9s, \u00e0 95,7% en faveur de ce projet.<\/p>\n<p class=\" wall-content\">\u00ab\u00a0Chacun va pouvoir acc\u00e9der \u00e0 des fruits et l\u00e9gumes, fromages, viandes, poissons \u00e0 des prix raisonnables, commentait Nicolas Bonnet-Oulaldj, lors du Conseil de Paris du 8 avril. Les march\u00e9s sont aussi <strong>un pilier pour des milliers de petits commer\u00e7ants<\/strong>, dont le revenu d\u00e9pend presque int\u00e9gralement de la tenue des march\u00e9s. Ils \u00e9coulent des fruits et l\u00e9gumes de saison, dont la conservation n\u2019exc\u00e8de gu\u00e8re quelques jours. Ils permettent aussi la <strong>mise en valeur de l\u2019agriculture paysanne<\/strong>, mais aussi des circuits courts et de l\u2019agriculture biologique.\u00a0\u00bb<\/p>\n<p class=\" wall-content\">Le <strong>co\u00fbt des travaux<\/strong> d\u2019installation du march\u00e9 (travaux de voirie, \u00e9quipement \u00e9lectrique, borne \u00e0 eau, etc.) est \u00e9valu\u00e9 \u00e0 <strong>160 000 euros TTC<\/strong>.<\/p>\n<p class=\" wall-content\">Suivez toute l\u2019actualit\u00e9 de vos villes et m\u00e9dias favoris en vous inscrivant \u00e0 <a href=\"https:\/\/moncompte.actu.fr\" title=\"D\u00e9couvez Mon Actu\" rel=\"nofollow noopener\" data-trk=\"{&quot;cta&quot;:{&quot;action&quot;:&quot;https:\\\/\\\/moncompte.actu.fr&quot;,&quot;category&quot;:&quot;mon compte&quot;,&quot;from&quot;:&quot;article footer&quot;,&quot;name&quot;:&quot;Mon actu&quot;,&quot;type&quot;:&quot;cta&quot;}}\" target=\"_blank\">Mon Actu<\/a>.<\/p>\n","protected":false},"excerpt":{"rendered":"Par Augustin Delaporte Publi\u00e9 le 11 avr. 2025 \u00e0 6h04 C\u2019est act\u00e9, un nouveau march\u00e9 hebdomadaire, d\u00e9couvert et&hellip;\n","protected":false},"author":2,"featured_media":18895,"comment_status":"","ping_status":"","sticky":false,"template":"","format":"standard","meta":{"footnotes":""},"categories":[1888],"tags":[11,258,215,1777,674,1011,27,12,626,25,104],"class_list":{"0":"post-18894","1":"post","2":"type-post","3":"status-publish","4":"format-standard","5":"has-post-thumbnail","7":"category-paris","8":"tag-actualites","9":"tag-alimentation","10":"tag-commerce","11":"tag-eu","12":"tag-europe","13":"tag-fr","14":"tag-france","15":"tag-news","16":"tag-paris","17":"tag-republique-francaise","18":"tag-societe"},"share_on_mastodon":{"url":"https:\/\/pubeurope.com\/@fr\/114322731858518616","error":""},"_links":{"self":[{"href":"https:\/\/www.europesays.com\/fr\/wp-json\/wp\/v2\/posts\/18894","targetHints":{"allow":["GET"]}}],"collection":[{"href":"https:\/\/www.europesays.com\/fr\/wp-json\/wp\/v2\/posts"}],"about":[{"href":"https:\/\/www.europesays.com\/fr\/wp-json\/wp\/v2\/types\/post"}],"author":[{"embeddable":true,"href":"https:\/\/www.europesays.com\/fr\/wp-json\/wp\/v2\/users\/2"}],"replies":[{"embeddable":true,"href":"https:\/\/www.europesays.com\/fr\/wp-json\/wp\/v2\/comments?post=18894"}],"version-history":[{"count":0,"href":"https:\/\/www.europesays.com\/fr\/wp-json\/wp\/v2\/posts\/18894\/revisions"}],"wp:featuredmedia":[{"embeddable":true,"href":"https:\/\/www.europesays.com\/fr\/wp-json\/wp\/v2\/media\/18895"}],"wp:attachment":[{"href":"https:\/\/www.europesays.com\/fr\/wp-json\/wp\/v2\/media?parent=18894"}],"wp:term":[{"taxonomy":"category","embeddable":true,"href":"https:\/\/www.europesays.com\/fr\/wp-json\/wp\/v2\/categories?post=18894"},{"taxonomy":"post_tag","embeddable":true,"href":"https:\/\/www.europesays.com\/fr\/wp-json\/wp\/v2\/tags?post=18894"}],"curies":[{"name":"wp","href":"https:\/\/api.w.org\/{rel}","templated":true}]}}