{"id":188949,"date":"2025-06-19T17:36:09","date_gmt":"2025-06-19T17:36:09","guid":{"rendered":"https:\/\/www.europesays.com\/fr\/188949\/"},"modified":"2025-06-19T17:36:09","modified_gmt":"2025-06-19T17:36:09","slug":"affaire-parmentier-le-rn-fait-craquer-son-vernis-de-respectabilite-mediapart","status":"publish","type":"post","link":"https:\/\/www.europesays.com\/fr\/188949\/","title":{"rendered":"Affaire Parmentier : le RN fait craquer son vernis de \u00ab respectabilit\u00e9 \u00bb &#8211; Mediapart"},"content":{"rendered":"<ol>\n<li><a href=\"https:\/\/news.google.com\/rss\/articles\/CBMitwFBVV95cUxNSUZBelRybVFjUDhIek9FRUpoTVNBZGJ5QzdrMFhjZ0JaVEZVb2NXbEhGcGF3SjQ0M0ZEZkVKbUw1c1JWdTFvMXUzZG1jOHRFdzBjUnJCVnRVdTdVU3VGVVh6b18xeG5zSEZPcmRWWnhWQUgyQ3VqYnNtZ2NKMTFPTGw2bzhNeGdpVGh0bzBaZzZad2IwOTAydnZLQWM0OGtLOHB6aE41MmxBdnBPUDhSRm5XaHBGd28?oc=5\" target=\"_blank\" rel=\"noopener\">Affaire Parmentier : le RN fait craquer son vernis de \u00ab respectabilit\u00e9 \u00bb<\/a>&nbsp;&nbsp;Mediapart<\/li>\n<li><a href=\"https:\/\/news.google.com\/rss\/articles\/CBMi9wFBVV95cUxPTEliRjV0SWJKV3d0SzJrZjQzSmlLZ2MzSVluVmZxQUM2V3VkQ1Z2UWtXcDVtMWFXZUhVeER2SzB3U0xBeXpFWHZTcUhTRnlVSG5tbFl0SW4wSU1MYnljR1NoSHF5ZmxTTXRpMmdxcDJJVVFwLS1NODJ1VEM4cWUxYmZvT1dFaU9feE5rdW5ORWtBcmNURjQ4Ni1wbUg5dXRIa3M1aVhsaWhTRko2T2pvMkRNbF9ESGFaWEEzQnlFWjQ1T0FLSU1yT040WW9kRmFzMG9hQm12M2ppVTVLRWxyenk4eVgzSWlfZi01bHBuOTJVLWRkcTVR?oc=5\" target=\"_blank\" rel=\"noopener\">La d\u00e9put\u00e9e RN Caroline Parmentier, proche de Marine Le Pen, \u00e9pingl\u00e9e pour des propos racistes et homophobes<\/a>&nbsp;&nbsp;Orange<\/li>\n<li><a href=\"https:\/\/news.google.com\/rss\/articles\/CBMiswFBVV95cUxNMzRORVJwZDhJS3hBSjV3QUFWSDBqbnFMUFd5Y1FYcm1IazFBY2dWMFBLa1VqUkdmY1hEUXBmX3Z1NHBYX0ZWVjVyWTFjdXFnVTlsVThuTkxSeDVBa1RIZmdHYUcybjV4bkEyR0cwZ3p0ZUFaMDRLalpYRk5RRnVBNHBPMXJpRUl4NGZjLXZvUkNURWh5a2w2QUViQ3J0NjdZU0dwR0VPV01IdDVsNFREUGt4SQ?oc=5\" target=\"_blank\" rel=\"noopener\">Racisme au RN, les brebis cachent-elles le troupeau ?<\/a>&nbsp;&nbsp;Radio France<\/li>\n<li><a href=\"https:\/\/news.google.com\/rss\/articles\/CBMizgFBVV95cUxNbGpTbFVNa3FxNC03dXVodDdRbmh3bWRVSW1FUTQ0b2d1dXpCN0xYTmtITHJDVmlCQk8yWXZOMS1rTEV1UEpxaV83bFdaaHdQTUZMaGhYNXJZTWRySGhmVDZjM1FSRnp3NzYwQXRVYm9CbFM5aGhxcXFHUEk0LURGcHZ3aVNNZFl3NEcyNHdYSmxtbU1RSm5xajZhVS1IV243ZkpQLTRlWHhxZWgyTzUzVkZlNDNFeEpncmp0ZV9UWE80ZHZsYzlHMGJ5aWo4UQ?oc=5\" target=\"_blank\" rel=\"noopener\">Rassemblement national : Une proche de Marine Le Pen voit resurgir ses propos racistes et homophobes<\/a>&nbsp;&nbsp;20 Minutes<\/li>\n<li><a href=\"https:\/\/news.google.com\/rss\/articles\/CBMi9wFBVV95cUxNMXRxckJCMGE2dkVfOWZBT0NPVUJ6cUVWSFNCUGJDSFFZeGpzaGw3TldiMjFkNWd4aHp3cFVFaHZPWVFwZEFrMGVCb2pnN0xEWWRWTkV5RzhncTdCUmJMcTR3QlYyVDBFOWRYWVRORXpRRTNOVEtNR3JwTlg5ZjZ5NjNqTnlTWk5DSzNNYlpWWWlPT1pHZWk2MjNfX2VsdW1KV19ySlc1Zjk2VDJtMTVWSVdjSWxRLVZKMlNjTVV5WHgwZ1k4RnZPdXRicTc1ZWVHdW9ncDhaTVVsSlJnSXVKeUUwNGVDWWhfVk5UZ1o5bkRYOWJBaUd3?oc=5\" target=\"_blank\" rel=\"noopener\">\u00ab Supporters babouins \u00bb, \u00ab g\u00e9nocide blanc \u00bb\u2026 Les messages p\u00e9tainistes, racistes et homophobes de la d\u00e9put\u00e9e RN Caroline Parmentier<\/a>&nbsp;&nbsp;L&rsquo;Humanit\u00e9<\/li>\n<\/ol>\n","protected":false},"excerpt":{"rendered":"Affaire Parmentier : le RN fait craquer son vernis de \u00ab respectabilit\u00e9 \u00bb&nbsp;&nbsp;Mediapart La d\u00e9put\u00e9e RN Caroline Parmentier,&hellip;\n","protected":false},"author":2,"featured_media":188950,"comment_status":"","ping_status":"","sticky":false,"template":"","format":"standard","meta":{"footnotes":""},"categories":[4],"tags":[11,32678,1076,1011,27,430,12,1078,25,2848],"class_list":{"0":"post-188949","1":"post","2":"type-post","3":"status-publish","4":"format-standard","5":"has-post-thumbnail","7":"category-france","8":"tag-actualites","9":"tag-caroline-parmentier","10":"tag-extreme-droite","11":"tag-fr","12":"tag-france","13":"tag-marine-le-pen","14":"tag-news","15":"tag-rassemblement-national","16":"tag-republique-francaise","17":"tag-rn"},"share_on_mastodon":{"url":"https:\/\/pubeurope.com\/@fr\/114711244638130998","error":""},"_links":{"self":[{"href":"https:\/\/www.europesays.com\/fr\/wp-json\/wp\/v2\/posts\/188949","targetHints":{"allow":["GET"]}}],"collection":[{"href":"https:\/\/www.europesays.com\/fr\/wp-json\/wp\/v2\/posts"}],"about":[{"href":"https:\/\/www.europesays.com\/fr\/wp-json\/wp\/v2\/types\/post"}],"author":[{"embeddable":true,"href":"https:\/\/www.europesays.com\/fr\/wp-json\/wp\/v2\/users\/2"}],"replies":[{"embeddable":true,"href":"https:\/\/www.europesays.com\/fr\/wp-json\/wp\/v2\/comments?post=188949"}],"version-history":[{"count":0,"href":"https:\/\/www.europesays.com\/fr\/wp-json\/wp\/v2\/posts\/188949\/revisions"}],"wp:featuredmedia":[{"embeddable":true,"href":"https:\/\/www.europesays.com\/fr\/wp-json\/wp\/v2\/media\/188950"}],"wp:attachment":[{"href":"https:\/\/www.europesays.com\/fr\/wp-json\/wp\/v2\/media?parent=188949"}],"wp:term":[{"taxonomy":"category","embeddable":true,"href":"https:\/\/www.europesays.com\/fr\/wp-json\/wp\/v2\/categories?post=188949"},{"taxonomy":"post_tag","embeddable":true,"href":"https:\/\/www.europesays.com\/fr\/wp-json\/wp\/v2\/tags?post=188949"}],"curies":[{"name":"wp","href":"https:\/\/api.w.org\/{rel}","templated":true}]}}