{"id":188955,"date":"2025-06-19T17:39:34","date_gmt":"2025-06-19T17:39:34","guid":{"rendered":"https:\/\/www.europesays.com\/fr\/188955\/"},"modified":"2025-06-19T17:39:34","modified_gmt":"2025-06-19T17:39:34","slug":"quand-netto-conquiert-le-territoire-de-colruyt-a-saint-etienne","status":"publish","type":"post","link":"https:\/\/www.europesays.com\/fr\/188955\/","title":{"rendered":"QUAND NETTO CONQUIERT LE TERRITOIRE DE COLRUYT \u00c0 SAINT-\u00c9TIENNE"},"content":{"rendered":"<p>Cette op\u00e9ration d\u2019envergure concerne pas moins de 81 points de vente r\u00e9partis sur le territoire national. Dans le d\u00e9partement de la Loire, cette transformation touchera directement deux \u00e9tablissements : celui implant\u00e9 dans le quartier Rivi\u00e8re\/Bellevue \u00e0 Saint-\u00c9tienne et celui situ\u00e9 \u00e0 Pouilly-sous-Charlieu. Ces deux surfaces commerciales lig\u00e9riennes sont appel\u00e9es \u00e0 arborer prochainement les couleurs de l\u2019enseigne <strong>Netto<\/strong>, filiale discount du groupement Intermarch\u00e9.<\/p>\n<p>Cette acquisition strat\u00e9gique permet aux Mousquetaires de renforcer significativement leur pr\u00e9sence sur le march\u00e9 fran\u00e7ais de la distribution alimentaire, en int\u00e9grant un r\u00e9seau d\u00e9j\u00e0 \u00e9tabli et fonctionnel. Pour les consommateurs locaux, ce changement d\u2019enseigne pourrait se traduire par une \u00e9volution de l\u2019offre produits et des politiques tarifaires, Netto se positionnant traditionnellement sur le segment du hard-discount.<\/p>\n<p>L\u2019op\u00e9ration illustre les mouvements de concentration qui caract\u00e9risent actuellement le secteur de la grande distribution, o\u00f9 les enseignes cherchent \u00e0 optimiser leur maillage territorial pour faire face \u00e0 une concurrence toujours plus intense.<\/p>\n","protected":false},"excerpt":{"rendered":"Cette op\u00e9ration d\u2019envergure concerne pas moins de 81 points de vente r\u00e9partis sur le territoire national. Dans le&hellip;\n","protected":false},"author":2,"featured_media":188956,"comment_status":"","ping_status":"","sticky":false,"template":"","format":"standard","meta":{"footnotes":""},"categories":[9653],"tags":[1111,11,2430,215,33,1777,674,1011,27,3367,32679,12,25,4001],"class_list":{"0":"post-188955","1":"post","2":"type-post","3":"status-publish","4":"format-standard","5":"has-post-thumbnail","7":"category-saint-etienne","8":"tag-actu","9":"tag-actualites","10":"tag-auvergne-rhone-alpes","11":"tag-commerce","12":"tag-economie","13":"tag-eu","14":"tag-europe","15":"tag-fr","16":"tag-france","17":"tag-loire","18":"tag-netto","19":"tag-news","20":"tag-republique-francaise","21":"tag-saint-etienne"},"share_on_mastodon":{"url":"https:\/\/pubeurope.com\/@fr\/114711256502182482","error":""},"_links":{"self":[{"href":"https:\/\/www.europesays.com\/fr\/wp-json\/wp\/v2\/posts\/188955","targetHints":{"allow":["GET"]}}],"collection":[{"href":"https:\/\/www.europesays.com\/fr\/wp-json\/wp\/v2\/posts"}],"about":[{"href":"https:\/\/www.europesays.com\/fr\/wp-json\/wp\/v2\/types\/post"}],"author":[{"embeddable":true,"href":"https:\/\/www.europesays.com\/fr\/wp-json\/wp\/v2\/users\/2"}],"replies":[{"embeddable":true,"href":"https:\/\/www.europesays.com\/fr\/wp-json\/wp\/v2\/comments?post=188955"}],"version-history":[{"count":0,"href":"https:\/\/www.europesays.com\/fr\/wp-json\/wp\/v2\/posts\/188955\/revisions"}],"wp:featuredmedia":[{"embeddable":true,"href":"https:\/\/www.europesays.com\/fr\/wp-json\/wp\/v2\/media\/188956"}],"wp:attachment":[{"href":"https:\/\/www.europesays.com\/fr\/wp-json\/wp\/v2\/media?parent=188955"}],"wp:term":[{"taxonomy":"category","embeddable":true,"href":"https:\/\/www.europesays.com\/fr\/wp-json\/wp\/v2\/categories?post=188955"},{"taxonomy":"post_tag","embeddable":true,"href":"https:\/\/www.europesays.com\/fr\/wp-json\/wp\/v2\/tags?post=188955"}],"curies":[{"name":"wp","href":"https:\/\/api.w.org\/{rel}","templated":true}]}}