{"id":188958,"date":"2025-06-19T17:41:13","date_gmt":"2025-06-19T17:41:13","guid":{"rendered":"https:\/\/www.europesays.com\/fr\/188958\/"},"modified":"2025-06-19T17:41:13","modified_gmt":"2025-06-19T17:41:13","slug":"le-demontage-de-la-facade-a-demarre-place-des-vosges","status":"publish","type":"post","link":"https:\/\/www.europesays.com\/fr\/188958\/","title":{"rendered":"le d\u00e9montage de la fa\u00e7ade a d\u00e9marr\u00e9 place des Vosges"},"content":{"rendered":"<p>            Par<br \/>\n        <strong><br \/>\n            <a href=\"https:\/\/actu.fr\/auteur\/pierre-emile-bouchy-actu-fr\" title=\"Consulter tous les articles de Paul-Emile Bouchy\" rel=\"nofollow noopener\" target=\"_blank\">Paul-Emile Bouchy<\/a><br \/>\n        <\/strong><\/p>\n<p>        Publi\u00e9 le<\/p>\n<p>            19 juin 2025 \u00e0 18h12        <\/p>\n<p>Au mois de mars\u00a02025, les immeubles situ\u00e9s aux num\u00e9ros\u00a06-8 et 10 de la place des Vosges \u00e0 Nancy (Meurthe-et-Moselle) ont d\u00fb \u00eatre <a href=\"https:\/\/actu.fr\/grand-est\/nancy_54395\/des-immeubles-evacues-en-urgence-place-des-vosges-a-nancy-la-situation-est-tres-dangereuse_62431074.html\" rel=\"nofollow noopener\" target=\"_blank\">\u00e9vacu\u00e9s en urgence<\/a> car ils risquaient de s\u2019effondrer.<\/p>\n<p class=\" wall-content\">La Ville a pris <strong>un arr\u00eat\u00e9 de <\/strong>\u00ab<strong>\u2009p\u00e9ril imminent\u2009<\/strong>\u00bb et un p\u00e9rim\u00e8tre de s\u00e9curit\u00e9 a \u00e9tabli, <a href=\"https:\/\/actu.fr\/grand-est\/nancy_54395\/nancy-immeubles-en-peril-imminent-place-des-vosges-la-circulation-perturbee-un-long-moment-dans-le-secteur_62431688.html\" rel=\"nofollow noopener\" target=\"_blank\">fermant la circulation<\/a> aux voitures et aux bus du <a href=\"https:\/\/actu.fr\/tag\/reseau-stan\" rel=\"nofollow noopener\" target=\"_blank\">r\u00e9seau Stan<\/a>.<\/p>\n<p class=\" wall-content\">Depuis le d\u00e9but de la semaine,<strong> le d\u00e9montage de la fa\u00e7ade vient de d\u00e9marrer<\/strong>.<\/p>\n<blockquote class=\"tiktok-embed\" cite=\"https:\/\/www.tiktok.com\/@lorraine.actu\/video\/7517692773382884630\" data-video-id=\"7517692773382884630\" data-embed-from=\"oembed\" style=\"max-width:605px; min-width:325px;\"><p>\n<a target=\"_blank\" title=\"@lorraine.actu\" href=\"https:\/\/www.tiktok.com\/@lorraine.actu?refer=embed\" rel=\"nofollow noopener\">@lorraine.actu<\/a> <\/p>\n<p>Au mois de mars\u00a02025, les immeubles situ\u00e9s aux num\u00e9ros\u00a06-8 et 10 de la place des Vosges \u00e0 Nancy (Meurthe-et-Moselle) ont d\u00fb \u00eatre \u00e9vacu\u00e9s en urgence car ils risquaient de s\u2019effondrer. La Ville a pris un arr\u00eat\u00e9 de \u00ab\u2009p\u00e9ril imminent\u2009\u00bb et un p\u00e9rim\u00e8tre de s\u00e9curit\u00e9 a \u00e9tabli, fermant la circulation aux voitures et aux bus du r\u00e9seau Stan. Depuis le d\u00e9but de la semaine, le d\u00e9montage de la fa\u00e7ade vient de d\u00e9marrer. \u00c0 Nancy, environ quatre semaines pour d\u00e9monter la fa\u00e7ade de ces immeubles Sur place, les \u00e9quipes des entreprises Guelorget et France-Lanord &amp; Bichaton sont mobilis\u00e9es pour mener ce chantier. Comme il est impossible pour des raisons de s\u00e9curit\u00e9 de rentrer dans les immeubles, le d\u00e9montage doit se faire par l\u2019ext\u00e9rieur, \u00e0 l\u2019aide d\u2019une immense nacelle. \u00ab\u2009Les \u00e9tages vont \u00eatre d\u00e9mont\u00e9s soigneusement. Ensuite, un \u00e9chafaudage sera install\u00e9 pour prot\u00e9ger ce qu\u2019il reste\u2009\u00bb, explique Jean-Christophe Loza, directeur d\u2019exploitation. Si la Ville de Nancy a indiqu\u00e9 r\u00e9cemment sa volont\u00e9 de rouvrir la circulation pour le 30\u00a0juin, cela pourrait \u00eatre retard\u00e9 d\u2019une semaine ou deux, puisque le chantier doit durer entre trois et quatre semaines. Les immeubles seront reconstruits \u00e0 l\u2019identique \u00c0 l\u2019issue du d\u00e9montage, les commerces pr\u00e9sents au rez-de-chauss\u00e9e (un salon de coiffure et une pizzeria Domino\u2019s Pizza) devraient rester ferm\u00e9s, car l\u2019arr\u00eat\u00e9 municipal sera toujours effectif. Difficile de savoir aujourd\u2019hui quand les immeubles seront reconstruits, puisque des \u00e9tudes devront \u00eatre men\u00e9es. \u00ab\u2009Pour le moment, on peut dire que les immeubles seront reconstruits \u00e0 l\u2019identique et les pierres de la fa\u00e7ade seront conserv\u00e9es. Avec la porte Saint-Nicolas \u00e0 c\u00f4t\u00e9, nous sommes dans un p\u00e9rim\u00e8tre historique et il y a des r\u00e8gles \u00e0 respecter\u2009\u00bb, indique M. Loza.<\/p>\n<p> <a target=\"_blank\" title=\"\u266c son original - Lorraine Actu\" href=\"https:\/\/www.tiktok.com\/music\/son-original-7517692764277689110?refer=embed\" rel=\"nofollow noopener\">\u266c son original \u2013 Lorraine Actu<\/a> <\/p>\n<\/blockquote>\n<p>\u00c0 Nancy, environ quatre semaines pour d\u00e9monter la fa\u00e7ade de ces immeubles<\/p>\n<p class=\" wall-content\">Sur place, les \u00e9quipes des entreprises Guelorget et France-Lanord &amp; Bichaton sont mobilis\u00e9es pour mener ce chantier. Comme il est impossible pour des raisons de s\u00e9curit\u00e9 de rentrer dans les immeubles, <strong>le d\u00e9montage doit se faire par l\u2019ext\u00e9rieur, \u00e0 l\u2019aide d\u2019une immense nacelle<\/strong>.<\/p>\n<p>Vid\u00e9os : en ce moment sur Actu<\/p>\n<p class=\" wall-content\">\u00ab\u2009Les \u00e9tages vont \u00eatre d\u00e9mont\u00e9s soigneusement. Ensuite, un \u00e9chafaudage sera install\u00e9 pour prot\u00e9ger ce qu\u2019il reste\u2009\u00bb, explique Jean-Christophe Loza, directeur d\u2019exploitation.<\/p>\n<p class=\" wall-content\">Si la Ville de Nancy a indiqu\u00e9 r\u00e9cemment sa volont\u00e9 de rouvrir la circulation pour le 30\u00a0juin, cela pourrait \u00eatre retard\u00e9 d\u2019une semaine ou deux, puisque <strong>le chantier doit durer entre trois et quatre semaines<\/strong>.<\/p>\n<p>    <img   decoding=\"async\" loading=\"lazy\" src=\"https:\/\/www.europesays.com\/fr\/wp-content\/uploads\/2025\/06\/fissures-immeubles-place-des-vosges-nancy-960x640.jpg\" alt=\"Des immenses fissures sont visibles \u00e0 l'int\u00e9rieur des immeubles pouvant entra\u00eener son effondrement.\" width=\"960\" height=\"640\"\/><br \/>\n    D\u2019immenses fissures sont visibles \u00e0 l\u2019int\u00e9rieur des immeubles, pouvant entra\u00eener son effondrement. (\u00a9DR)Les immeubles seront reconstruits \u00e0 l\u2019identique<\/p>\n<p class=\" wall-content\">\u00c0 l\u2019issue du d\u00e9montage, les commerces pr\u00e9sents au rez-de-chauss\u00e9e (un salon de coiffure et une pizzeria Domino\u2019s Pizza) devraient rester ferm\u00e9s, car l\u2019arr\u00eat\u00e9 municipal sera toujours effectif.<\/p>\n<p class=\" wall-content\">Difficile de savoir aujourd\u2019hui quand les immeubles seront reconstruits, puisque des \u00e9tudes devront \u00eatre men\u00e9es. \u00ab\u2009Pour le moment, on peut dire que <strong>les immeubles seront reconstruits \u00e0 l\u2019identique et les pierres de la fa\u00e7ade seront conserv\u00e9es.<\/strong> Avec la porte Saint-Nicolas \u00e0 c\u00f4t\u00e9, nous sommes dans un p\u00e9rim\u00e8tre historique et il y a des r\u00e8gles \u00e0 respecter\u2009\u00bb, indique M.Loza.<\/p>\n<p class=\" wall-content\">Suivez toute l\u2019actualit\u00e9 de vos villes et m\u00e9dias favoris en vous inscrivant \u00e0 <a href=\"https:\/\/moncompte.actu.fr\" title=\"D\u00e9couvez Mon Actu\" rel=\"nofollow noopener\" data-trk=\"{&quot;cta&quot;:{&quot;action&quot;:&quot;https:\\\/\\\/moncompte.actu.fr&quot;,&quot;category&quot;:&quot;mon compte&quot;,&quot;from&quot;:&quot;article footer&quot;,&quot;name&quot;:&quot;Mon actu&quot;,&quot;type&quot;:&quot;cta&quot;}}\" target=\"_blank\">Mon Actu<\/a>.<\/p>\n<p>                    <script async src=\"\/\/www.tiktok.com\/embed.js\"><\/script><\/p>\n","protected":false},"excerpt":{"rendered":"Par Paul-Emile Bouchy Publi\u00e9 le 19 juin 2025 \u00e0 18h12 Au mois de mars\u00a02025, les immeubles situ\u00e9s aux&hellip;\n","protected":false},"author":2,"featured_media":188959,"comment_status":"","ping_status":"","sticky":false,"template":"","format":"standard","meta":{"footnotes":""},"categories":[9635],"tags":[1111,11,1777,674,1011,27,775,1702,12,25,104,2086],"class_list":{"0":"post-188958","1":"post","2":"type-post","3":"status-publish","4":"format-standard","5":"has-post-thumbnail","7":"category-nancy","8":"tag-actu","9":"tag-actualites","10":"tag-eu","11":"tag-europe","12":"tag-fr","13":"tag-france","14":"tag-grand-est","15":"tag-nancy","16":"tag-news","17":"tag-republique-francaise","18":"tag-societe","19":"tag-travaux"},"share_on_mastodon":{"url":"https:\/\/pubeurope.com\/@fr\/114711264255595821","error":""},"_links":{"self":[{"href":"https:\/\/www.europesays.com\/fr\/wp-json\/wp\/v2\/posts\/188958","targetHints":{"allow":["GET"]}}],"collection":[{"href":"https:\/\/www.europesays.com\/fr\/wp-json\/wp\/v2\/posts"}],"about":[{"href":"https:\/\/www.europesays.com\/fr\/wp-json\/wp\/v2\/types\/post"}],"author":[{"embeddable":true,"href":"https:\/\/www.europesays.com\/fr\/wp-json\/wp\/v2\/users\/2"}],"replies":[{"embeddable":true,"href":"https:\/\/www.europesays.com\/fr\/wp-json\/wp\/v2\/comments?post=188958"}],"version-history":[{"count":0,"href":"https:\/\/www.europesays.com\/fr\/wp-json\/wp\/v2\/posts\/188958\/revisions"}],"wp:featuredmedia":[{"embeddable":true,"href":"https:\/\/www.europesays.com\/fr\/wp-json\/wp\/v2\/media\/188959"}],"wp:attachment":[{"href":"https:\/\/www.europesays.com\/fr\/wp-json\/wp\/v2\/media?parent=188958"}],"wp:term":[{"taxonomy":"category","embeddable":true,"href":"https:\/\/www.europesays.com\/fr\/wp-json\/wp\/v2\/categories?post=188958"},{"taxonomy":"post_tag","embeddable":true,"href":"https:\/\/www.europesays.com\/fr\/wp-json\/wp\/v2\/tags?post=188958"}],"curies":[{"name":"wp","href":"https:\/\/api.w.org\/{rel}","templated":true}]}}