{"id":18896,"date":"2025-04-12T02:53:15","date_gmt":"2025-04-12T02:53:15","guid":{"rendered":"https:\/\/www.europesays.com\/fr\/18896\/"},"modified":"2025-04-12T02:53:15","modified_gmt":"2025-04-12T02:53:15","slug":"les-temoignages-de-victimes-de-voyeurs-dans-les-piscines-affluent-apres-lalerte-dune-journaliste","status":"publish","type":"post","link":"https:\/\/www.europesays.com\/fr\/18896\/","title":{"rendered":"Les t\u00e9moignages de victimes de voyeurs dans les piscines affluent apr\u00e8s l\u2019alerte d\u2019une journaliste"},"content":{"rendered":"<p>C\u2019est un t\u00e9moignage qui en a appel\u00e9 d\u2019autres. Apr\u00e8s avoir post\u00e9 sur Instagram, le 2\u00a0avril,<a href=\"https:\/\/www.instagram.com\/p\/DH9SE_zKFax\/\" target=\"_blank\" class=\"color-ultramarine c-link\" rel=\"noopener\"> le r\u00e9cit de sa m\u00e9saventure<\/a> \u2013 le mot est faible \u2013 dans les vestiaires de la <a href=\"https:\/\/www.20minutes.fr\/dossier\/piscine\" target=\"_blank\" class=\"color-ultramarine c-link\" rel=\"noopener\">piscine <\/a>Georges Hermant (19e\u00a0arrondissement), la journaliste Laur\u00e8ne Daycard a re\u00e7u de nombreux <a href=\"https:\/\/www.20minutes.fr\/dossier\/temoignage\" target=\"_blank\" class=\"color-ultramarine c-link\" rel=\"noopener\">t\u00e9moignages<\/a> de femmes victimes de <a href=\"https:\/\/www.20minutes.fr\/societe\/violences-sexuelles-sexistes\/\" target=\"_blank\" class=\"color-ultramarine c-link\" rel=\"noopener\">violences sexuelles et sexistes<\/a> dans les piscines parisiennes et franciliennes, mais pas que, qu\u2019elle a post\u00e9s sur son compte Instagram.<\/p>\n<p class=\"mb-m@xs text-l@xs\">En cliquant sur\u00ab J\u2019accepte \u00bb, vous acceptez le d\u00e9p\u00f4t de cookies par des services externes et aurez ainsi acc\u00e8s aux contenus de nos partenaires.<\/p>\n<p class=\"mb-xl@xs text-s@xs\">Plus d\u2019informations sur la page<a href=\"https:\/\/www.20minutes.fr\/gestion-cookies\" class=\"mx-xxs@xs color-ultramarine\" target=\"_blank\" rel=\"noopener\">Politique de gestion des cookies<\/a><\/p>\n<p>J\u2019accepte<\/p>\n<p>\u00ab\u00a0Dans le 20e, c\u2019est un agent d\u2019entretien qui venait reluquer les petites filles dans les vestiaires pendant les s\u00e9ances de <a href=\"https:\/\/www.20minutes.fr\/sport\/natation\/\" target=\"_blank\" class=\"color-ultramarine c-link\" rel=\"noopener\">natation <\/a>du coll\u00e8ge\u00a0\u00bb, \u00e9crit une internaute dont le t\u00e9moignage est relay\u00e9 dans le post. \u00ab\u00a0Alors que j\u2019avais 17 ou 18 ans, un homme a regard\u00e9 sous ma cabine\u00a0\u00bb, relate une autre. On peut lire des r\u00e9cits similaires dans les commentaires du post.<\/p>\n<p>Le 1er\u00a0avril, la <a href=\"https:\/\/www.20minutes.fr\/dossier\/journaliste\" target=\"_blank\" class=\"color-ultramarine c-link\" rel=\"noopener\">journaliste<\/a>, apr\u00e8s sa s\u00e9ance \u00e0 la piscine du 19e\u00a0arrondissement, a remarqu\u00e9 \u00ab\u00a0un sac \u00e0 dos qui d\u00e9passe sous la cloison\u00a0\u00bb de sa cabine de vestiaire alors qu\u2019elle \u00e9tait en train de se rhabiller. Elle a vu \u00ab\u00a0un petit trou dans le tissu, [de] la taille d\u2019une br\u00fblure de <a href=\"https:\/\/www.20minutes.fr\/dossier\/cigarette\" target=\"_blank\" class=\"color-ultramarine c-link\" rel=\"noopener\">cigarette\u00a0<\/a>\u00bb, avec \u00ab\u00a0la lentille d\u2019un <a href=\"https:\/\/www.20minutes.fr\/high-tech\/smartphone\/\" target=\"_blank\" class=\"color-ultramarine c-link\" rel=\"noopener\">smartphone <\/a>[\u2026] positionn\u00e9e au niveau de ce trou\u00a0\u00bb. Apr\u00e8s avoir \u00ab\u00a0hurl\u00e9 de col\u00e8re\u00a0\u00bb, elle a alert\u00e9 le personnel de la piscine, qui a retenu l\u2019individu jusqu\u2019\u00e0 l\u2019arriv\u00e9e des forces de l\u2019ordre.<\/p>\n<p>Une inspection lanc\u00e9e par la Mairie de Paris<\/p>\n<p><a href=\"https:\/\/www.francebleu.fr\/infos\/faits-divers-justice\/la-mairie-de-paris-lance-une-inspection-apres-l-arrestation-d-un-homme-qui-filmait-dans-les-vestiaires-a-la-piscine-5100175\" target=\"_blank\" class=\"color-ultramarine c-link\" rel=\"noopener\">D\u2019apr\u00e8s ici Paris Ile-de-France<\/a>, l\u2019individu interpell\u00e9 a \u00e9t\u00e9 plac\u00e9 sous contr\u00f4le judiciaire en attendant son audience, initialement pr\u00e9vue le 4\u00a0avril, mais report\u00e9e au mois de juin, pour <a href=\"https:\/\/www.20minutes.fr\/dossier\/voyeurisme\" target=\"_blank\" class=\"color-ultramarine c-link\" rel=\"noopener\">voyeurisme <\/a>aggrav\u00e9 par fixation, enregistrement ou transmission d\u2019image. Dans son post Instagram, Laur\u00e8ne Daycard \u00e9crit qu&rsquo;\u00ab\u00a0il a avou\u00e9, selon une source polici\u00e8re, filmer des femmes \u00e0 leur insu, mais aussi de \u00ab\u00a0tr\u00e8s jeunes filles\u00a0\u00bb\u00a0\u00bb.<\/p>\n<\/p>\n<p>Contact\u00e9e par la radio locale, la <a href=\"https:\/\/www.20minutes.fr\/dossier\/mairie_de_paris\" target=\"_blank\" class=\"color-ultramarine c-link\" rel=\"noopener\">ville de Paris<\/a> a annonc\u00e9 l\u2019inspection de toutes ses piscines pour d\u00e9tecter des trous dans les murs des cabines, que les voyeurs utiliseraient, et \u00ab\u00a0renforcer encore sa vigilance\u00a0\u00bb pour d\u00e9tecter \u00ab\u00a0des comportements suspects\u00a0\u00bb.<\/p>\n<p><script async src=\"\/\/www.instagram.com\/embed.js\"><\/script><\/p>\n","protected":false},"excerpt":{"rendered":"C\u2019est un t\u00e9moignage qui en a appel\u00e9 d\u2019autres. Apr\u00e8s avoir post\u00e9 sur Instagram, le 2\u00a0avril, le r\u00e9cit de&hellip;\n","protected":false},"author":2,"featured_media":18897,"comment_status":"","ping_status":"","sticky":false,"template":"","format":"standard","meta":{"footnotes":""},"categories":[1888],"tags":[47,11,1777,674,1011,27,662,2440,2957,5216,12,626,5922,25,104,2949,7434,7435],"class_list":{"0":"post-18896","1":"post","2":"type-post","3":"status-publish","4":"format-standard","5":"has-post-thumbnail","7":"category-paris","8":"tag-actualite","9":"tag-actualites","10":"tag-eu","11":"tag-europe","12":"tag-fr","13":"tag-france","14":"tag-ile-de-france","15":"tag-instagram","16":"tag-journaliste","17":"tag-natation","18":"tag-news","19":"tag-paris","20":"tag-piscine","21":"tag-republique-francaise","22":"tag-societe","23":"tag-violences","24":"tag-violences-sexuelles-et-sexistes","25":"tag-voyeurisme"},"share_on_mastodon":{"url":"https:\/\/pubeurope.com\/@fr\/114322735327958141","error":""},"_links":{"self":[{"href":"https:\/\/www.europesays.com\/fr\/wp-json\/wp\/v2\/posts\/18896","targetHints":{"allow":["GET"]}}],"collection":[{"href":"https:\/\/www.europesays.com\/fr\/wp-json\/wp\/v2\/posts"}],"about":[{"href":"https:\/\/www.europesays.com\/fr\/wp-json\/wp\/v2\/types\/post"}],"author":[{"embeddable":true,"href":"https:\/\/www.europesays.com\/fr\/wp-json\/wp\/v2\/users\/2"}],"replies":[{"embeddable":true,"href":"https:\/\/www.europesays.com\/fr\/wp-json\/wp\/v2\/comments?post=18896"}],"version-history":[{"count":0,"href":"https:\/\/www.europesays.com\/fr\/wp-json\/wp\/v2\/posts\/18896\/revisions"}],"wp:featuredmedia":[{"embeddable":true,"href":"https:\/\/www.europesays.com\/fr\/wp-json\/wp\/v2\/media\/18897"}],"wp:attachment":[{"href":"https:\/\/www.europesays.com\/fr\/wp-json\/wp\/v2\/media?parent=18896"}],"wp:term":[{"taxonomy":"category","embeddable":true,"href":"https:\/\/www.europesays.com\/fr\/wp-json\/wp\/v2\/categories?post=18896"},{"taxonomy":"post_tag","embeddable":true,"href":"https:\/\/www.europesays.com\/fr\/wp-json\/wp\/v2\/tags?post=18896"}],"curies":[{"name":"wp","href":"https:\/\/api.w.org\/{rel}","templated":true}]}}