{"id":188960,"date":"2025-06-19T17:42:10","date_gmt":"2025-06-19T17:42:10","guid":{"rendered":"https:\/\/www.europesays.com\/fr\/188960\/"},"modified":"2025-06-19T17:42:10","modified_gmt":"2025-06-19T17:42:10","slug":"un-ex-magistrat-toulonnais-condamne-il-utilisait-des-fausses-plaques-dimmatriculation-pour-frauder-les-peages-2","status":"publish","type":"post","link":"https:\/\/www.europesays.com\/fr\/188960\/","title":{"rendered":"Un ex-magistrat toulonnais condamn\u00e9: il utilisait des fausses plaques d&rsquo;immatriculation pour frauder les p\u00e9ages"},"content":{"rendered":"<p>Jug\u00e9 dans le cadre de comparution sur reconnaissance de culpabilit\u00e9 (CRPC), comme l&rsquo;ont r\u00e9v\u00e9l\u00e9 nos confr\u00e8res de <strong>Midi libre<\/strong>, F.K, un juge d&rsquo;instruction \u00e0 la section financi\u00e8re du tribunal judiciaire de Marseille a \u00e9t\u00e9 reconnu coupable le lundi 16 juin 2025 pour escroquerie aux paiements de p\u00e9age autoroutier.\u00a0<\/p>\n<p>Usage de fausses plaques d&rsquo;immatriculation, ainsi que de fausses d\u00e9clarations d&rsquo;usurpation<\/p>\n<p>Ce quadrag\u00e9naire au parcours sans faille, devenu vice-pr\u00e9sident charg\u00e9 de l\u2019instruction \u00e0 la section financi\u00e8re \u00e0 Marseille, a exerc\u00e9 des fonctions de vice-pr\u00e9sident non sp\u00e9cialis\u00e9 au tribunal judiciaire de \u00e0 Toulon, apr\u00e8s une longue carri\u00e8re au parquet.<\/p>\n<p>Devant les magistrats de N\u00eemes, o\u00f9 l&rsquo;affaire a \u00e9t\u00e9 d\u00e9pays\u00e9e en raison des fonctions professionnelles du mis en cause, l&rsquo;homme a reconnu une douzaine d&rsquo;infractions.<\/p>\n<p>Comme le pr\u00e9cise la procureure C\u00e9cile Gensac, selon le communiqu\u00e9 diffus\u00e9 \u00e0 la presse, figurent parmi \u00ab\u00a0des faits des escroqueries aux paiements de p\u00e9ages autoroutiers par usage de fausses plaques d&rsquo;immatriculation, ainsi que de fausses d\u00e9clarations d&rsquo;usurpation de plaques d&rsquo;immatriculation afin d&rsquo;\u00e9chapper aux paiements de contraventions\u00a0\u00bb.\u00a0<\/p>\n<p>14 mois de prison avec sursis, 16.000 euros confisqu\u00e9s<\/p>\n<p>L&rsquo;enqu\u00eate a \u00e9t\u00e9 men\u00e9e par l<strong>&lsquo;escadron d\u00e9partemental de s\u00e9curit\u00e9 routi\u00e8re du groupement de gendarmerie du Var<\/strong>, lieu de la commission des faits, ainsi que par la section de recherche de Marseille en appui.\u00a0<\/p>\n<p>A l&rsquo;issue de l&rsquo;audience d&rsquo;homologation de la peine propos\u00e9e par le parquet, soit 18 mois de prison avec sursis, le magistrat a prononc\u00e9 une peine inf\u00e9rieure aux r\u00e9quisitions du minist\u00e8re public.<\/p>\n<p>Le magistrat a \u00e9t\u00e9 condamn\u00e9 \u00e0 14 mois de prison avec sursis, l&rsquo;annulation de son permis de conduire avec interdiction de la repasser avant un d\u00e9lai de 4 mois. La confiscation de 16.000 euros a \u00e9t\u00e9 prononc\u00e9e \u00e0 la hauteur du pr\u00e9judice financier caus\u00e9 par les agissements du quadrag\u00e9naire.\u00a0<\/p>\n","protected":false},"excerpt":{"rendered":"Jug\u00e9 dans le cadre de comparution sur reconnaissance de culpabilit\u00e9 (CRPC), comme l&rsquo;ont r\u00e9v\u00e9l\u00e9 nos confr\u00e8res de Midi&hellip;\n","protected":false},"author":2,"featured_media":188834,"comment_status":"","ping_status":"","sticky":false,"template":"","format":"standard","meta":{"footnotes":""},"categories":[9619],"tags":[1111,11,1777,674,1011,27,303,12,882,25,2310],"class_list":{"0":"post-188960","1":"post","2":"type-post","3":"status-publish","4":"format-standard","5":"has-post-thumbnail","7":"category-toulon","8":"tag-actu","9":"tag-actualites","10":"tag-eu","11":"tag-europe","12":"tag-fr","13":"tag-france","14":"tag-justice","15":"tag-news","16":"tag-provence-alpes-cote-dazur","17":"tag-republique-francaise","18":"tag-toulon"},"share_on_mastodon":{"url":"https:\/\/pubeurope.com\/@fr\/114711268124589269","error":""},"_links":{"self":[{"href":"https:\/\/www.europesays.com\/fr\/wp-json\/wp\/v2\/posts\/188960","targetHints":{"allow":["GET"]}}],"collection":[{"href":"https:\/\/www.europesays.com\/fr\/wp-json\/wp\/v2\/posts"}],"about":[{"href":"https:\/\/www.europesays.com\/fr\/wp-json\/wp\/v2\/types\/post"}],"author":[{"embeddable":true,"href":"https:\/\/www.europesays.com\/fr\/wp-json\/wp\/v2\/users\/2"}],"replies":[{"embeddable":true,"href":"https:\/\/www.europesays.com\/fr\/wp-json\/wp\/v2\/comments?post=188960"}],"version-history":[{"count":0,"href":"https:\/\/www.europesays.com\/fr\/wp-json\/wp\/v2\/posts\/188960\/revisions"}],"wp:featuredmedia":[{"embeddable":true,"href":"https:\/\/www.europesays.com\/fr\/wp-json\/wp\/v2\/media\/188834"}],"wp:attachment":[{"href":"https:\/\/www.europesays.com\/fr\/wp-json\/wp\/v2\/media?parent=188960"}],"wp:term":[{"taxonomy":"category","embeddable":true,"href":"https:\/\/www.europesays.com\/fr\/wp-json\/wp\/v2\/categories?post=188960"},{"taxonomy":"post_tag","embeddable":true,"href":"https:\/\/www.europesays.com\/fr\/wp-json\/wp\/v2\/tags?post=188960"}],"curies":[{"name":"wp","href":"https:\/\/api.w.org\/{rel}","templated":true}]}}