{"id":188975,"date":"2025-06-19T17:50:10","date_gmt":"2025-06-19T17:50:10","guid":{"rendered":"https:\/\/www.europesays.com\/fr\/188975\/"},"modified":"2025-06-19T17:50:10","modified_gmt":"2025-06-19T17:50:10","slug":"en-gare-de-rennes-la-manifestation-contre-les-interpellations-de-sans-papiers-tourne-a-la-pagaille-generale","status":"publish","type":"post","link":"https:\/\/www.europesays.com\/fr\/188975\/","title":{"rendered":"En gare de Rennes, la manifestation contre les interpellations de sans-papiers tourne \u00e0 la pagaille g\u00e9n\u00e9rale"},"content":{"rendered":"<p>Grosse pagaille \u00e0 la gare de Rennes, ce jeudi 19 juin. Suite \u00e0 l\u2019appel du collectif de soutien aux sans papiers, relay\u00e9 par plusieurs groupes d\u2019extr\u00eame gauche dont l\u2019AG Antifa, une soixantaine de militants s\u2019est pr\u00e9sent\u00e9e ce jeudi en fin d\u2019apr\u00e8s midi \u00e0 la gare de Rennes. Ils souhaitaient crier leur opposition aux interpellations de personnes sans papiers organis\u00e9es, ce mercredi et jeudi, dans plusieurs gares fran\u00e7aises. Organis\u00e9e par le minist\u00e8re de l\u2019int\u00e9rieur, l\u2019op\u00e9ration nationale de contr\u00f4les dans les gares, trains et bus avait pour but de lutter contre l\u2019immigration irr\u00e9guli\u00e8re.<\/p>\n<p>Les esprits s\u2019\u00e9chauffent<\/p>\n<p>Au courant de l\u2019arriv\u00e9e des militants dans la gare, la police a souhait\u00e9 emp\u00eacher que ces derniers n\u2019acc\u00e8dent aux quais et envahissent les voies de chemin de fer. Pour cela, elle a mis en place un cordon de CRS pour filtrer les voyageurs \u00e0 l\u2019entr\u00e9e des quais.<\/p>\n<p>Oui mais\u2026 \u00c0 cette heure de pointe entre 17 h 30 et 19 h, sous une chaleur accablante, les esprits se sont chauff\u00e9s. Retenus par un cordon de CRS, de nombreux voyageurs \u00e9taient inquiets de ne pas acc\u00e9der rapidement \u00e0 leur train. \u00ab J\u2019ai rat\u00e9 mon train \u00e0 cause de leur contr\u00f4le des titres de transport g\u00e9r\u00e9 n\u2019importe comment ! \u00bb pestait un voyageur d\u2019une trentaine d\u2019ann\u00e9es.<\/p>\n<p><img decoding=\"async\" src=\"https:\/\/www.europesays.com\/fr\/wp-content\/uploads\/2025\/06\/68544b3a6243242f4b03738c.1.jpeg\" width=\"480\" height=\"300\" class=\"web_golden_m\" loading=\"lazy\" alt=\"La police a parfois repouss\u00e9 les manifestants.\"\/>La police a parfois repouss\u00e9 les manifestants. (David Brunet)<\/p>\n<p>Pendant ce temps, les militants chantaient \u00ab l\u2019\u00c9tat assassin, police complice ! \u00bb ou \u00ab Solidarit\u00e9 avec les sans papiers du monde entier \u00bb<\/p>\n<p>Ces derniers n\u2019h\u00e9sitaient pas \u00e0 aller au contact des CRS qui les repoussaient avec force. Cr\u00e9ant au passage des mouvements de panique chez des voyageurs incr\u00e9dules. Aux alentours de 18 h, un groupe d\u2019une vingtaine de militants a r\u00e9ussi \u00e0 passer par le c\u00f4t\u00e9 de la gare et \u00e0 rentrer dans le couloir desservant les voies. Ils ont \u00e9t\u00e9 repouss\u00e9s par les CRS.<\/p>\n","protected":false},"excerpt":{"rendered":"Grosse pagaille \u00e0 la gare de Rennes, ce jeudi 19 juin. Suite \u00e0 l\u2019appel du collectif de soutien&hellip;\n","protected":false},"author":2,"featured_media":188976,"comment_status":"","ping_status":"","sticky":false,"template":"","format":"standard","meta":{"footnotes":""},"categories":[2821],"tags":[1111,11,829,765,1777,674,118,3383,1011,27,12,584,25],"class_list":{"0":"post-188975","1":"post","2":"type-post","3":"status-publish","4":"format-standard","5":"has-post-thumbnail","7":"category-rennes","8":"tag-actu","9":"tag-actualites","10":"tag-bretagne","11":"tag-en-continu","12":"tag-eu","13":"tag-europe","14":"tag-faits-divers","15":"tag-faits-divers-a-rennes","16":"tag-fr","17":"tag-france","18":"tag-news","19":"tag-rennes","20":"tag-republique-francaise"},"share_on_mastodon":{"url":"https:\/\/pubeurope.com\/@fr\/114711299619696754","error":""},"_links":{"self":[{"href":"https:\/\/www.europesays.com\/fr\/wp-json\/wp\/v2\/posts\/188975","targetHints":{"allow":["GET"]}}],"collection":[{"href":"https:\/\/www.europesays.com\/fr\/wp-json\/wp\/v2\/posts"}],"about":[{"href":"https:\/\/www.europesays.com\/fr\/wp-json\/wp\/v2\/types\/post"}],"author":[{"embeddable":true,"href":"https:\/\/www.europesays.com\/fr\/wp-json\/wp\/v2\/users\/2"}],"replies":[{"embeddable":true,"href":"https:\/\/www.europesays.com\/fr\/wp-json\/wp\/v2\/comments?post=188975"}],"version-history":[{"count":0,"href":"https:\/\/www.europesays.com\/fr\/wp-json\/wp\/v2\/posts\/188975\/revisions"}],"wp:featuredmedia":[{"embeddable":true,"href":"https:\/\/www.europesays.com\/fr\/wp-json\/wp\/v2\/media\/188976"}],"wp:attachment":[{"href":"https:\/\/www.europesays.com\/fr\/wp-json\/wp\/v2\/media?parent=188975"}],"wp:term":[{"taxonomy":"category","embeddable":true,"href":"https:\/\/www.europesays.com\/fr\/wp-json\/wp\/v2\/categories?post=188975"},{"taxonomy":"post_tag","embeddable":true,"href":"https:\/\/www.europesays.com\/fr\/wp-json\/wp\/v2\/tags?post=188975"}],"curies":[{"name":"wp","href":"https:\/\/api.w.org\/{rel}","templated":true}]}}