{"id":188977,"date":"2025-06-19T17:51:09","date_gmt":"2025-06-19T17:51:09","guid":{"rendered":"https:\/\/www.europesays.com\/fr\/188977\/"},"modified":"2025-06-19T17:51:09","modified_gmt":"2025-06-19T17:51:09","slug":"brulures-fractures-lesions-ce-que-revele-le-rapport-dautopsie-dalexis-mort-a-la-prison-de-rennes-vezin","status":"publish","type":"post","link":"https:\/\/www.europesays.com\/fr\/188977\/","title":{"rendered":"Br\u00fblures, fractures, l\u00e9sions\u2026 Ce que r\u00e9v\u00e8le le rapport d&rsquo;autopsie d&rsquo;Alexis, mort \u00e0 la prison de Rennes-Vezin"},"content":{"rendered":"<p>            Par<br \/>\n        <strong><br \/>\n            <a href=\"https:\/\/actu.fr\/auteur\/laurene-fertin\" title=\"Consulter tous les articles de Laur\u00e8ne Fertin\" target=\"_blank\" rel=\"noopener\">Laur\u00e8ne Fertin<\/a><br \/>\n        <\/strong><\/p>\n<p>        Publi\u00e9 le<\/p>\n<p>            19 juin 2025 \u00e0 19h45        <\/p>\n<p>Samedi 14\u00a0juin 2025, <a href=\"https:\/\/actu.fr\/bretagne\/rennes_35238\/brulures-actes-de-torture-et-de-barbarie-a-la-prison-de-rennes-un-nouveau-detenu-est-mort-en-cellule_62790178.html\" target=\"_blank\" rel=\"noopener\">le corps inanim\u00e9 d\u2019Alexis, jeune homme de 25\u00a0ans, a \u00e9t\u00e9 retrouv\u00e9 <\/a>au sein de la <strong>prison Rennes-Vezin<\/strong>. Les premiers \u00e9l\u00e9ments recueillis ont permis de constater, comme l\u2019indique Fr\u00e9d\u00e9ric Teillet, procureur de la R\u00e9publique de Rennes,<strong> d\u2019importantes blessures<\/strong> ayant \u00e9t\u00e9 caus\u00e9es \u00ab\u2009vraisemblablement\u2009\u00bb <strong>par son co-d\u00e9tenu<\/strong>, Lofti, alors mis en examen notamment pour \u00ab\u2009torture ou acte de barbarie\u2009\u00bb. <strong>Une autopsie<\/strong> a \u00e9t\u00e9 r\u00e9alis\u00e9e mercredi 18\u00a0juin dans l\u2019apr\u00e8s-midi et a permis de retracer, post-mortem, les atteintes, plurielles, r\u00e9alis\u00e9es sur le corps de la victime.<\/p>\n<p>De premi\u00e8res observations confirm\u00e9es<\/p>\n<p class=\" wall-content\">Selon le parquet de Rennes, <strong>les m\u00e9decins l\u00e9gistes<\/strong> ayant proc\u00e9d\u00e9 \u00e0 l\u2019autopsie hier apr\u00e8s-midi ont <strong>confirm\u00e9 les observations faites sur les lieux,<\/strong> samedi 14\u00a0juin.<\/p>\n<blockquote class=\"ac-article-quote wall-content\">\n<p>Une lev\u00e9e de corps r\u00e9alis\u00e9e par le m\u00e9decin l\u00e9giste a permis de constater que le d\u00e9funt pr\u00e9sentait de nombreuses l\u00e9sions, au visage (notamment aux yeux), au tronc et aux jambes, des br\u00fblures aux pieds et dans le dos ainsi que les signes de fractures de c\u00f4tes et d\u2019un pneumothorax.<\/p>\n<p>    <strong>Fr\u00e9d\u00e9ric Teillet<\/strong><br \/>\n        Procureur de la R\u00e9publique de Rennes    <\/p><\/blockquote>\n<p class=\" wall-content\">\u00ab\u2009Selon les m\u00e9decins l\u00e9gistes, poursuit Fr\u00e9d\u00e9ric Teillet, la victime est <strong>tr\u00e8s vraisemblablement d\u00e9c\u00e9d\u00e9e de l\u2019h\u00e9morragie interne<\/strong> qu\u2019ils ont constat\u00e9e, r\u00e9sultant n\u00e9cessairement de l\u2019intervention violente d\u2019un tiers.\u2009\u00bb<\/p>\n<p class=\" wall-content\">Pour compl\u00e9ter ces constatations m\u00e9dico-l\u00e9gales, <strong>des analyses toxicologiques<\/strong> et <strong>une analyse anatomopathologie<\/strong> (une \u00e9tude morphologique des modifications anormales des cellules et des tissus) sont en cours.<\/p>\n<p>Condamn\u00e9 \u00e0 cinq reprises<\/p>\n<p>Alexis, dont le casier judiciaire faisait mention de huit mentions, a \u00e9t\u00e9 condamn\u00e9 \u00e0 plusieurs reprises pour des faits de violence et purgeait plusieurs peines dont une derni\u00e8re condamnation portant sur cinq mois d\u2019emprisonnement pour violences sur un fonctionnaire de police sans incapacit\u00e9, d\u00e9taille Fr\u00e9d\u00e9ric Teillet.<\/p>\n<p>Le co-d\u00e9tenu a reconnu les faits<\/p>\n<p class=\" wall-content\">Pour rappel, le 14\u00a0juin, <strong>la gendarmerie de Pac\u00e9<\/strong> a \u00e9t\u00e9 inform\u00e9e par le centre p\u00e9nitentiaire de Rennes-Vezin de la d\u00e9couverte d\u2019Alexis, d\u00e9c\u00e9d\u00e9 dans sa cellule.<\/p>\n<p class=\" wall-content\">Le parquet de Rennes s\u2019est rendu sur les lieux et a confi\u00e9 <strong>l\u2019enqu\u00eate \u00e0 la Brigade de recherches de Rennes<\/strong>, co-saisie avec la brigade territoriale de gendarmerie de Pac\u00e9.<\/p>\n<blockquote class=\"ac-article-quote wall-content\">\n<p>Le cod\u00e9tenu de la victime a imm\u00e9diatement \u00e9t\u00e9 plac\u00e9 en garde \u00e0 vue et a reconnu les faits,<br \/>\nindiquant que la victime souffrait d\u2019encopr\u00e9sie (forme d&rsquo;incontinence f\u00e9cale, N.D.L.R) et se retrouvait donc r\u00e9guli\u00e8rement avec des excr\u00e9ments sur elle.<\/p>\n<p>    <strong>Fr\u00e9d\u00e9ric Teillet<\/strong><br \/>\n        Procureur de la R\u00e9publique de Rennes    <\/p><\/blockquote>\n<p class=\" wall-content\">\u00ab\u2009Ne supportant pas les odeurs\u2009\u00bb, le gard\u00e9 \u00e0 vue avait demand\u00e9 \u00e0 changer de cellule. Ce dernier commis <strong>des violences \u00ab\u2009depuis plusieurs jours<\/strong> et plus encore le 14\u00a0juin\u2009\u00bb.<\/p>\n<p>Plac\u00e9 en d\u00e9tention provisoire<\/p>\n<blockquote class=\"ac-article-quote wall-content\">\n<p>Le parquet de Rennes a d\u00e9cid\u00e9 de son d\u00e9f\u00e8rement au palais de justice \u00e0 l\u2019issue de sa garde \u00e0 vue le 16 juin 2025 et de l\u2019ouverture d\u2019une information pour torture ou acte de barbarie, commis entre le 9 juin et le 14 juin 2025 et meurtre pr\u00e9c\u00e9d\u00e9, accompagn\u00e9 ou suivi d\u2019un autre crime commis le 14 juin 2025.\u00a0<\/p>\n<p>    <strong>Fr\u00e9d\u00e9ric Teillet<\/strong><br \/>\n        Procureur de la R\u00e9publique de Rennes    <\/p><\/blockquote>\n<p class=\" wall-content\">Lofti a donc \u00e9t\u00e9 mis en examen pour ces infractions, <strong>plac\u00e9 en d\u00e9tention provisoire<\/strong> conform\u00e9ment \u00e0 la demande du parquet et transf\u00e9r\u00e9 dans un autre \u00e9tablissement p\u00e9nitentiaire, pr\u00e9cis\u00e9ment au\u00a0Mans (Sarthe).<\/p>\n<p class=\" wall-content\">Suivez toute l\u2019actualit\u00e9 de vos villes et m\u00e9dias favoris en vous inscrivant \u00e0 <a href=\"https:\/\/moncompte.actu.fr\" title=\"D\u00e9couvez Mon Actu\" rel=\"nofollow noopener\" data-trk=\"{&quot;cta&quot;:{&quot;action&quot;:&quot;https:\\\/\\\/moncompte.actu.fr&quot;,&quot;category&quot;:&quot;mon compte&quot;,&quot;from&quot;:&quot;article footer&quot;,&quot;name&quot;:&quot;Mon actu&quot;,&quot;type&quot;:&quot;cta&quot;}}\" target=\"_blank\">Mon Actu<\/a>.<\/p>\n","protected":false},"excerpt":{"rendered":"Par Laur\u00e8ne Fertin Publi\u00e9 le 19 juin 2025 \u00e0 19h45 Samedi 14\u00a0juin 2025, le corps inanim\u00e9 d\u2019Alexis, jeune&hellip;\n","protected":false},"author":2,"featured_media":29780,"comment_status":"","ping_status":"","sticky":false,"template":"","format":"standard","meta":{"footnotes":""},"categories":[2821],"tags":[1111,11,829,1777,674,118,1011,27,303,12,899,584,25],"class_list":{"0":"post-188977","1":"post","2":"type-post","3":"status-publish","4":"format-standard","5":"has-post-thumbnail","7":"category-rennes","8":"tag-actu","9":"tag-actualites","10":"tag-bretagne","11":"tag-eu","12":"tag-europe","13":"tag-faits-divers","14":"tag-fr","15":"tag-france","16":"tag-justice","17":"tag-news","18":"tag-prisons","19":"tag-rennes","20":"tag-republique-francaise"},"share_on_mastodon":{"url":"https:\/\/pubeurope.com\/@fr\/114711303710520285","error":""},"_links":{"self":[{"href":"https:\/\/www.europesays.com\/fr\/wp-json\/wp\/v2\/posts\/188977","targetHints":{"allow":["GET"]}}],"collection":[{"href":"https:\/\/www.europesays.com\/fr\/wp-json\/wp\/v2\/posts"}],"about":[{"href":"https:\/\/www.europesays.com\/fr\/wp-json\/wp\/v2\/types\/post"}],"author":[{"embeddable":true,"href":"https:\/\/www.europesays.com\/fr\/wp-json\/wp\/v2\/users\/2"}],"replies":[{"embeddable":true,"href":"https:\/\/www.europesays.com\/fr\/wp-json\/wp\/v2\/comments?post=188977"}],"version-history":[{"count":0,"href":"https:\/\/www.europesays.com\/fr\/wp-json\/wp\/v2\/posts\/188977\/revisions"}],"wp:featuredmedia":[{"embeddable":true,"href":"https:\/\/www.europesays.com\/fr\/wp-json\/wp\/v2\/media\/29780"}],"wp:attachment":[{"href":"https:\/\/www.europesays.com\/fr\/wp-json\/wp\/v2\/media?parent=188977"}],"wp:term":[{"taxonomy":"category","embeddable":true,"href":"https:\/\/www.europesays.com\/fr\/wp-json\/wp\/v2\/categories?post=188977"},{"taxonomy":"post_tag","embeddable":true,"href":"https:\/\/www.europesays.com\/fr\/wp-json\/wp\/v2\/tags?post=188977"}],"curies":[{"name":"wp","href":"https:\/\/api.w.org\/{rel}","templated":true}]}}