{"id":188986,"date":"2025-06-19T17:56:25","date_gmt":"2025-06-19T17:56:25","guid":{"rendered":"https:\/\/www.europesays.com\/fr\/188986\/"},"modified":"2025-06-19T17:56:25","modified_gmt":"2025-06-19T17:56:25","slug":"la-filiale-du-promoteur-realites-heurus-obtient-un-nouveau-delai-pour-se-redresser","status":"publish","type":"post","link":"https:\/\/www.europesays.com\/fr\/188986\/","title":{"rendered":"La filiale du promoteur R\u00e9alit\u00e9s Heurus obtient un nouveau d\u00e9lai pour se redresser"},"content":{"rendered":"<p>L\u2019op\u00e9ration sauvetage continue dans le groupe immobilier R\u00e9alit\u00e9s, bas\u00e9 \u00e0 Saint-Herblain, en grande difficult\u00e9 financi\u00e8re. Mercredi 18\u00a0juin, Heurus, sa filiale gestionnaire de r\u00e9sidences s\u00e9nior avait rendez-vous au tribunal de commerce au terme des six premiers mois de la proc\u00e9dure de redressement judiciaire. <a href=\"https:\/\/nantes.maville.com\/actu\/actudet_-residences-seniors-heurus-filiale-de-realites-en-redressement-judiciaire-_52716-6627272_actu.Htm\" target=\"_blank\" rel=\"noopener\">Elle avait \u00e9t\u00e9 engag\u00e9e le 8\u00a0janvier.<\/a> Heurus, avec ses 215\u00a0salari\u00e9s et 1\u00a0150\u00a0r\u00e9sidents ne pouvait plus faire face \u00e0 ses dettes et poursuivre le programme de r\u00e9alisation de cinq nouvelles op\u00e9rations immobili\u00e8res.<\/p>\n<p>\u00ab\u00a0Une restructuration r\u00e9ussie\u00a0\u00bb<\/p>\n<p>Dans cette premi\u00e8re p\u00e9riode d\u2019observation, la filiale a proc\u00e9d\u00e9 \u00e0 la cession de r\u00e9sidences en construction quitte \u00e0 en baisser les prix pour obtenir des liquidit\u00e9s. <a href=\"https:\/\/nantes.maville.com\/actu\/actudet_-filiale-de-realites-heurus-annonce-des-perspectives-solides-pour-ses-residences-seniors-_52716-6830980_actu.Htm\" target=\"_blank\" rel=\"noopener\">La directrice g\u00e9n\u00e9rale, Catherine Labardant, avait annonc\u00e9 le mois dernier <\/a> <strong> <a href=\"https:\/\/nantes.maville.com\/actu\/actudet_-filiale-de-realites-heurus-annonce-des-perspectives-solides-pour-ses-residences-seniors-_52716-6830980_actu.Htm\" target=\"_blank\" rel=\"noopener\">\u00ab\u00a0une restructuration r\u00e9ussie et des perspectives solides\u00a0\u00bb.<\/a> <\/strong>Heurus s\u2019est reconcentr\u00e9 sur la gestion de ces sept \u00e9tablissements de l\u2019ouest.<\/p>\n<p>\u00a0<\/p>\n","protected":false},"excerpt":{"rendered":"L\u2019op\u00e9ration sauvetage continue dans le groupe immobilier R\u00e9alit\u00e9s, bas\u00e9 \u00e0 Saint-Herblain, en grande difficult\u00e9 financi\u00e8re. Mercredi 18\u00a0juin, Heurus,&hellip;\n","protected":false},"author":2,"featured_media":188987,"comment_status":"","ping_status":"","sticky":false,"template":"","format":"standard","meta":{"footnotes":""},"categories":[2818],"tags":[1111,11,19068,1777,674,32680,1011,27,32683,766,12,4565,32684,2636,32681,32682,32685,25],"class_list":{"0":"post-188986","1":"post","2":"type-post","3":"status-publish","4":"format-standard","5":"has-post-thumbnail","7":"category-nantes","8":"tag-actu","9":"tag-actualites","10":"tag-delai","11":"tag-eu","12":"tag-europe","13":"tag-filiale","14":"tag-fr","15":"tag-france","16":"tag-heurus","17":"tag-nantes","18":"tag-news","19":"tag-nouveau","20":"tag-obtient","21":"tag-pays-de-la-loire","22":"tag-promoteur","23":"tag-realites","24":"tag-redresser","25":"tag-republique-francaise"},"share_on_mastodon":{"url":"https:\/\/pubeurope.com\/@fr\/114711323214834593","error":""},"_links":{"self":[{"href":"https:\/\/www.europesays.com\/fr\/wp-json\/wp\/v2\/posts\/188986","targetHints":{"allow":["GET"]}}],"collection":[{"href":"https:\/\/www.europesays.com\/fr\/wp-json\/wp\/v2\/posts"}],"about":[{"href":"https:\/\/www.europesays.com\/fr\/wp-json\/wp\/v2\/types\/post"}],"author":[{"embeddable":true,"href":"https:\/\/www.europesays.com\/fr\/wp-json\/wp\/v2\/users\/2"}],"replies":[{"embeddable":true,"href":"https:\/\/www.europesays.com\/fr\/wp-json\/wp\/v2\/comments?post=188986"}],"version-history":[{"count":0,"href":"https:\/\/www.europesays.com\/fr\/wp-json\/wp\/v2\/posts\/188986\/revisions"}],"wp:featuredmedia":[{"embeddable":true,"href":"https:\/\/www.europesays.com\/fr\/wp-json\/wp\/v2\/media\/188987"}],"wp:attachment":[{"href":"https:\/\/www.europesays.com\/fr\/wp-json\/wp\/v2\/media?parent=188986"}],"wp:term":[{"taxonomy":"category","embeddable":true,"href":"https:\/\/www.europesays.com\/fr\/wp-json\/wp\/v2\/categories?post=188986"},{"taxonomy":"post_tag","embeddable":true,"href":"https:\/\/www.europesays.com\/fr\/wp-json\/wp\/v2\/tags?post=188986"}],"curies":[{"name":"wp","href":"https:\/\/api.w.org\/{rel}","templated":true}]}}