{"id":188994,"date":"2025-06-19T18:00:16","date_gmt":"2025-06-19T18:00:16","guid":{"rendered":"https:\/\/www.europesays.com\/fr\/188994\/"},"modified":"2025-06-19T18:00:16","modified_gmt":"2025-06-19T18:00:16","slug":"les-bus-tisseo-vont-debarquer-dans-plusieurs-communes","status":"publish","type":"post","link":"https:\/\/www.europesays.com\/fr\/188994\/","title":{"rendered":"les bus Tiss\u00e9o vont d\u00e9barquer dans plusieurs communes"},"content":{"rendered":"<p>            Par<br \/>\n        <strong><br \/>\n            <a href=\"https:\/\/actu.fr\/auteur\/david-saint-sernin\" title=\"Consulter tous les articles de David Saint-Sernin\" rel=\"nofollow noopener\" target=\"_blank\">David Saint-Sernin<\/a><br \/>\n        <\/strong><\/p>\n<p>        Publi\u00e9 le<\/p>\n<p>            19 juin 2025 \u00e0 18h46        <\/p>\n<p>C\u2019est une des grandes nouveaut\u00e9s pr\u00e9vues dans les transports en commun de l\u2019aire urbaine de Toulouse. \u00c0 partir du 1er\u00a0septembre 2025, le r\u00e9seau <a href=\"https:\/\/actu.fr\/tag\/tisseo\" rel=\"nofollow noopener\" target=\"_blank\">Tiss\u00e9o<\/a> va <a href=\"https:\/\/actu.fr\/occitanie\/toulouse_31555\/transports-le-reseau-tisseo-s-etend-7-communes-eloignees-de-toulouse-rattachees_60191886.html\" rel=\"nofollow noopener\" target=\"_blank\">s\u2019\u00e9tendre \u00e0 de nouvelles communes dans l\u2019Ouest Toulousain.<\/a> Ce sera une premi\u00e8re pour ces communes qui attendaient ce type de desserte, notamment vers Toulouse, depuis longtemps.<\/p>\n<p>Trois nouvelles lignes vont \u00eatre cr\u00e9\u00e9es<\/p>\n<p class=\" wall-content\">\u00ab\u2009Le nouveau sch\u00e9ma de desserte pr\u00e9voit la <strong>cr\u00e9ation de trois lignes<\/strong> et le <strong>prolongement de deux lignes existantes.<\/strong> Les trois nouvelles lignes de bus mises en service seront connect\u00e9es au r\u00e9seau TER\u2009\u00bb, explique Tiss\u00e9o.<\/p>\n<p class=\" wall-content\">La <strong>ligne de bus 401<\/strong> reliera Saint-Lys \u00e0 Colomiers Gare SCNF en passant par Fonsorbes et <strong>Fontenilles.<\/strong> Elle fonctionnera du lundi au samedi. \u00ab\u2009Avec une offre de 30\u00a0minutes en heures de pointe et 60\u00a0minutes en heures creuses, ce service permettra de connecter la Gare de Colomiers, future station de la ligne C du m\u00e9tro\u2009\u00bb, explique Tiss\u00e9o.<\/p>\n<p class=\" wall-content\">La<strong> ligne de bus 402<\/strong> connectera <strong>L\u00e9guevin<\/strong> \u00e0 Colomiers Gare SNCF. \u00ab\u2009Elle fonctionnera du lundi au samedi, et permettra de connecter la commune de L\u00e9guevin \u00e0 la Gare de Colomiers toutes les 30\u00a0minutes en heures de pointe et 60\u00a0minutes en heures creuses\u2009\u00bb, explique Tiss\u00e9o.<\/p>\n<p class=\" wall-content\">La <strong>ligne de bus 403<\/strong> connectera les communes de <strong>Lasserre-Prad\u00e8re<\/strong> et L\u00e9guevin \u00e0 la gare de <strong>M\u00e9renvielle.<\/strong> \u00ab\u2009L\u2019offre de la ligne est cal\u00e9e sur l\u2019offre du train en direction de Toulouse\u2009: 3 d\u00e9parts le matin, 2 allers\/retours \u00e0 midi et 5 courses le soir. La ligne fonctionne du lundi au vendredi\u2009\u00bb, explique Tiss\u00e9o.<\/p>\n<p>Deux lignes prolong\u00e9es<\/p>\n<p class=\" wall-content\">Deux lignes qui existent d\u00e9j\u00e0 vont \u00eatre prolong\u00e9es\u2009:<\/p>\n<p class=\" wall-content\">La ligne 55 qui relie la gare\u00a0SNCF de Colomiers \u00e0<strong> Plaisance-du-Touch<\/strong> au niveau du terminus Monesti\u00e9 o\u00f9 l\u2019on trouve un parking relais de 50 places va \u00eatre prolong\u00e9e au quartier Ousseau. \u00ab\u2009Cette extension permet de desservir le projet Bonna Sabla. L\u2019offre de la ligne a \u00e9galement \u00e9t\u00e9 augment\u00e9e pour passer de 30\u00a0minutes en heures de pointe et 60\u00a0minutes en heures creuses \u00e0 20\u00a0minutes en heures de pointe et 35\u00a0minutes en heures creuses\u2009\u00bb, indique Tiss\u00e9o.<\/p>\n<p>Choc de transports en commun \u00e0 L\u00e9guevin<\/p>\n<p class=\" wall-content\">La ligne 32 qui relie actuellement Colomiers \u00e0 Brax va arriver jusqu\u2019\u00e0 L\u00e9guevin. La ligne effectuera son terminus au coll\u00e8ge Forain F. Verdier.<\/p>\n<p class=\" wall-content\">\u00ab\u2009L\u00e9guevin, 10\u2009000 habitants, va enfin b\u00e9n\u00e9ficier d\u2019une offre de service de transport en commun, \u00e0 la hauteur des attentes de toute la population. Pour circuler d\u2019un point \u00e0 un autre dans la ville, mais surtout pour se diriger vers les gares de Colomiers. C\u2019est une \u00e9volution majeure et historique pour laquelle je remercie en premier lieu Jean-Michel Lattes, Pr\u00e9sident de Tiss\u00e9o. Les Services du Grand Ouest Toulousain Agglom\u00e9ration, en lien avec ceux de la Ville, ont fait un travail consid\u00e9rable.\u2009\u00bb, appuie <strong>le maire de cette commune, \u00c9tienne Cardeilhac-Pugens<\/strong><\/p>\n<p>    <img   decoding=\"async\" loading=\"lazy\" src=\"https:\/\/www.europesays.com\/fr\/wp-content\/uploads\/2025\/06\/20240306-144811-960x640.jpg\" alt=\"A L\u00e9guevin, ce sont deux lignes de bus de Tiss\u00e9o qui vont, dans quelques semaines, desservir la commune. \" width=\"960\" height=\"640\"\/><br \/>\n    \u00c0 L\u00e9guevin, ce sont deux lignes de bus de Tiss\u00e9o qui vont, dans quelques semaines, desservir la commune. \u00ab\u2009Un tournant\u2009\u00bb, estime la mairie de cette commune de 10\u2009000\u00a0habitants. (\u00a9David Saint-Sernin\/Actu Toulouse)\u00ab\u2009Un tournant pour la commune\u2009\u00bb<\/p>\n<p class=\" wall-content\">La commune de L\u00e9guevin, 10\u2009000 habitants, va donc voir arriver deux lignes de bus \u00e0 partir du 1\u1d49\u02b3 septembre. \u00ab\u2009Cette \u00e9volution marque un v\u00e9ritable tournant pour L\u00e9guevin jusqu\u2019alors peu dot\u00e9e en solutions de transports collectifs. La ligne 402 permettra une liaison directe avec Colomiers, tandis que la ligne 403 assurera une desserte \u00e9largie vers Pibrac, Brax, Colomiers puis Toulouse avec des correspondances facilit\u00e9es vers le m\u00e9tro et le tram\u2009\u00bb, se f\u00e9licite <strong>Marjorie Lalanne, adjointe au maire de L\u00e9guevin, en charge des mobilit\u00e9s.<\/strong><\/p>\n<p>Des am\u00e9nagements \u00e0 r\u00e9aliser<\/p>\n<p class=\" wall-content\">Pour concr\u00e9tiser ce choc de transports, cette commune va faire l\u2019objet de plusieurs am\u00e9nagements.<\/p>\n<p class=\" wall-content\">\u00ab\u2009Pour accompagner cette mise en service, 11 arr\u00eats de bus seront install\u00e9s \u00e0 L\u00e9guevin, notamment le long de la route de Toulouse, en centre-ville, sur l\u2019avenue de la gare et \u00e0 proximit\u00e9 du coll\u00e8ge. Des quais de bus, accessibles aux personnes \u00e0 mobilit\u00e9 r\u00e9duite, seront am\u00e9nag\u00e9s durant l\u2019\u00e9t\u00e9\u2009\u00bb, indique Marjorie Lalanne.<\/p>\n<p>Six communes int\u00e9gr\u00e9es au r\u00e9seau Tiss\u00e9o<\/p>\n<p class=\" wall-content\">La cr\u00e9ation de ces nouvelles lignes est le r\u00e9sultat de discussions entam\u00e9es depuis plusieurs ann\u00e9es pour l\u2019int\u00e9gration de la Communaut\u00e9 de Communes du Grand Ouest Toulousain au r\u00e9seau Tiss\u00e9o. Une demande d\u2019adh\u00e9sion \u00e0 Tiss\u00e9o collectivit\u00e9s avait \u00e9t\u00e9 formul\u00e9e en juin\u00a02022. Ce rattachement<a href=\"https:\/\/actu.fr\/occitanie\/toulouse_31555\/transports-le-reseau-tisseo-s-etend-7-communes-eloignees-de-toulouse-rattachees_60191886.html\" rel=\"nofollow noopener\" target=\"_blank\"> avait \u00e9t\u00e9 act\u00e9 en comit\u00e9 syndical de Tiss\u00e9o en 2023<\/a>, et s\u2019est concr\u00e9tis\u00e9 le 1er\u00a0janvier 2024.<\/p>\n<p class=\" wall-content\">\u00c0 l\u2019Ouest de Toulouse, six communes sont concern\u00e9es par le d\u00e9ploiement du r\u00e9seau Tiss\u00e9o\u2009: Fontenilles, L\u00e9guevin, L\u00e9vignac, Lasserre-Prad\u00e8re, M\u00e9renvielle et Sainte-Livrade (Plaisance-du-Touch\u00a0et la Salvetat-Saint-Gilles \u00e9tant d\u00e9j\u00e0 desservies par Tiss\u00e9o). Soit\u00a020\u2009000\u00a0habitants suppl\u00e9mentaires.<\/p>\n<p class=\" wall-content\">Suivez toute l\u2019actualit\u00e9 de vos villes et m\u00e9dias favoris en vous inscrivant \u00e0 <a href=\"https:\/\/moncompte.actu.fr\" title=\"D\u00e9couvez Mon Actu\" rel=\"nofollow noopener\" data-trk=\"{&quot;cta&quot;:{&quot;action&quot;:&quot;https:\\\/\\\/moncompte.actu.fr&quot;,&quot;category&quot;:&quot;mon compte&quot;,&quot;from&quot;:&quot;article footer&quot;,&quot;name&quot;:&quot;Mon actu&quot;,&quot;type&quot;:&quot;cta&quot;}}\" target=\"_blank\">Mon Actu<\/a>.<\/p>\n","protected":false},"excerpt":{"rendered":"Par David Saint-Sernin Publi\u00e9 le 19 juin 2025 \u00e0 18h46 C\u2019est une des grandes nouveaut\u00e9s pr\u00e9vues dans les&hellip;\n","protected":false},"author":2,"featured_media":188995,"comment_status":"","ping_status":"","sticky":false,"template":"","format":"standard","meta":{"footnotes":""},"categories":[2816],"tags":[1111,11,1777,674,1011,27,12,2680,25,104,5400,2312,2803],"class_list":{"0":"post-188994","1":"post","2":"type-post","3":"status-publish","4":"format-standard","5":"has-post-thumbnail","7":"category-toulouse","8":"tag-actu","9":"tag-actualites","10":"tag-eu","11":"tag-europe","12":"tag-fr","13":"tag-france","14":"tag-news","15":"tag-occitanie","16":"tag-republique-francaise","17":"tag-societe","18":"tag-tisseo","19":"tag-toulouse","20":"tag-transport"},"share_on_mastodon":{"url":"https:\/\/pubeurope.com\/@fr\/114711338937437535","error":""},"_links":{"self":[{"href":"https:\/\/www.europesays.com\/fr\/wp-json\/wp\/v2\/posts\/188994","targetHints":{"allow":["GET"]}}],"collection":[{"href":"https:\/\/www.europesays.com\/fr\/wp-json\/wp\/v2\/posts"}],"about":[{"href":"https:\/\/www.europesays.com\/fr\/wp-json\/wp\/v2\/types\/post"}],"author":[{"embeddable":true,"href":"https:\/\/www.europesays.com\/fr\/wp-json\/wp\/v2\/users\/2"}],"replies":[{"embeddable":true,"href":"https:\/\/www.europesays.com\/fr\/wp-json\/wp\/v2\/comments?post=188994"}],"version-history":[{"count":0,"href":"https:\/\/www.europesays.com\/fr\/wp-json\/wp\/v2\/posts\/188994\/revisions"}],"wp:featuredmedia":[{"embeddable":true,"href":"https:\/\/www.europesays.com\/fr\/wp-json\/wp\/v2\/media\/188995"}],"wp:attachment":[{"href":"https:\/\/www.europesays.com\/fr\/wp-json\/wp\/v2\/media?parent=188994"}],"wp:term":[{"taxonomy":"category","embeddable":true,"href":"https:\/\/www.europesays.com\/fr\/wp-json\/wp\/v2\/categories?post=188994"},{"taxonomy":"post_tag","embeddable":true,"href":"https:\/\/www.europesays.com\/fr\/wp-json\/wp\/v2\/tags?post=188994"}],"curies":[{"name":"wp","href":"https:\/\/api.w.org\/{rel}","templated":true}]}}