{"id":18900,"date":"2025-04-12T02:55:31","date_gmt":"2025-04-12T02:55:31","guid":{"rendered":"https:\/\/www.europesays.com\/fr\/18900\/"},"modified":"2025-04-12T02:55:31","modified_gmt":"2025-04-12T02:55:31","slug":"pourquoi-la-perspective-dun-cessez-le-feu-en-ukraine-fait-elle-trembler-les-pays-baltes","status":"publish","type":"post","link":"https:\/\/www.europesays.com\/fr\/18900\/","title":{"rendered":"Pourquoi la perspective d&rsquo;un cessez-le-feu en Ukraine fait-elle trembler les pays baltes?"},"content":{"rendered":"<p>Chaque jour, l\u2019Estonie, la Lituanie et la Lettonie tremblent. Alors que des discussions ont lieu, pour l\u2019instant sans effet, autour d\u2019un<a href=\"https:\/\/www.geo.fr\/geopolitique\/les-russes-lanceraient-des-missions-suicides-pour-gagner-du-terrain-en-ukraine-avant-un-eventuel-cessez-le-feu-224945\" target=\"_blank\" rel=\"noopener\"> cessez-le-feu<\/a> en Ukraine, les pays baltes s\u2019activent pour renforcer leur d\u00e9fense. Ils le savent, si Moscou n\u2019est plus occup\u00e9e sur le front ukrainien, elle prendra le temps de se renforcer pour attaquer par le nord.<\/p>\n<p>Et ils seront en premi\u00e8re ligne. \u00ab\u00a0Vladimir Poutine ne va pas nous faire attendre dix ans. Le moment le plus dangereux pour nous sera imm\u00e9diatement apr\u00e8s un cessez-le-feu avec l\u2019Ukraine\u00a0\u00bb, estime Gabrielius Landsbergis, ex-ministre des affaires \u00e9trang\u00e8res lituanien.<\/p>\n<p><a href=\"https:\/\/www.telegraph.co.uk\/world-news\/2025\/04\/07\/baltic-secret-defensive-line-keep-russia-out-europe\/\" target=\"_blank\" rel=\"noopener\">The Telegraph<\/a> rapporte que les pays baltes font tout ce qu\u2019ils peuvent actuellement pour b\u00e2tir leur d\u00e9fense. Comme la Pologne et la Finlande, la <a href=\"https:\/\/www.geo.fr\/geopolitique\/tonnerre-sur-baltique-russie-modifie-unilateralement-frontieres-maritimes-finlande-et-lituanie-decret-eaux-territoriales-kaliningrad-lac-otan-220320\" target=\"_blank\" rel=\"noopener\">Lituanie <\/a>a r\u00e9cemment quitt\u00e9 un trait\u00e9 international qui l\u2019emp\u00eachait d\u2019utiliser des bombes \u00e0 sous-munitions. Des d\u00e9cisions justifi\u00e9es par plusieurs rapports d\u2019agences de renseignement europ\u00e9ennes.<\/p>\n<p>\t\t\t\t\t    <img decoding=\"async\" src=\"https:\/\/www.europesays.com\/fr\/wp-content\/uploads\/2025\/04\/touristes-sur-une-poudriere-1af8d0.jpg\"  class=\"apply-ratio\" title=\"Touristes sur une poudri\u00e8re\"\/> \t\t<\/p>\n<p> Une poudri\u00e8re sous la Baltique\t<\/p>\n<p>Le Danemark pense notamment que Moscou pourrait \u00ab\u00a0mener une guerre locale dans un pays voisin de la Russie\u00a0\u00bb dans 6 mois, \u00ab\u00a0\u00eatre pr\u00eat pour une guerre r\u00e9gionale dans les pays baltes\u00a0\u00bb dans deux ans, et faire la guerre \u00ab\u00a0\u00e0 grande \u00e9chelle\u00a0\u00bb \u00e0 l\u2019Europe dans 5 ans.<\/p>\n<p>L\u2019oblast de Kaliningrad : porte d\u2019entr\u00e9e vuln\u00e9rable sur les pays baltes<\/p>\n<p>La Lituanie est d\u2019autant plus vuln\u00e9rable qu\u2019elle doit cohabiter avec l&rsquo;enclave russe de <a href=\"https:\/\/www.geo.fr\/geopolitique\/kaliningrad-une-enclave-russe-encadree-par-lotan-210489\" target=\"_blank\" rel=\"noopener\">Kaliningrad<\/a>, au sud-ouest du pays. A l\u2019Est, c\u2019est la Bi\u00e9lorussie, alli\u00e9e russe par excellence qui borde le pays. Et le Corridor de Suwa\u0142ki n\u2019arrange rien. Cette ligne de 85 kilom\u00e8tres est la fronti\u00e8re entre la Pologne et la Lituanie mais aussi le chemin le plus rapide pour aller de la Bi\u00e9lorussie \u00e0 Kaliningrad.<\/p>\n<p>Avec tous ces \u00e9l\u00e9ments en t\u00eate, les pays baltes renforcent leurs lignes de d\u00e9fense pour pouvoir combattre les Russes d\u00e8s le premier centim\u00e8tre de territoire grignot\u00e9. En plus d\u2019un appel permanent \u00e0 <a href=\"https:\/\/www.geo.fr\/geopolitique\/l-otan-peut-il-survivre-sans-les-etats-unis-225060\" target=\"_blank\" rel=\"noopener\">l\u2019Otan <\/a>pour obtenir plus de soldats et d\u2019aide militaire, les trois nations prennent les choses en main.<\/p>\n<p>La premi\u00e8re pierre \u00e0 l\u2019\u00e9difice est un plan sur 10 ans pour renforcer les quelque 965 kilom\u00e8tres de fronti\u00e8res orientales avec la Russie. Mille bunkers, des tranch\u00e9es, des d\u00e9p\u00f4ts de munitions et des abris vont sortir de terre. Mais les pays baltes n\u2019ont peut-\u00eatre pas dix ans devant eux.<\/p>\n<p>Les pays baltes s\u2019assemblent pour faire d\u00e9fense commune face \u00e0 Moscou<\/p>\n<p>Chacun des trois pays baltes s\u2019est engag\u00e9 \u00e0 investir 70,2 millions d\u2019euros pour renforcer leur d\u00e9fense commune. \u00ab\u00a0On doit pouvoir tenir la ligne de front, s\u2019assurer que les Russes n\u2019entreront pas, mais il faut aussi que l\u2019on puisse avancer chez l\u2019ennemi\u00a0\u00bb, estime Raimond Kaljulaid, chef de la d\u00e9l\u00e9gation estonienne \u00e0 l\u2019Otan.<\/p>\n<p>L\u2019Estonie a d\u00e9cid\u00e9 de commencer par installer des bunkers le long de la fronti\u00e8re. Le pays a \u00e9galement pr\u00e9vu d\u2019installer des barbel\u00e9s et des dispositifs anti-char dans les prochains mois. Des dispositifs d\u00e9j\u00e0 en place sur les parties lettones et lituaniennes de la fronti\u00e8re russe. Maintenant, ils esp\u00e8rent que le Kremlin ne mettra pas de nouveaux plans fous et destructeurs \u00e0 ex\u00e9cution.<\/p>\n","protected":false},"excerpt":{"rendered":"Chaque jour, l\u2019Estonie, la Lituanie et la Lettonie tremblent. Alors que des discussions ont lieu, pour l\u2019instant sans&hellip;\n","protected":false},"author":2,"featured_media":18901,"comment_status":"","ping_status":"","sticky":false,"template":"","format":"standard","meta":{"footnotes":""},"categories":[1590],"tags":[11,1777,674,131,7436,12,220],"class_list":{"0":"post-18900","1":"post","2":"type-post","3":"status-publish","4":"format-standard","5":"has-post-thumbnail","7":"category-ukraine","8":"tag-actualites","9":"tag-eu","10":"tag-europe","11":"tag-guerre-en-ukraine","12":"tag-mer-baltique","13":"tag-news","14":"tag-ukraine"},"share_on_mastodon":{"url":"https:\/\/pubeurope.com\/@fr\/114322743329938645","error":""},"_links":{"self":[{"href":"https:\/\/www.europesays.com\/fr\/wp-json\/wp\/v2\/posts\/18900","targetHints":{"allow":["GET"]}}],"collection":[{"href":"https:\/\/www.europesays.com\/fr\/wp-json\/wp\/v2\/posts"}],"about":[{"href":"https:\/\/www.europesays.com\/fr\/wp-json\/wp\/v2\/types\/post"}],"author":[{"embeddable":true,"href":"https:\/\/www.europesays.com\/fr\/wp-json\/wp\/v2\/users\/2"}],"replies":[{"embeddable":true,"href":"https:\/\/www.europesays.com\/fr\/wp-json\/wp\/v2\/comments?post=18900"}],"version-history":[{"count":0,"href":"https:\/\/www.europesays.com\/fr\/wp-json\/wp\/v2\/posts\/18900\/revisions"}],"wp:featuredmedia":[{"embeddable":true,"href":"https:\/\/www.europesays.com\/fr\/wp-json\/wp\/v2\/media\/18901"}],"wp:attachment":[{"href":"https:\/\/www.europesays.com\/fr\/wp-json\/wp\/v2\/media?parent=18900"}],"wp:term":[{"taxonomy":"category","embeddable":true,"href":"https:\/\/www.europesays.com\/fr\/wp-json\/wp\/v2\/categories?post=18900"},{"taxonomy":"post_tag","embeddable":true,"href":"https:\/\/www.europesays.com\/fr\/wp-json\/wp\/v2\/tags?post=18900"}],"curies":[{"name":"wp","href":"https:\/\/api.w.org\/{rel}","templated":true}]}}