{"id":189009,"date":"2025-06-19T18:08:10","date_gmt":"2025-06-19T18:08:10","guid":{"rendered":"https:\/\/www.europesays.com\/fr\/189009\/"},"modified":"2025-06-19T18:08:10","modified_gmt":"2025-06-19T18:08:10","slug":"des-metros-des-rer-et-des-trains-toute-la-nuit-pour-la-fete-de-la-musique-en-ile-de-france","status":"publish","type":"post","link":"https:\/\/www.europesays.com\/fr\/189009\/","title":{"rendered":"Des m\u00e9tros, des RER et des trains toute la nuit pour la F\u00eate de la musique en \u00cele-de-France"},"content":{"rendered":"<p class=\"paragraph text_align_left lp-f-body-02\">Pas la peine de partir avant la fin\u2026 de peur de manquer le dernier m\u00e9tro. Durant la nuit de samedi \u00e0 dimanche, il n\u2019y en aura pas ! Les m\u00e9tros (du moins ceux de 6 des 14 lignes du r\u00e9seau) mais \u00e9galement les RER et certaines lignes de Transilien circuleront, en effet, toute la nuit.<\/p>\n<p class=\"paragraph text_align_left lp-f-body-02\"><a href=\"https:\/\/www.leparisien.fr\/info-paris-ile-de-france-oise\/transports\/fete-de-la-musique-metros-rer-et-trains-jouent-les-prolongations-dans-la-nuit-de-vendredi-a-samedi-19-06-2024-J2LKK6BJBRHETF3PK7T3UGTYW4.php\" target=\"_self\" rel=\"nofollow noopener\">Comme les ann\u00e9es pass\u00e9es<\/a>, \u00cele-de-France Mobilit\u00e9s (IDFM, l\u2019autorit\u00e9 organisatrice des transports r\u00e9gionaux) a demand\u00e9 aux op\u00e9rateurs de mettre en place un dispositif nocturne sp\u00e9cial, pour permettre aux Franciliens de profiter de la F\u00eate de la musique le plus longtemps possible.<\/p>\n<p class=\"paragraph text_align_left lp-f-body-02\">Sur le r\u00e9seau du m\u00e9tro historique, 6 lignes \u00ab joueront \u00bb donc les prolongations, bien au-del\u00e0 de l\u2019horaire habituel de fin de service. Il s\u2019agit des lignes automatiques 1, 4 et 14 &#8211; aux horaires plus facilement am\u00e9nageables que les lignes avec conducteurs &#8211; et les lignes structurantes 2, 6 et 9.<\/p>\n<p class=\"paragraph text_align_left lp-f-body-02\"><b>A TELECHARGER &gt;&gt;<\/b> <a href=\"https:\/\/lab-assets.livemixr.com\/pdf\/lignes-ouvertes-fete-de-la-musique-metro-rer-2025.pdf\" target=\"_blank\" rel=\"noreferrer nofollow noopener\">La liste des stations ouvertes <\/a><\/p>\n<p><img decoding=\"async\" class=\"image \" loading=\"lazy\" src=\"https:\/\/www.europesays.com\/fr\/wp-content\/uploads\/2025\/06\/BGMNWC5GMFAVBK7ZMIFMNNPJU4.jpg\" alt=\"\" align=\"\" data-rubrique-principale=\"\" data-article-type=\"\" fetchpriority=\"auto\"\/><\/p>\n<p class=\"paragraph text_align_left lp-f-body-02\">Attention toutefois aux stations ferm\u00e9es. Durant la \u00ab nocturne \u00bb sur les lignes concern\u00e9es, les rames ne marqueront l\u2019arr\u00eat que dans les stations les plus importantes du r\u00e9seau. Seule <a href=\"https:\/\/www.leparisien.fr\/info-paris-ile-de-france-oise\/transports\/cest-tellement-pratique-pour-aller-a-paris-les-val-de-marnais-largement-seduits-par-la-ligne-14-prolongee-17-01-2025-UZFF44QRANGXNJV3WYVYWJOKWE.php\" target=\"_self\" rel=\"nofollow noopener\">la ligne 14 prolong\u00e9e<\/a> restera ouverte en continu sur la totalit\u00e9 de son parcours\u2026 \u00e0 l\u2019exception du terminus A\u00e9roport d\u2019Orly.<\/p>\n<p class=\"paragraph text_align_left lp-f-body-02\">C\u00f4t\u00e9 RER, la totalit\u00e9 des lignes se met au diapason de la F\u00eate de la musique pour accueillir des passagers en continu du samedi au dimanche. Les RER \u00ab de nuit \u00bb desserviront toutes les gares sur les lignes A, B et E (ce dernier n\u2019\u00e9tant ouvert qu\u2019entre la gare de l\u2019Est et les terminus de Chelles-Gournay et Tournan en Seine-et-Marne). Mais seulement les gares les plus importantes sur les lignes C et D.<\/p>\n<p>Un passe sp\u00e9cial \u00e0 4,20 euros pour voyager en illimit\u00e9<\/p>\n<p class=\"paragraph text_align_left lp-f-body-02\">Pour compl\u00e9ter la gamme des transports disponibles permettant de se rendre \u00e0 Paris ou en revenir, les lignes de Transilien H, J, L, N, P et R resteront \u00e9galement ouvertes jusqu\u2019au petit matin\u2026 mais avec un nombre de passages de trains tr\u00e8s r\u00e9duit n\u00e9cessitant un peu d\u2019anticipation. Vous pourrez ainsi compter sur un train toutes les 18 minutes sur le tron\u00e7on parisien des RER A ou B et sur un train par demi-heure sur l\u2019axe central des lignes C, D ou E (entre Paris et Chelles) ou sur le tramway T 4 (ouvert toute la nuit entre Aulnay-sous-Bois et Bondy).<\/p>\n<p class=\"paragraph text_align_left lp-f-body-02\">La fr\u00e9quence des passages des trains sera en revanche beaucoup plus r\u00e9duite sur certaines lignes de Transilien et sur les axes de RER les plus \u00e9loign\u00e9s de la capitale. Les voyageurs noctambules ne disposeront ainsi que d\u2019un train par heure sur certaines branches des lignes P, N ou H et de seulement trois trains dans la nuit sur les branches ouest du RER A (vers Cergy dans le Val-d\u2019Oise ou Poissy dans les Yvelines), la branche Dourdan du RER C ou encore sur la ligne R, exceptionnellement ouverte entre Melun et Montereau en Seine-et-Marne.<\/p>\n<p class=\"paragraph text_align_left lp-f-body-02\">Enfin, le r\u00e9seau de bus Noctilien habituel compl\u00e9tera l\u2019offre de transports cette nuit de F\u00eate de la musique.<\/p>\n<p class=\"paragraph text_align_left lp-f-body-02\">Mais attention, contrairement au dispositif de transport exceptionnel de la nuit de la Saint-Sylvestre, les m\u00e9tros, RER et trains de nuit affr\u00e9t\u00e9s pour la F\u00eate de la musique ne seront pas accessibles gratuitement par les usagers. Les titulaires d\u2019un passe Navigo (annuel ou mensuel) pourront bien s\u00fbr les emprunter sans surco\u00fbt. Mais les usagers occasionnels devront, eux, acheter des tickets \u00e0 l\u2019unit\u00e9 ou le billet sp\u00e9cial \u00ab F\u00eate de la musique \u00bb mis en place par IDFM.<\/p>\n<p class=\"paragraph text_align_left lp-f-body-02\">D\u2019un co\u00fbt de 4,20 euros (en hausse de 5 % par rapport au passe \u00ab F\u00eate de la musique 2024 \u00bb), il donnera acc\u00e8s en illimit\u00e9 \u00e0 tout le r\u00e9seau, du samedi \u00e0 17 heures au dimanche \u00e0 7 heures du matin. \u00c0 acheter d\u00e8s maintenant en version d\u00e9mat\u00e9rialis\u00e9e (<a href=\"https:\/\/www.leparisien.fr\/info-paris-ile-de-france-oise\/transports\/passe-navigo-il-sera-possible-de-passer-les-portiques-avec-son-iphone-avant-le-debut-des-jo-09-04-2024-TKHYATEXQ5DOJFRJFF4WTNICUU.php\" target=\"_self\" rel=\"nofollow noopener\">sur passe Navigo Easy ou sur smartphone<\/a>) pour bien rentrer\u2026 sans risque de fausse note.<\/p>\n","protected":false},"excerpt":{"rendered":"Pas la peine de partir avant la fin\u2026 de peur de manquer le dernier m\u00e9tro. Durant la nuit&hellip;\n","protected":false},"author":2,"featured_media":189010,"comment_status":"","ping_status":"","sticky":false,"template":"","format":"standard","meta":{"footnotes":""},"categories":[1592],"tags":[1111,11,1777,674,1011,27,662,1944,12,626,25,2382],"class_list":{"0":"post-189009","1":"post","2":"type-post","3":"status-publish","4":"format-standard","5":"has-post-thumbnail","7":"category-ile-de-france","8":"tag-actu","9":"tag-actualites","10":"tag-eu","11":"tag-europe","12":"tag-fr","13":"tag-france","14":"tag-ile-de-france","15":"tag-ma-ville","16":"tag-news","17":"tag-paris","18":"tag-republique-francaise","19":"tag-transport-idf-oise"},"share_on_mastodon":{"url":"https:\/\/pubeurope.com\/@fr\/114711370577761346","error":""},"_links":{"self":[{"href":"https:\/\/www.europesays.com\/fr\/wp-json\/wp\/v2\/posts\/189009","targetHints":{"allow":["GET"]}}],"collection":[{"href":"https:\/\/www.europesays.com\/fr\/wp-json\/wp\/v2\/posts"}],"about":[{"href":"https:\/\/www.europesays.com\/fr\/wp-json\/wp\/v2\/types\/post"}],"author":[{"embeddable":true,"href":"https:\/\/www.europesays.com\/fr\/wp-json\/wp\/v2\/users\/2"}],"replies":[{"embeddable":true,"href":"https:\/\/www.europesays.com\/fr\/wp-json\/wp\/v2\/comments?post=189009"}],"version-history":[{"count":0,"href":"https:\/\/www.europesays.com\/fr\/wp-json\/wp\/v2\/posts\/189009\/revisions"}],"wp:featuredmedia":[{"embeddable":true,"href":"https:\/\/www.europesays.com\/fr\/wp-json\/wp\/v2\/media\/189010"}],"wp:attachment":[{"href":"https:\/\/www.europesays.com\/fr\/wp-json\/wp\/v2\/media?parent=189009"}],"wp:term":[{"taxonomy":"category","embeddable":true,"href":"https:\/\/www.europesays.com\/fr\/wp-json\/wp\/v2\/categories?post=189009"},{"taxonomy":"post_tag","embeddable":true,"href":"https:\/\/www.europesays.com\/fr\/wp-json\/wp\/v2\/tags?post=189009"}],"curies":[{"name":"wp","href":"https:\/\/api.w.org\/{rel}","templated":true}]}}