{"id":189018,"date":"2025-06-19T18:13:14","date_gmt":"2025-06-19T18:13:14","guid":{"rendered":"https:\/\/www.europesays.com\/fr\/189018\/"},"modified":"2025-06-19T18:13:14","modified_gmt":"2025-06-19T18:13:14","slug":"mercato-paris-fc-discussions-avec-nice-pour-le-milieu-pablo-rosario","status":"publish","type":"post","link":"https:\/\/www.europesays.com\/fr\/189018\/","title":{"rendered":"Mercato Paris FC\u00a0: discussions avec Nice pour le milieu Pablo Rosario"},"content":{"rendered":"<p class=\"paragraph text_align_left lp-f-body-02\">\u00c0 la recherche de joueurs rompus \u00e0 la Ligue 1, le Paris FC, qui a trouv\u00e9 des accords avec <a href=\"https:\/\/www.leparisien.fr\/sports\/football\/ligue-1\/mercato-paris-fc-lattaquant-moses-simon-premier-gros-renfort-pour-la-ligue-1-18-06-2025-CF32RRYLRBF4BGOZVGHAPUPHDU.php\" target=\"_self\" rel=\"nofollow noopener\">l\u2019attaquant Moses Simon (Nantes)<\/a> et le lat\u00e9ral gauche <a href=\"https:\/\/www.leparisien.fr\/sports\/football\/ligue-1\/mercato-paris-fc-lattaquant-moses-simon-premier-gros-renfort-pour-la-ligue-1-18-06-2025-CF32RRYLRBF4BGOZVGHAPUPHDU.php\" target=\"_self\" rel=\"nofollow noopener\">Nhoa Sangui (Reims),<\/a> est int\u00e9ress\u00e9 par le milieu d\u00e9fensif de Nice Pablo Rosario (1, 88 m). Les dirigeants parisiens qui recherchent un profil athl\u00e9tique au milieu de terrain, sont venus aux renseignements et ont entam\u00e9 des discussions avec leurs homologues ni\u00e7ois. \u00c0 un an de la fin de son contrat, Nice n\u2019est pas ferm\u00e9 \u00e0 l\u2019\u00e9ventualit\u00e9 de le vendre.<\/p>\n<p class=\"paragraph text_align_left lp-f-body-02\">Natif d\u2019Amsterdam, Pablo Rosario (28 ans) avait sign\u00e9 \u00e0 Nice en 2021 pour six millions d\u2019euros en provenance du PSV Eindhoven (101 matchs en Eredivisie). Avec Nice, il compte 126 matchs en Ligue 1 dont 29 cette saison.<\/p>\n<p class=\"paragraph text_align_left lp-f-body-02\">Apr\u00e8s avoir \u00e9t\u00e9 s\u00e9lectionn\u00e9 dans toutes les cat\u00e9gories jeunes avec les Pays-Bas, il a opt\u00e9 pour la R\u00e9publique dominicaine. Il dispute actuellement la Gold Cup aux \u00c9tats-Unis, la premi\u00e8re de l\u2019histoire de son pays. Ce jeudi, il a jou\u00e9 toute la rencontre face au Costa Rica (d\u00e9faite 2-1). D\u00e9j\u00e0 \u00e9limin\u00e9e, la R\u00e9publique dominicaine, rencontrera le Suriname ce dimanche. Pablo Rosario va donc pouvoir rapidement se pencher sur la suite \u00e0 donner \u00e0 sa carri\u00e8re qui pourrait donc l\u2019amener \u00e0 Paris.<\/p>\n","protected":false},"excerpt":{"rendered":"\u00c0 la recherche de joueurs rompus \u00e0 la Ligue 1, le Paris FC, qui a trouv\u00e9 des accords&hellip;\n","protected":false},"author":2,"featured_media":189019,"comment_status":"","ping_status":"","sticky":false,"template":"","format":"standard","meta":{"footnotes":""},"categories":[1888],"tags":[11,1777,674,63,1011,27,66,12,626,25,60],"class_list":{"0":"post-189018","1":"post","2":"type-post","3":"status-publish","4":"format-standard","5":"has-post-thumbnail","7":"category-paris","8":"tag-actualites","9":"tag-eu","10":"tag-europe","11":"tag-football","12":"tag-fr","13":"tag-france","14":"tag-ligue-1","15":"tag-news","16":"tag-paris","17":"tag-republique-francaise","18":"tag-sports"},"share_on_mastodon":{"url":"https:\/\/pubeurope.com\/@fr\/114711390039230104","error":""},"_links":{"self":[{"href":"https:\/\/www.europesays.com\/fr\/wp-json\/wp\/v2\/posts\/189018","targetHints":{"allow":["GET"]}}],"collection":[{"href":"https:\/\/www.europesays.com\/fr\/wp-json\/wp\/v2\/posts"}],"about":[{"href":"https:\/\/www.europesays.com\/fr\/wp-json\/wp\/v2\/types\/post"}],"author":[{"embeddable":true,"href":"https:\/\/www.europesays.com\/fr\/wp-json\/wp\/v2\/users\/2"}],"replies":[{"embeddable":true,"href":"https:\/\/www.europesays.com\/fr\/wp-json\/wp\/v2\/comments?post=189018"}],"version-history":[{"count":0,"href":"https:\/\/www.europesays.com\/fr\/wp-json\/wp\/v2\/posts\/189018\/revisions"}],"wp:featuredmedia":[{"embeddable":true,"href":"https:\/\/www.europesays.com\/fr\/wp-json\/wp\/v2\/media\/189019"}],"wp:attachment":[{"href":"https:\/\/www.europesays.com\/fr\/wp-json\/wp\/v2\/media?parent=189018"}],"wp:term":[{"taxonomy":"category","embeddable":true,"href":"https:\/\/www.europesays.com\/fr\/wp-json\/wp\/v2\/categories?post=189018"},{"taxonomy":"post_tag","embeddable":true,"href":"https:\/\/www.europesays.com\/fr\/wp-json\/wp\/v2\/tags?post=189018"}],"curies":[{"name":"wp","href":"https:\/\/api.w.org\/{rel}","templated":true}]}}