{"id":189020,"date":"2025-06-19T18:14:10","date_gmt":"2025-06-19T18:14:10","guid":{"rendered":"https:\/\/www.europesays.com\/fr\/189020\/"},"modified":"2025-06-19T18:14:10","modified_gmt":"2025-06-19T18:14:10","slug":"poutine-bombe-le-torse-face-a-lotan-ukraine-et-russie-font-un-echange","status":"publish","type":"post","link":"https:\/\/www.europesays.com\/fr\/189020\/","title":{"rendered":"Poutine bombe le torse face \u00e0 l&rsquo;Otan, Ukraine et Russie font un \u00e9change"},"content":{"rendered":"<p>Vous avez rat\u00e9 les derniers \u00e9v\u00e9nements sur la <a href=\"https:\/\/www.20minutes.fr\/monde\/ukraine\/\" class=\"color-ultramarine c-link\" target=\"_blank\" rel=\"noopener\">guerre en Ukraine<\/a>\u00a0? 20 Minutes fait le point pour vous tous les soirs. Voici l\u2019essentiel de ce jeudi 19\u00a0juin 2025, 1.211e jour du conflit.<\/p>\n<p>Le fait du jour<\/p>\n<p>Il bombe le torse. Vladimir Poutine a affirm\u00e9 ce jeudi que le r\u00e9armement de l&rsquo;Otan n&rsquo;\u00e9tait pas une \u00ab menace \u00bb pour la Russie car son pays a, selon lui, les \u00ab capacit\u00e9s de d\u00e9fense \u00bb n\u00e9cessaires pour y faire face, malgr\u00e9 plus de trois ans de conflit en Ukraine qui a militaris\u00e9 l&rsquo;Etat russe.<\/p>\n<p>L&rsquo;Alliance atlantique, qui doit se r\u00e9unir en sommet la semaine prochaine \u00e0 La Haye (Pays-Bas), pousse ses membres \u00e0 accro\u00eetre leurs d\u00e9penses de s\u00e9curit\u00e9. Mais, selon Vladimir Poutine, \u00ab nous ne consid\u00e9rons aucun r\u00e9armement de l&rsquo;Otan comme une menace pour la F\u00e9d\u00e9ration de Russie, car nous sommes autosuffisants en mati\u00e8re de s\u00e9curit\u00e9 \u00bb.<\/p>\n<p>\u00ab Nous am\u00e9liorons constamment nos forces arm\u00e9es et nos capacit\u00e9s de d\u00e9fense \u00bb, a-t-il encore affirm\u00e9 lors d&rsquo;un \u00e9change avec des journalistes \u00e0 Saint-P\u00e9tersbourg. Une augmentation des d\u00e9penses des pays membres de l&rsquo;Otan \u00e0 5% de leur PIB cr\u00e9erait des d\u00e9fis \u00ab sp\u00e9cifiques \u00bb pour la Russie, a admis Vladimir Poutine. \u00ab Nous contrerons toutes les menaces qui se dresseront. Cela ne fait aucun doute \u00bb, a-t-il lanc\u00e9.<\/p>\n<p>En parall\u00e8le, le pr\u00e9sident russe s&rsquo;est f\u00e9licit\u00e9 que son arm\u00e9e progresse \u00ab tous les jours \u00bb sur la ligne de front, face \u00e0 une arm\u00e9e ukrainienne moins nombreuse et en difficult\u00e9.<\/p>\n<p>L&rsquo;annonce du jour<\/p>\n<p>L&rsquo;Ukraine et la Russie ont annonc\u00e9 jeudi avoir effectu\u00e9 un nouvel \u00e9change de prisonniers dans le cadre de l&rsquo;accord conclu le 2 juin \u00e0 Istanbul, plus de trois ans apr\u00e8s le d\u00e9but de la guerre. Le nombre de militaires impliqu\u00e9s dans ce nouvel \u00e9change n&rsquo;a pas \u00e9t\u00e9 r\u00e9v\u00e9l\u00e9, comme lors des pr\u00e9c\u00e9dents.<\/p>\n<p>\u00ab Nos hommes rentrent chez eux apr\u00e8s avoir \u00e9t\u00e9 captur\u00e9s par les Russes \u00bb, s&rsquo;est f\u00e9licit\u00e9 sur Telegram le pr\u00e9sident ukrainien. Volodymyr Zelensky a accompagn\u00e9 sa publication de photos d&rsquo;hommes, le visage marqu\u00e9 et le cr\u00e2ne ras\u00e9, la plupart envelopp\u00e9s dans des drapeaux ukrainiens.<\/p>\n<p>Ces soldats, \u00ab gravement malades ou bless\u00e9s \u00bb, avaient \u00e9t\u00e9 faits prisonniers pour la plupart en 2022, a pr\u00e9cis\u00e9 le ministre ukrainien de l&rsquo;Int\u00e9rieur, Igor Klymenko, sur Telegram.<\/p>\n<p>Pour sa part, le minist\u00e8re russe de la D\u00e9fense a confirm\u00e9 l&rsquo;\u00e9change, en publiant des photos de soldats russes, souriants et envelopp\u00e9s dans des drapeaux de leur pays. La Russie a \u00e9galement confirm\u00e9 qu&rsquo;un groupe \u00ab de prisonniers de guerre ukrainiens \u00bb avaient \u00e9t\u00e9 remis en \u00e9change.<\/p>\n<\/p>\n<p>La d\u00e9claration du jour<\/p>\n<blockquote class=\"mx-m@xs mx-xxl@md color-ultramarine c-citation\">\n<p class=\"font-weight-regular@xs text-italic font-source-serif-pro text-l@xs c-citation__content\">\u00ab\u00a0Cela fait exactement cent jours que l&rsquo;Ukraine a accept\u00e9 sans condition la proposition de paix des Etats-Unis pour un cessez-le-feu total, l&rsquo;arr\u00eat des tueries et l&rsquo;ouverture d&rsquo;un v\u00e9ritable processus de paix. Et cela fait exactement cent jours que la Russie rejette cette premi\u00e8re \u00e9tape fondamentale vers la paix\u00a0\u00bb<\/p>\n<\/blockquote>\n<p>Les paroles sont sign\u00e9es Andri\u00ef Sybiga. Le ministre des Affaires \u00e9trang\u00e8res d&rsquo;Ukraine a reproch\u00e9 jeudi \u00e0 la Russie de refuser les appels au cessez-le-feu, lanc\u00e9s \u00e0 l&rsquo;initiative des Etats-Unis, pour mettre fin \u00e0 plus de trois ans d&rsquo;invasion des forces russes.<\/p>\n<p>\u00ab L&rsquo;Ukraine reste attach\u00e9e \u00e0 la paix. Malheureusement, la Russie continue de choisir la guerre, faisant fi des efforts d\u00e9ploy\u00e9s par les \u00c9tats-Unis pour mettre fin aux massacres \u00bb, a-t-il ajout\u00e9, appelant \u00e0 \u00ab des sanctions accrues \u00bb et un soutien militaire occidental renforc\u00e9.<\/p>\n<p>L&rsquo;Ukraine r\u00e9clame inlassablement, avec ses alli\u00e9s europ\u00e9ens, une tr\u00eave sans conditions de 30 jours pr\u00e9alable \u00e0 des n\u00e9gociations avec Moscou pour trouver une issue au conflit.<\/p>\n<\/p>\n<p>La tendance<\/p>\n<p>Les responsables ukrainiens craignent qu&rsquo;en raison de la guerre entre Isra\u00ebl et l&rsquo;Iran la d\u00e9fense de leur pays face \u00e0 l&rsquo;invasion russe ne soit compromise, voire que l&rsquo;effort de guerre du Kremlin ne soit renforc\u00e9.<\/p>\n<p>Le d\u00e9clenchement la semaine derni\u00e8re par les Isra\u00e9liens de bombardements massifs contre la R\u00e9publique islamique, conduisant cet alli\u00e9 de Moscou \u00e0 riposter avec des missiles et des drones, a d\u00e9tourn\u00e9 de l&rsquo;Ukraine l&rsquo;attention des dirigeants de la communaut\u00e9 internationale.<\/p>\n<p><a href=\"https:\/\/www.20minutes.fr\/monde\/ukraine\/\" class=\"c-link c-btn c-btn--primary\" target=\"_blank\" rel=\"noopener\">Notre dossier sur la guerre en Ukraine<\/a><\/p>\n<p>Ces affrontements ont en outre fait grimper les cours de l&rsquo;or noir, dont les revenus que la Russie tire de son exploitation constituent une manne financi\u00e8re essentielle dans son budget, notamment militaire. \u00ab Pour l&rsquo;Ukraine, le d\u00e9fi r\u00e9side dans les prix du p\u00e9trole car s&rsquo;ils restent \u00e9lev\u00e9s pendant longtemps, les Russes en tireront davantage \u00bb, a expliqu\u00e9 \u00e0 l&rsquo;AFP un dirigeant ukrainien qui a requis l&rsquo;anonymat.<\/p>\n","protected":false},"excerpt":{"rendered":"Vous avez rat\u00e9 les derniers \u00e9v\u00e9nements sur la guerre en Ukraine\u00a0? 20 Minutes fait le point pour vous&hellip;\n","protected":false},"author":2,"featured_media":189021,"comment_status":"","ping_status":"","sticky":false,"template":"","format":"standard","meta":{"footnotes":""},"categories":[1591],"tags":[47,11,4543,32440,1887,131,1150,25902,4998,74,12,136,807,1885,1886,132,25684,1004,135,134],"class_list":{"0":"post-189020","1":"post","2":"type-post","3":"status-publish","4":"format-standard","5":"has-post-thumbnail","7":"category-russie","8":"tag-actualite","9":"tag-actualites","10":"tag-bahrein","11":"tag-davos","12":"tag-federation-de-russie","13":"tag-guerre-en-ukraine","14":"tag-guerre-froide","15":"tag-indonesie","16":"tag-kremlin","17":"tag-monde","18":"tag-news","19":"tag-otan","20":"tag-prisonniers","21":"tag-russia","22":"tag-russian-federation","23":"tag-russie","24":"tag-saint-petersbourg","25":"tag-senat","26":"tag-vladimir-poutine","27":"tag-volodymyr-zelensky"},"share_on_mastodon":{"url":"https:\/\/pubeurope.com\/@fr\/114711394021593565","error":""},"_links":{"self":[{"href":"https:\/\/www.europesays.com\/fr\/wp-json\/wp\/v2\/posts\/189020","targetHints":{"allow":["GET"]}}],"collection":[{"href":"https:\/\/www.europesays.com\/fr\/wp-json\/wp\/v2\/posts"}],"about":[{"href":"https:\/\/www.europesays.com\/fr\/wp-json\/wp\/v2\/types\/post"}],"author":[{"embeddable":true,"href":"https:\/\/www.europesays.com\/fr\/wp-json\/wp\/v2\/users\/2"}],"replies":[{"embeddable":true,"href":"https:\/\/www.europesays.com\/fr\/wp-json\/wp\/v2\/comments?post=189020"}],"version-history":[{"count":0,"href":"https:\/\/www.europesays.com\/fr\/wp-json\/wp\/v2\/posts\/189020\/revisions"}],"wp:featuredmedia":[{"embeddable":true,"href":"https:\/\/www.europesays.com\/fr\/wp-json\/wp\/v2\/media\/189021"}],"wp:attachment":[{"href":"https:\/\/www.europesays.com\/fr\/wp-json\/wp\/v2\/media?parent=189020"}],"wp:term":[{"taxonomy":"category","embeddable":true,"href":"https:\/\/www.europesays.com\/fr\/wp-json\/wp\/v2\/categories?post=189020"},{"taxonomy":"post_tag","embeddable":true,"href":"https:\/\/www.europesays.com\/fr\/wp-json\/wp\/v2\/tags?post=189020"}],"curies":[{"name":"wp","href":"https:\/\/api.w.org\/{rel}","templated":true}]}}