{"id":189022,"date":"2025-06-19T18:15:10","date_gmt":"2025-06-19T18:15:10","guid":{"rendered":"https:\/\/www.europesays.com\/fr\/189022\/"},"modified":"2025-06-19T18:15:10","modified_gmt":"2025-06-19T18:15:10","slug":"kyiv-autorise-le-droit-a-la-nationalite-multiple-aux-ukrainiens","status":"publish","type":"post","link":"https:\/\/www.europesays.com\/fr\/189022\/","title":{"rendered":"Kyiv autorise le droit \u00e0 la nationalit\u00e9 multiple aux Ukrainiens"},"content":{"rendered":"<p>\n  Par&amp;nbsp<b>euronews<\/b><\/p>\n<p>\n         Publi\u00e9 le<br \/>\n            19\/06\/2025 &#8211; 19:19 UTC+2<\/p>\n<p><img decoding=\"async\" class=\"c-ad__placeholder__logo\" src=\"https:\/\/static.euronews.com\/website\/images\/logos\/logo-euronews-grey-6-180x22.svg\" width=\"180\" height=\"22\" alt=\"\" loading=\"lazy\"\/>PUBLICIT\u00c9<\/p>\n<p>Des pertes humaines estim\u00e9es \u00e0 plus de 400 000 morts, des millions de personnes ayant fuit la guerre, et un taux de natalit\u00e9 en baisse. <\/p>\n<p>Afin de palier sa crise d\u00e9mographique, Kyiv accorde aux Ukrainiens le droit \u00e0 la citoyennet\u00e9 multiple. Jusqu&rsquo;\u00e0 pr\u00e9sent, ceux-ci ne pouvaient b\u00e9n\u00e9ficier que d&rsquo;une seule et unique nationalit\u00e9 et perdaient donc leur citoyennet\u00e9 ukrainienne en obtenant celle d&rsquo;un autre pays.<\/p>\n<p>\u00ab\u00a0Il y a des Ukrainiens qui ont acc\u00e9d\u00e9 \u00e0 la citoyennet\u00e9 d&rsquo;autres pays et nous voulons conserver leur identit\u00e9 ukrainienne, leur donner cette opportunit\u00e9. Dans la configuration actuelle, il n&rsquo;y avait qu&rsquo;un seul choix de passeport ukrainien, alors maintenant nos citoyens ont la solution\u00a0\u00bb explique Oleksiy Chernyshov, vice-premier ministre ukrainien et ministre de l&rsquo;unit\u00e9 nationale. <\/p>\n<p>Le gouvernement ukrainien doit maintenant dresser une liste des pays dont les citoyens pourront b\u00e9n\u00e9ficier de la double nationalit\u00e9 ukrainienne.<\/p>\n<p>Le vice-ministre des Affaires \u00e9trang\u00e8res, Serhii Kyslytsia, a pr\u00e9cis\u00e9 que la loi ne s&rsquo;appliquait pas aux citoyens russes ou aux citoyens de pays qui ne reconnaissent pas l&rsquo;int\u00e9grit\u00e9 territoriale de l&rsquo;Ukraine.<\/p>\n<p>Pr\u00e8s de 6 millions de r\u00e9fugi\u00e9s ukrainiens<\/p>\n<p>Pr\u00e8s de 6 millions d&rsquo;Ukrainiens auraient quitter leur pays depuis le d\u00e9but de la guerre. Selon les estimations de Kyiv, un tiers d&rsquo;entre eux rentreront d\u00e8s lors qu&rsquo;une solution de paix aura \u00e9t\u00e9 trouv\u00e9e.<\/p>\n<p>\u00ab\u00a0La r\u00e9ponse se trouve dans le cadre du d\u00e9veloppement \u00e9conomique et de la poursuite des r\u00e9formes de notre pays, qui ouvriraient d\u00e9finitivement la voie au d\u00e9veloppement futur et \u00e0 la cr\u00e9ation de nouveaux emplois, de nouvelles opportunit\u00e9s, de nouveaux d\u00e9veloppements commerciaux. Et nous y sommes tr\u00e8s, tr\u00e8s attach\u00e9s\u00a0\u00bb, poursuit le ministre.<\/p>\n<p>\u00ab\u00a0Je pense qu&rsquo;ils apportent beaucoup de valeur aux pays de l&rsquo;Union europ\u00e9enne \u00e0 l&rsquo;heure actuelle. De nombreux ministres des pays de l&rsquo;Union europ\u00e9enne m&rsquo;ont dit qu&rsquo;ils appr\u00e9ciaient beaucoup la pr\u00e9sence ukrainienne. C&rsquo;est pourquoi nous devrons \u00e9galement \u00eatre comp\u00e9titifs sur les march\u00e9s du travail et offrir de meilleures conditions\u00a0\u00bb, ajoute-t-il. <\/p>\n<p>Le projet de loi \u00e9tablit \u00e9galement de nouveaux motifs de perte de la citoyennet\u00e9, notamment l&rsquo;obtention d&rsquo;un passeport russe ou le service dans l&rsquo;arm\u00e9e russe.<\/p>\n","protected":false},"excerpt":{"rendered":"Par&amp;nbspeuronews Publi\u00e9 le 19\/06\/2025 &#8211; 19:19 UTC+2 PUBLICIT\u00c9 Des pertes humaines estim\u00e9es \u00e0 plus de 400 000 morts,&hellip;\n","protected":false},"author":2,"featured_media":189023,"comment_status":"","ping_status":"","sticky":false,"template":"","format":"standard","meta":{"footnotes":""},"categories":[1590],"tags":[11,1777,674,131,2025,12,2495,220],"class_list":{"0":"post-189022","1":"post","2":"type-post","3":"status-publish","4":"format-standard","5":"has-post-thumbnail","7":"category-ukraine","8":"tag-actualites","9":"tag-eu","10":"tag-europe","11":"tag-guerre-en-ukraine","12":"tag-invasion-de-la-russie-en-ukraine","13":"tag-news","14":"tag-refugies","15":"tag-ukraine"},"share_on_mastodon":{"url":"https:\/\/pubeurope.com\/@fr\/114711398032634683","error":""},"_links":{"self":[{"href":"https:\/\/www.europesays.com\/fr\/wp-json\/wp\/v2\/posts\/189022","targetHints":{"allow":["GET"]}}],"collection":[{"href":"https:\/\/www.europesays.com\/fr\/wp-json\/wp\/v2\/posts"}],"about":[{"href":"https:\/\/www.europesays.com\/fr\/wp-json\/wp\/v2\/types\/post"}],"author":[{"embeddable":true,"href":"https:\/\/www.europesays.com\/fr\/wp-json\/wp\/v2\/users\/2"}],"replies":[{"embeddable":true,"href":"https:\/\/www.europesays.com\/fr\/wp-json\/wp\/v2\/comments?post=189022"}],"version-history":[{"count":0,"href":"https:\/\/www.europesays.com\/fr\/wp-json\/wp\/v2\/posts\/189022\/revisions"}],"wp:featuredmedia":[{"embeddable":true,"href":"https:\/\/www.europesays.com\/fr\/wp-json\/wp\/v2\/media\/189023"}],"wp:attachment":[{"href":"https:\/\/www.europesays.com\/fr\/wp-json\/wp\/v2\/media?parent=189022"}],"wp:term":[{"taxonomy":"category","embeddable":true,"href":"https:\/\/www.europesays.com\/fr\/wp-json\/wp\/v2\/categories?post=189022"},{"taxonomy":"post_tag","embeddable":true,"href":"https:\/\/www.europesays.com\/fr\/wp-json\/wp\/v2\/tags?post=189022"}],"curies":[{"name":"wp","href":"https:\/\/api.w.org\/{rel}","templated":true}]}}