{"id":189024,"date":"2025-06-19T18:16:15","date_gmt":"2025-06-19T18:16:15","guid":{"rendered":"https:\/\/www.europesays.com\/fr\/189024\/"},"modified":"2025-06-19T18:16:15","modified_gmt":"2025-06-19T18:16:15","slug":"etats-unis-donald-trump-a-signe-le-decret-repoussant-de-90-jours-lobligation-de-vente-de-tiktok","status":"publish","type":"post","link":"https:\/\/www.europesays.com\/fr\/189024\/","title":{"rendered":"\u00c9tats-Unis. Donald Trump a sign\u00e9 le d\u00e9cret repoussant de 90 jours l&rsquo;obligation de vente de TikTok"},"content":{"rendered":"<p><a href=\"https:\/\/www.ledauphine.com\/p\/donald-trump\" target=\"_blank\" rel=\"nofollow noopener\">Donald Trump<\/a> a donn\u00e9 un sursis suppl\u00e9mentaire jeudi \u00e0 TikTok en repoussant une nouvelle fois la date butoir pour la vente du r\u00e9seau social, tr\u00e8s populaire aux \u00c9tats-Unis, impos\u00e9e \u00e0 sa maison m\u00e8re chinoise ByteDance par une loi adopt\u00e9e au Congr\u00e8s.<\/p>\n<p>Alors que le pr\u00e9sident am\u00e9ricain avait d\u00e9j\u00e0 report\u00e9 l&rsquo;\u00e9ch\u00e9ance \u00e0 deux reprises, il a annonc\u00e9 sur sa plateforme Truth Social avoir sign\u00e9 un d\u00e9cret qui retarde la date limite au 17 septembre, pendant que Washington attend l&rsquo;approbation de cette vente par le gouvernement chinois.<\/p>\n<p>Dans un communiqu\u00e9, Tiktok s&rsquo;est dite \u00ab reconnaissante envers le leadership du pr\u00e9sident Trump en s&rsquo;assurant que TikTok reste disponible aux plus de 170 millions d&rsquo;utilisateurs am\u00e9ricains et aux plus de 7,5 millions d&rsquo;entreprises am\u00e9ricaines qui comptent sur la plateforme \u00bb. L&rsquo;entreprise pr\u00e9cise qu&rsquo;elle continuera de travailler avec les services du vice-pr\u00e9sident JD Vance sur la question. La porte-parole de la Maison Blanche, Karoline Leavitt, <a href=\"https:\/\/www.ledauphine.com\/science-et-technologie\/2025\/06\/18\/la-vente-de-tiktok-s-eternise-donald-trump-reporte-la-date-butoir-de-90-jours\" target=\"_blank\" rel=\"nofollow noopener\">avait d\u00e9j\u00e0 indiqu\u00e9 mardi que Donald Trump signerait ce nouveau d\u00e9cret<\/a>, car il \u00ab ne veut pas voir TikTok dispara\u00eetre \u00bb.<\/p>\n<p>En vertu d&rsquo;une loi vot\u00e9e au Congr\u00e8s en 2024, le r\u00e9seau social reste en effet sous le coup d&rsquo;une interdiction aux \u00c9tats-Unis si sa maison m\u00e8re ByteDance n&rsquo;en abandonne pas le contr\u00f4le. Des \u00e9lus r\u00e9publicains comme d\u00e9mocrates disaient alors s\u2019inqui\u00e9ter de l&rsquo;utilisation de donn\u00e9es par la Chine ou d&rsquo;une tentative d&rsquo;influence de l&rsquo;opinion am\u00e9ricaine.<\/p>\n<p>  \u00ab Je pense que le pr\u00e9sident Xi finira par donner son feu vert \u00bb<\/p>\n<p>Selon plusieurs m\u00e9dias am\u00e9ricains, un protocole avait bien \u00e9t\u00e9 trouv\u00e9 d\u00e9but avril pour cette vente. Il pr\u00e9voyait la s\u00e9paration de la branche am\u00e9ricaine de TikTok du groupe ByteDance, avec une recomposition du capital. Les parts d\u00e9tenues par des investisseurs non chinois passaient de 60 \u00e0 80%, ByteDance conservant les 20% qu&rsquo;elle poss\u00e8de actuellement.<\/p>\n<p>Le groupe informatique Oracle, qui h\u00e9berge d\u00e9j\u00e0 les donn\u00e9es de TikTok US sur ses serveurs am\u00e9ricains, devait \u00eatre \u00e0 la manoeuvre, accompagn\u00e9, notamment, par le gestionnaire d&rsquo;actifs Blackstone ou l&rsquo;entrepreneur Michael Dell. Mais l&rsquo;annonce de droits de douane impos\u00e9s par Donald Trump \u00e0 ses partenaires commerciaux, avec une note particuli\u00e8rement sal\u00e9e pour la Chine, \u00e0 54%, a bloqu\u00e9 la transaction c\u00f4t\u00e9 chinois. \u00ab Il nous faudra probablement l&rsquo;accord de la Chine \u00bb d&rsquo;ici mi-septembre, nouvelle date limite, avait reconnu Donald Trump mardi. \u00ab Je pense que le pr\u00e9sident Xi finira par donner son feu vert \u00bb, avait-il ajout\u00e9.<\/p>\n<p>Pour Shweta Singh, professeure \u00e0 l&rsquo;universit\u00e9 britannique de Warwick, \u00ab TikTok n&rsquo;est plus simplement un r\u00e9seau social \u00bb. \u00ab C&rsquo;est devenu un symbole de la rivalit\u00e9 technologique entre les \u00c9tats-Unis et la Chine \u00bb, estimait-elle r\u00e9cemment. Si les deux pays se sont entendus, d\u00e9but juin, sur un \u00ab cadre g\u00e9n\u00e9ral \u00bb pour normaliser leurs relations commerciales, le dossier TikTok reste en souffrance.<\/p>\n","protected":false},"excerpt":{"rendered":"Donald Trump a donn\u00e9 un sursis suppl\u00e9mentaire jeudi \u00e0 TikTok en repoussant une nouvelle fois la date butoir&hellip;\n","protected":false},"author":2,"featured_media":189025,"comment_status":"","ping_status":"","sticky":false,"template":"","format":"standard","meta":{"footnotes":""},"categories":[1589],"tags":[11,33,73,1866,107,329,12,316,767,1864,1865,1863,308],"class_list":{"0":"post-189024","1":"post","2":"type-post","3":"status-publish","4":"format-standard","5":"has-post-thumbnail","7":"category-etats-unis","8":"tag-actualites","9":"tag-economie","10":"tag-etats-unis","11":"tag-etats-unis-damerique","12":"tag-fil-info","13":"tag-france-monde","14":"tag-news","15":"tag-politique","16":"tag-science-et-technologie","17":"tag-united-states","18":"tag-united-states-of-america","19":"tag-us","20":"tag-usa"},"share_on_mastodon":{"url":"https:\/\/pubeurope.com\/@fr\/114711401949400503","error":""},"_links":{"self":[{"href":"https:\/\/www.europesays.com\/fr\/wp-json\/wp\/v2\/posts\/189024","targetHints":{"allow":["GET"]}}],"collection":[{"href":"https:\/\/www.europesays.com\/fr\/wp-json\/wp\/v2\/posts"}],"about":[{"href":"https:\/\/www.europesays.com\/fr\/wp-json\/wp\/v2\/types\/post"}],"author":[{"embeddable":true,"href":"https:\/\/www.europesays.com\/fr\/wp-json\/wp\/v2\/users\/2"}],"replies":[{"embeddable":true,"href":"https:\/\/www.europesays.com\/fr\/wp-json\/wp\/v2\/comments?post=189024"}],"version-history":[{"count":0,"href":"https:\/\/www.europesays.com\/fr\/wp-json\/wp\/v2\/posts\/189024\/revisions"}],"wp:featuredmedia":[{"embeddable":true,"href":"https:\/\/www.europesays.com\/fr\/wp-json\/wp\/v2\/media\/189025"}],"wp:attachment":[{"href":"https:\/\/www.europesays.com\/fr\/wp-json\/wp\/v2\/media?parent=189024"}],"wp:term":[{"taxonomy":"category","embeddable":true,"href":"https:\/\/www.europesays.com\/fr\/wp-json\/wp\/v2\/categories?post=189024"},{"taxonomy":"post_tag","embeddable":true,"href":"https:\/\/www.europesays.com\/fr\/wp-json\/wp\/v2\/tags?post=189024"}],"curies":[{"name":"wp","href":"https:\/\/api.w.org\/{rel}","templated":true}]}}