{"id":189026,"date":"2025-06-19T18:17:09","date_gmt":"2025-06-19T18:17:09","guid":{"rendered":"https:\/\/www.europesays.com\/fr\/189026\/"},"modified":"2025-06-19T18:17:09","modified_gmt":"2025-06-19T18:17:09","slug":"le-royaume-uni-se-dit-pret-a-promouvoir-une-solution-diplomatique-face-a-lescalade-entre-israel-et-liran","status":"publish","type":"post","link":"https:\/\/www.europesays.com\/fr\/189026\/","title":{"rendered":"Le Royaume-Uni se dit pr\u00eat \u00e0 promouvoir une solution diplomatique face \u00e0 l\u2019escalade entre Isra\u00ebl et l&rsquo;Iran"},"content":{"rendered":"<p style=\"text-align:justify;\">AA \/ Londres \/ Aysu Bicer<\/p>\n<p style=\"text-align:justify;\">Le Royaume-Uni a exprim\u00e9 sa volont\u00e9 de soutenir les efforts diplomatiques pour d\u00e9samorcer la crise croissante entre Isra\u00ebl et l\u2019Iran, appelant \u00e0 la retenue face \u00e0 l\u2019intensification du conflit qui a d\u00e9j\u00e0 fait des centaines de morts.<\/p>\n<p style=\"text-align:justify;\">Interrog\u00e9e par Anadolu, une source au sein du minist\u00e8re britannique des Affaires \u00e9trang\u00e8res a rappel\u00e9 les \u00ab inqui\u00e9tudes de longue date \u00bb de Londres concernant le programme nucl\u00e9aire iranien, ajoutant que le chef de la diplomatie britannique \u00e9tait \u00ab pr\u00eat \u00e0 appuyer les discussions en faveur d\u2019une issue diplomatique \u00bb.<\/p>\n<p style=\"text-align:justify;\">Toute visite officielle du ministre serait annonc\u00e9e \u00ab selon les proc\u00e9dures habituelles \u00bb, a-t-elle pr\u00e9cis\u00e9.<\/p>\n<p style=\"text-align:justify;\">Le chef de la diplomatie britannique, David Lammy a pr\u00e9sid\u00e9 lundi une conf\u00e9rence t\u00e9l\u00e9phonique entre ses homologues britanniques et europ\u00e9ens et l&rsquo;Iran, au cours de laquelle les participants ont \u00ab r\u00e9it\u00e9r\u00e9 leur engagement en faveur de la stabilit\u00e9 de la r\u00e9gion et d&rsquo;une voie diplomatique \u00e0 suivre, et ont exhort\u00e9 l&rsquo;Iran \u00e0 faire preuve de retenue et \u00e0 s&rsquo;abstenir de prendre de nouvelles mesures qui pourraient entra\u00eener de graves cons\u00e9quences. \u00bb<\/p>\n<p style=\"text-align:justify;\">Les hostilit\u00e9s avaient \u00e9clat\u00e9 vendredi dernier, lorsque Isra\u00ebl a lanc\u00e9 des frappes a\u00e9riennes sur plusieurs sites \u00e0 travers l\u2019Iran, y compris des installations militaires et nucl\u00e9aires. T\u00e9h\u00e9ran a ripost\u00e9 par des frappes de missiles qui se poursuivaient depuis, dans une spirale meurtri\u00e8re.<\/p>\n<p style=\"text-align:justify;\">Selon les autorit\u00e9s isra\u00e9liennes, au moins 25 personnes ont \u00e9t\u00e9 tu\u00e9es et 838 bless\u00e9es lors des attaques iraniennes.<\/p>\n<p style=\"text-align:justify;\">En Iran, les m\u00e9dias d\u2019\u00c9tat font \u00e9tat de 639 morts et de plus de 1 300 bless\u00e9s \u00e0 la suite des frappes isra\u00e9liennes.<\/p>\n<p style=\"text-align:justify;\">Alors que les craintes d\u2019une guerre r\u00e9gionale g\u00e9n\u00e9ralis\u00e9e s\u2019intensifient, les efforts diplomatiques se multiplient.<\/p>\n<p style=\"text-align:justify;\">Les ministres des Affaires \u00e9trang\u00e8res de l\u2019Allemagne, de la France et du Royaume-Uni doivent rencontrer, vendredi \u00e0 Gen\u00e8ve, le chef de la diplomatie iranienne Abbas Araghchi. La haute repr\u00e9sentante de l\u2019UE pour les affaires \u00e9trang\u00e8res et la politique de s\u00e9curit\u00e9, Kaja Kallas, doit \u00e9galement participer \u00e0 cette r\u00e9union de haut niveau.<\/p>\n<p style=\"text-align:justify;\">Des sources diplomatiques ont confirm\u00e9 la rencontre, sans donner davantage de pr\u00e9cisions.<\/p>\n<p style=\"text-align:justify;\">Selon l\u2019agence de presse iranienne, \u0130RNA, cette rencontre entre Araghchi, les ministres europ\u00e9ens et Kallas se tiendra \u00e0 la demande des chefs de la diplomatie europ\u00e9enne.<\/p>\n<p style=\"text-align:justify;\">Les affrontements entre l\u2019Iran et Isra\u00ebl ont commenc\u00e9 il y a pr\u00e8s d\u2019une semaine, apr\u00e8s qu\u2019Isra\u00ebl a lanc\u00e9 une vaste op\u00e9ration militaire visant des installations nucl\u00e9aires iraniennes, des sites militaires et des personnalit\u00e9s scientifiques de haut rang.<\/p>\n<p style=\"text-align:justify;\">L\u2019Iran, qui rejette les accusations sur sa volont\u00e9 pr\u00e9sum\u00e9e de se doter de l\u2019arme nucl\u00e9aire, a r\u00e9pliqu\u00e9 par des frappes de missiles et de drones.<\/p>\n<p style=\"text-align:justify;\">Malgr\u00e9 les appels internationaux \u00e0 la d\u00e9sescalade, les deux camps poursuivent les \u00e9changes d&rsquo;hostilit\u00e9s, Isra\u00ebl jurant d\u2019\u00e9liminer les capacit\u00e9s nucl\u00e9aires de l\u2019Iran, et T\u00e9h\u00e9ran promettant de riposter jusqu\u2019\u00e0 l\u2019arr\u00eat des bombardements.<\/p>\n<p style=\"text-align:justify;\">Alors que la tension monte, le directeur de l\u2019Agence internationale de l\u2019\u00e9nergie atomique (AIEA), Rafael Grossi, et les services de renseignement am\u00e9ricains affirment qu\u2019aucune preuve v\u00e9rifi\u00e9e ne permet de conclure que l\u2019Iran d\u00e9veloppe un programme d\u2019armement nucl\u00e9aire, malgr\u00e9 les all\u00e9gations d\u2019Isra\u00ebl et du pr\u00e9sident Donald Trump.<\/p>\n<p style=\"text-align:justify;\">* Traduit de l&rsquo;anglais par Sanaa Amir<\/p>\n<p>                            &#13;<br \/>\n                                <a href=\"https:\/\/www.aa.com.tr\/fr\/p\/abonnement\/1001\" target=\"_blank\" style=\"font-size:12px; color:#444; text-decoration:none;\" rel=\"noopener\">&#13;<br \/>\n                                    Seulement une partie des d\u00e9p\u00eaches, que l&rsquo;Agence Anadolu diffuse \u00e0 ses abonn\u00e9s via le Syst\u00e8me de Diffusion interne (HAS), est diffus\u00e9e sur le site de l&rsquo;AA, de mani\u00e8re r\u00e9sum\u00e9e. <b style=\"color:#1897F7\">Contactez-nous s&rsquo;il vous pla\u00eet pour vous abonner.<\/b>&#13;<br \/>\n                                <\/a>&#13;<\/p>\n","protected":false},"excerpt":{"rendered":"AA \/ Londres \/ Aysu Bicer Le Royaume-Uni a exprim\u00e9 sa volont\u00e9 de soutenir les efforts diplomatiques pour&hellip;\n","protected":false},"author":2,"featured_media":189027,"comment_status":"","ping_status":"","sticky":false,"template":"","format":"standard","meta":{"footnotes":""},"categories":[1588],"tags":[11,1785,18093,1777,674,3019,3819,32688,12,473,1853,1851,1850,1852],"class_list":{"0":"post-189026","1":"post","2":"type-post","3":"status-publish","4":"format-standard","5":"has-post-thumbnail","7":"category-royaume-uni","8":"tag-actualites","9":"tag-anadolu-ajansi","10":"tag-escalade","11":"tag-eu","12":"tag-europe","13":"tag-iran","14":"tag-isral","15":"tag-le-royaume-uni","16":"tag-news","17":"tag-royaume-uni","18":"tag-royaume-uni-de-grande-bretagne-et-dirlande-du-nord","19":"tag-uk","20":"tag-united-kingdom","21":"tag-united-kingdom-of-great-britain-and-northern-ireland"},"share_on_mastodon":{"url":"https:\/\/pubeurope.com\/@fr\/114711405773361852","error":""},"_links":{"self":[{"href":"https:\/\/www.europesays.com\/fr\/wp-json\/wp\/v2\/posts\/189026","targetHints":{"allow":["GET"]}}],"collection":[{"href":"https:\/\/www.europesays.com\/fr\/wp-json\/wp\/v2\/posts"}],"about":[{"href":"https:\/\/www.europesays.com\/fr\/wp-json\/wp\/v2\/types\/post"}],"author":[{"embeddable":true,"href":"https:\/\/www.europesays.com\/fr\/wp-json\/wp\/v2\/users\/2"}],"replies":[{"embeddable":true,"href":"https:\/\/www.europesays.com\/fr\/wp-json\/wp\/v2\/comments?post=189026"}],"version-history":[{"count":0,"href":"https:\/\/www.europesays.com\/fr\/wp-json\/wp\/v2\/posts\/189026\/revisions"}],"wp:featuredmedia":[{"embeddable":true,"href":"https:\/\/www.europesays.com\/fr\/wp-json\/wp\/v2\/media\/189027"}],"wp:attachment":[{"href":"https:\/\/www.europesays.com\/fr\/wp-json\/wp\/v2\/media?parent=189026"}],"wp:term":[{"taxonomy":"category","embeddable":true,"href":"https:\/\/www.europesays.com\/fr\/wp-json\/wp\/v2\/categories?post=189026"},{"taxonomy":"post_tag","embeddable":true,"href":"https:\/\/www.europesays.com\/fr\/wp-json\/wp\/v2\/tags?post=189026"}],"curies":[{"name":"wp","href":"https:\/\/api.w.org\/{rel}","templated":true}]}}