{"id":189034,"date":"2025-06-19T18:21:10","date_gmt":"2025-06-19T18:21:10","guid":{"rendered":"https:\/\/www.europesays.com\/fr\/189034\/"},"modified":"2025-06-19T18:21:10","modified_gmt":"2025-06-19T18:21:10","slug":"les-corps-des-deux-octogenaires-ont-ete-retrouves","status":"publish","type":"post","link":"https:\/\/www.europesays.com\/fr\/189034\/","title":{"rendered":"les corps des deux octog\u00e9naires ont \u00e9t\u00e9 retrouv\u00e9s"},"content":{"rendered":"<p>D\u00e9nouement tragique apr\u00e8s la <a href=\"https:\/\/www.ledauphine.com\/faits-divers-justice\/2025\/06\/17\/un-couple-de-hollandais-porte-disparu-un-appel-a-temoins-lance\" target=\"_blank\" rel=\"nofollow noopener\">disparition d&rsquo;un couple d&rsquo;octog\u00e9naires n\u00e9erlandais<\/a>, qui \u00e9taient sur la route des vacances en France.\u00a0Selon les informations du groupe EBRA, dont fait partie notre journal, les corps de Paul et Gerda Klapper, 83 et 80 ans, ont \u00e9t\u00e9 d\u00e9couverts vers Leurville, en Haute-Marne, o\u00f9 ils avaient disparu.<\/p>\n<p>Ce contenu est bloqu\u00e9 car vous n&rsquo;avez pas accept\u00e9 les cookies et autres traceurs.<\/p>\n<p>En cliquant sur \u00ab J\u2019accepte \u00bb, les cookies et autres traceurs seront d\u00e9pos\u00e9s et vous pourrez visualiser les contenus  (<a href=\"\" class=\"consentModule_policy\" target=\"_blank\" title=\"Consulter la politique de protection des donn\u00e9es du fournisseur\">plus d&rsquo;informations<\/a>).<\/p>\n<p>En cliquant sur \u00ab J\u2019accepte tous les cookies \u00bb, vous autorisez des d\u00e9p\u00f4ts de cookies et autres traceurs pour le stockage de vos donn\u00e9es sur nos sites et applications \u00e0 des fins de personnalisation et de ciblage publicitaire.<\/p>\n<p class=\"consentModule_secondaryText\">Vous gardez la possibilit\u00e9 de retirer votre consentement \u00e0 tout moment en consultant notre <a href=\"https:\/\/www.ledauphine.com\/protection-des-donnees\" target=\"_blank\" title=\"Consulter notre politique de protection des donn\u00e9es\" rel=\"nofollow noopener\">politique de protection des donn\u00e9es<\/a>. <br \/>&#13;<br \/>\n            <a href=\"https:\/\/www.ledauphine.com\/faits-divers-justice\/2025\/06\/19\/javascript:Didomi.notice.show()\" class=\"consentModule_cmp\" rel=\"nofollow noopener\" target=\"_blank\">G\u00e9rer mes choix<\/a>&#13;\n        <\/p>\n<p>&#13;<br \/>\n                        J&rsquo;accepte&#13;<br \/>\n            J&rsquo;accepte tous les cookies&#13;\n        <\/p>\n<p>C&rsquo;est d&rsquo;abord la voiture qui a \u00e9t\u00e9 localis\u00e9e, avant que le corps de la femme, Gerda Klapper, ne soit d\u00e9couvert mercredi \u00e0 quelques centaines de m\u00e8tres, avait annonc\u00e9 <a href=\"https:\/\/www.politie.nl\/vermist\/vermiste-volwassenen\/2025\/juni\/2025195723\" target=\"_blank\" rel=\"nofollow noopener\">la police n\u00e9erlandaise<\/a>. Puis celui de son \u00e9poux, plus loin, a \u00e9t\u00e9 d\u00e9couvert ce jeudi. Selon nos informations, leur v\u00e9hicule, une Peugeot 2008 blanche, aurait \u00e9t\u00e9 retrouv\u00e9e \u00e0 proximit\u00e9 d&rsquo;un cours d&rsquo;eau. La Brigade de recherches de Chaumont (Haute-Marne) a \u00e9t\u00e9 saisie de l&rsquo;enqu\u00eate. Des autopsies vont avoir lieu pour expliquer les circonstances des d\u00e9c\u00e8s, mais il n&rsquo;y a pas de traces de violences.<\/p>\n<p>Aper\u00e7us pour la derni\u00e8re fois en Haute-Marne<\/p>\n<p><a href=\"https:\/\/www.ledauphine.com\/faits-divers-justice\/2025\/06\/18\/quelque-chose-cloche-ou-en-est-l-enquete-sur-la-disparition-d-un-couple-de-hollandais\" target=\"_blank\" rel=\"nofollow noopener\">Paul et Gerda Klapper, 83 et 80 ans<\/a>, \u00e9taient port\u00e9s disparus depuis vendredi, alors qu&rsquo;ils avaient quitt\u00e9 leur domicile d&rsquo;Alphen-sur-le-Rhin, pr\u00e8s de La Haye, la veille et qu&rsquo;ils se dirigeaient en voiture vers leur r\u00e9sidence secondaire de Planchez, dans la Ni\u00e8vre.<\/p>\n<p>Ce contenu est bloqu\u00e9 car vous n&rsquo;avez pas accept\u00e9 les cookies et autres traceurs.<\/p>\n<p>En cliquant sur \u00ab J\u2019accepte \u00bb, les cookies et autres traceurs seront d\u00e9pos\u00e9s et vous pourrez visualiser les contenus  (<a href=\"\" class=\"consentModule_policy\" target=\"_blank\" title=\"Consulter la politique de protection des donn\u00e9es du fournisseur\">plus d&rsquo;informations<\/a>).<\/p>\n<p>En cliquant sur \u00ab J\u2019accepte tous les cookies \u00bb, vous autorisez des d\u00e9p\u00f4ts de cookies et autres traceurs pour le stockage de vos donn\u00e9es sur nos sites et applications \u00e0 des fins de personnalisation et de ciblage publicitaire.<\/p>\n<p class=\"consentModule_secondaryText\">Vous gardez la possibilit\u00e9 de retirer votre consentement \u00e0 tout moment en consultant notre <a href=\"https:\/\/www.ledauphine.com\/protection-des-donnees\" target=\"_blank\" title=\"Consulter notre politique de protection des donn\u00e9es\" rel=\"nofollow noopener\">politique de protection des donn\u00e9es<\/a>. <br \/>&#13;<br \/>\n            <a href=\"https:\/\/www.ledauphine.com\/faits-divers-justice\/2025\/06\/19\/javascript:Didomi.notice.show()\" class=\"consentModule_cmp\" rel=\"nofollow noopener\" target=\"_blank\">G\u00e9rer mes choix<\/a>&#13;\n        <\/p>\n<p>&#13;<br \/>\n                        J&rsquo;accepte&#13;<br \/>\n            J&rsquo;accepte tous les cookies&#13;\n        <\/p>\n<p>Ils avaient \u00e9t\u00e9 aper\u00e7us dans une pizzeria de Charleroi, en Belgique, jeudi soir, o\u00f9 ils \u00e9voquaient leur recherche d&rsquo;un h\u00f4tel. Puis, vendredi matin, \u00ab ils ont \u00e9t\u00e9 vus pour la derni\u00e8re fois \u00e0 9 h 05 dans une boulangerie \u00e0 Saint-Dizier \u00bb en Haute-Marne, selon leur gendre, qui avait lanc\u00e9 un appel \u00e0 t\u00e9moins sur Instagram.<\/p>\n<p>Depuis, plus de nouvelles, et les polices fran\u00e7aise et n\u00e9erlandaise avaient toutes les deux lanc\u00e9 des appels \u00e0 t\u00e9moins. Contact\u00e9e, la gendarmerie de Haute-Marne n&rsquo;a pas souhait\u00e9 communiquer.<\/p>\n<p>Ce contenu est bloqu\u00e9 car vous n&rsquo;avez pas accept\u00e9 les cookies et autres traceurs.<\/p>\n<p>En cliquant sur \u00ab J\u2019accepte \u00bb, les cookies et autres traceurs seront d\u00e9pos\u00e9s et vous pourrez visualiser les contenus  (<a href=\"\" class=\"consentModule_policy\" target=\"_blank\" title=\"Consulter la politique de protection des donn\u00e9es du fournisseur\">plus d&rsquo;informations<\/a>).<\/p>\n<p>En cliquant sur \u00ab J\u2019accepte tous les cookies \u00bb, vous autorisez des d\u00e9p\u00f4ts de cookies et autres traceurs pour le stockage de vos donn\u00e9es sur nos sites et applications \u00e0 des fins de personnalisation et de ciblage publicitaire.<\/p>\n<p class=\"consentModule_secondaryText\">Vous gardez la possibilit\u00e9 de retirer votre consentement \u00e0 tout moment en consultant notre <a href=\"https:\/\/www.ledauphine.com\/protection-des-donnees\" target=\"_blank\" title=\"Consulter notre politique de protection des donn\u00e9es\" rel=\"nofollow noopener\">politique de protection des donn\u00e9es<\/a>. <br \/>&#13;<br \/>\n            <a href=\"https:\/\/www.ledauphine.com\/faits-divers-justice\/2025\/06\/19\/javascript:Didomi.notice.show()\" class=\"consentModule_cmp\" rel=\"nofollow noopener\" target=\"_blank\">G\u00e9rer mes choix<\/a>&#13;\n        <\/p>\n<p>&#13;<br \/>\n                        J&rsquo;accepte&#13;<br \/>\n            J&rsquo;accepte tous les cookies&#13;\n        <\/p>\n<p>  \u00ab Ils ont le coeur bris\u00e9 \u00bb<\/p>\n<p>\u00ab La famille est extr\u00eamement affect\u00e9e par cette triste nouvelle \u00bb, a d\u00e9clar\u00e9 au journal n\u00e9erlandais <a href=\"https:\/\/www.telegraaf.nl\/binnenland\/drama-compleet-ook-lichaam-vermiste-paul-83-gevonden-in-frankrijk\/72684077.html\" target=\"_blank\" rel=\"nofollow noopener\">De Telegraaf<\/a> un porte-parole de la fondation n\u00e9erlandaise \u00a0\u00bbNamens de Familie\u00a0\u00bb, qui assiste la famille. \u00ab La famille ne sait toujours pas ce qui s&rsquo;est pass\u00e9. Ils pensent \u00e0 un malheureux concours de circonstances. Ils esp\u00e8rent que les choses seront bient\u00f4t clarifi\u00e9es. Ils ont le c\u0153ur bris\u00e9\u00a0\u00bb, a-t-il indiqu\u00e9.<\/p>\n<p><a href=\"https:\/\/www.ad.nl\/binnenland\/lichaam-van-vermiste-gerda-gevonden-in-frankrijk-paul-is-nog-zoek~a63fe3e3\/\" target=\"_blank\" rel=\"nofollow noopener\">Selon la presse n\u00e9erlandaise<\/a>, les trois filles et les deux gendres de Paul et Gerda Klapper se sont rendus en France depuis la semaine derni\u00e8re pour tenter de retrouver leurs parents.<\/p>\n<p class=\"insetTitle\">\u00ab On dirait qu&rsquo;ils sont partis d\u00e9sorient\u00e9s \u00bb<\/p>\n<p>Selon leur petite-fille Emily Corbeth, interrog\u00e9e par la cha\u00eene n\u00e9erlandaise Omroep West ces derniers jours, \u00ab on dirait qu&rsquo;ils sont partis d\u00e9sorient\u00e9s. Mon grand-p\u00e8re n&rsquo;a pas ses m\u00e9dicaments avec lui et ils n&rsquo;ont pas demand\u00e9 aux voisins de s&rsquo;occuper des plantes \u00bb, avait-elle d\u00e9clar\u00e9.<\/p>\n<p>Selon elle, ce voyage vers le Morvan \u00e9tait cens\u00e9 \u00eatre le dernier pour le couple car la maison devait \u00eatre vendue prochainement. \u00ab Il n&rsquo;\u00e9tait plus r\u00e9aliste pour eux de pouvoir s&rsquo;y rendre r\u00e9guli\u00e8rement. Grand-p\u00e8re a r\u00e9cemment heurt\u00e9 les barri\u00e8res de s\u00e9curit\u00e9 avec sa voiture, ici aux Pays-Bas. Le long trajet en voiture devenait de plus en plus difficile \u00bb, avait-elle poursuivi.<\/p>\n","protected":false},"excerpt":{"rendered":"D\u00e9nouement tragique apr\u00e8s la disparition d&rsquo;un couple d&rsquo;octog\u00e9naires n\u00e9erlandais, qui \u00e9taient sur la route des vacances en France.\u00a0Selon&hellip;\n","protected":false},"author":2,"featured_media":189035,"comment_status":"","ping_status":"","sticky":false,"template":"","format":"standard","meta":{"footnotes":""},"categories":[2],"tags":[11,3676,274,107,1011,27,329,12,25,273],"class_list":{"0":"post-189034","1":"post","2":"type-post","3":"status-publish","4":"format-standard","5":"has-post-thumbnail","7":"category-actualites","8":"tag-actualites","9":"tag-disparition-inquietante","10":"tag-faits-divers-justice","11":"tag-fil-info","12":"tag-fr","13":"tag-france","14":"tag-france-monde","15":"tag-news","16":"tag-republique-francaise","17":"tag-selection-de-la-redaction"},"share_on_mastodon":{"url":"https:\/\/pubeurope.com\/@fr\/114711421478642338","error":""},"_links":{"self":[{"href":"https:\/\/www.europesays.com\/fr\/wp-json\/wp\/v2\/posts\/189034","targetHints":{"allow":["GET"]}}],"collection":[{"href":"https:\/\/www.europesays.com\/fr\/wp-json\/wp\/v2\/posts"}],"about":[{"href":"https:\/\/www.europesays.com\/fr\/wp-json\/wp\/v2\/types\/post"}],"author":[{"embeddable":true,"href":"https:\/\/www.europesays.com\/fr\/wp-json\/wp\/v2\/users\/2"}],"replies":[{"embeddable":true,"href":"https:\/\/www.europesays.com\/fr\/wp-json\/wp\/v2\/comments?post=189034"}],"version-history":[{"count":0,"href":"https:\/\/www.europesays.com\/fr\/wp-json\/wp\/v2\/posts\/189034\/revisions"}],"wp:featuredmedia":[{"embeddable":true,"href":"https:\/\/www.europesays.com\/fr\/wp-json\/wp\/v2\/media\/189035"}],"wp:attachment":[{"href":"https:\/\/www.europesays.com\/fr\/wp-json\/wp\/v2\/media?parent=189034"}],"wp:term":[{"taxonomy":"category","embeddable":true,"href":"https:\/\/www.europesays.com\/fr\/wp-json\/wp\/v2\/categories?post=189034"},{"taxonomy":"post_tag","embeddable":true,"href":"https:\/\/www.europesays.com\/fr\/wp-json\/wp\/v2\/tags?post=189034"}],"curies":[{"name":"wp","href":"https:\/\/api.w.org\/{rel}","templated":true}]}}