{"id":189038,"date":"2025-06-19T18:23:10","date_gmt":"2025-06-19T18:23:10","guid":{"rendered":"https:\/\/www.europesays.com\/fr\/189038\/"},"modified":"2025-06-19T18:23:10","modified_gmt":"2025-06-19T18:23:10","slug":"complement-denquete-sur-france-2-raconte-les-coulisses-du-senat-et-loi-du-silence-qui-y-regne","status":"publish","type":"post","link":"https:\/\/www.europesays.com\/fr\/189038\/","title":{"rendered":"\u00ab\u00a0Compl\u00e9ment d\u2019enqu\u00eate\u00a0\u00bb sur France 2 raconte les coulisses du S\u00e9nat et loi du silence qui y r\u00e8gne"},"content":{"rendered":"<p>        <img decoding=\"async\" loading=\"lazy\" src=\"https:\/\/www.europesays.com\/fr\/wp-content\/uploads\/2025\/06\/71ad949_upload-1-itvb4dit1vy5-000-34uu4ak-1.jpg\"  width=\"728\" height=\"409\" alt=\"Mis en cause dans le documentaire, G\u00e9rard Larcher n\u2019a r\u00e9pondu aux sollicitations de \u00ab\u00a0Compl\u00e9ment d\u2019enqu\u00eate\u00a0\u00bb.\"\/>  <\/p>\n<p>GEOFFROY VAN DER HASSELT \/ AFP<\/p>\n<p>Mis en cause dans le documentaire, G\u00e9rard Larcher n\u2019a r\u00e9pondu aux sollicitations de \u00ab\u00a0Compl\u00e9ment d\u2019enqu\u00eate\u00a0\u00bb.<\/p>\n<p class=\"asset asset-text\">POLITIQUE &#8211; Depuis longtemps, une vieille blague circule dans les couloirs du <a href=\"https:\/\/www.huffingtonpost.fr\/politique\/article\/gerard-larcher-porte-plainte-contre-rima-hassan-apres-avoir-ete-qualifie-de-crapule-par-l-eurodeputee-lfi_250166.html\" target=\"_blank\" rel=\"noopener\">S\u00e9nat<\/a>. Pourquoi la moquette y est-elle rouge et si \u00e9paisse\u00a0? Pour que l\u2019on ne voie pas le sang qui coule et que l\u2019on n\u2019entende pas les corps tomber, rapporte-t-on sous cape. R\u00e9put\u00e9 pour son opacit\u00e9, son entre-soi et son fonctionnement clanique, <a href=\"https:\/\/www.huffingtonpost.fr\/politique\/article\/la-senatrice-annick-petrus-arretee-a-l-aeroport-de-roissy-avec-une-valise-remplie-de-tabac-de-contrebande_250632.html\" target=\"_blank\" rel=\"noopener\">le Palais du Luxembourg<\/a> est au c\u0153ur\u00a0d\u2019un num\u00e9ro de <a href=\"https:\/\/www.huffingtonpost.fr\/politique\/article\/le-complement-d-enquete-sur-rachida-dati-dresse-un-portrait-accablant-de-la-ministre-de-la-culture_250983.html\" target=\"_blank\" rel=\"noopener\">Compl\u00e9ment d\u2019enqu\u00eate<\/a> diffus\u00e9 ce jeudi 19\u00a0juin sur France 2.<\/p>\n<p class=\"asset asset-text\">Plusieurs collaborateurs parlementaires y t\u00e9moignent \u00e0 visage d\u00e9couvert, r\u00e9v\u00e9lant avoir \u00e9t\u00e9 victimes de harc\u00e8lement moral de la part de s\u00e9nateurs brutaux. Ainsi Jean-Louis Gibault, qui a travaill\u00e9 aupr\u00e8s de l\u2019ex-\u00e9lue Jo\u00eblle Garriaud-Maylam (LR) pendant six mois, d\u00e9crit un \u00ab\u00a0syst\u00e8me de chaud-froid permanent\u00a0\u00bb, fait \u00ab\u00a0d\u2019ordres et de contre-ordres\u00a0\u00bb. \u00ab\u00a0Vous tournez bourrique en permanence. Elle n\u2019est jamais satisfaite\u00a0\u00bb, se plaint-elle. La vie personnelle de cet assistant parlementaire a \u00e9t\u00e9 lourdement impact\u00e9e par ce climat anxiog\u00e8ne\u00a0: probl\u00e8mes de sommeil, crises d\u2019asthme&#8230; Il s\u2019est finalement tourn\u00e9 vers les prud\u2019hommes et a obtenu la reconnaissance du qualificatif de harc\u00e8lement moral et le versement de 3500\u00a0\u20ac en dommages et int\u00e9r\u00eats.<\/p>\n<p class=\"asset asset-text\">Le documentaire d\u00e9crit avec pr\u00e9cision cette \u00ab\u00a0loi du silence\u00a0\u00bb, sorte de chape de plomb qui s\u2019abat sur une institution prestigieuse, moins m\u00e9diatique que l\u2019Assembl\u00e9e nationale et donc d\u2019une certaine mani\u00e8re plus \u00e0 l\u2019abri des regards. Une ancienne collaboratrice parlementaire parle d\u2019une \u00ab\u00a0culture de l\u2019impunit\u00e9\u00a0\u00bb et d\u2019un \u00ab\u00a0climat d\u2019entre-soi\u00a0\u00bb.<\/p>\n<p class=\"asset asset-text\">Un exemple\u00a0: le refus du bureau du S\u00e9nat, en 2023, de qualifier de \u00ab\u00a0harc\u00e8lement moral\u00a0\u00bb les faits reproch\u00e9s \u00e0 l\u2019ex-s\u00e9natrice Esther Benbassa. L\u2019\u00e9cologiste est pourtant accus\u00e9e d\u2019avoir mis en place un management brutal, fait\u00a0\u00ab\u00a0d\u2019humiliations, de menaces et de harc\u00e8lement\u00a0\u00bb. Certains de ses anciens collaborateurs parlent de chantage \u00e0 l\u2019emploi, d\u2019autres de remarques d\u00e9plac\u00e9es ou de SMS peu professionnels. Pas suffisant pour le bureau du S\u00e9nat, \u00e0 majorit\u00e9 de droite.<\/p>\n<p>                     Des paroles&#8230; et des actes    <\/p>\n<p class=\"asset asset-text\">Ce nouveau num\u00e9ro de Compl\u00e9ment d\u2019enqu\u00eate, <a href=\"https:\/\/www.huffingtonpost.fr\/politique\/article\/apres-complement-d-enquete-rachida-dati-fragilisee-pour-les-municipales-2026_251019.html\" target=\"_blank\" rel=\"noopener\">deux semaines apr\u00e8s celui sur Rachida Dati<\/a>, pointe finalement \u00ab\u00a0l\u2019hypocrisie\u00a0\u00bb de s\u00e9nateurs capables de tenir de grands discours \u00e0 la tribune ou dans les m\u00e9dias sur des sujets d\u2019int\u00e9r\u00eat public puis de ne pas s\u2019appliquer ces m\u00eames principes \u00e0 eux-m\u00eames.<strong> <\/strong><\/p>\n<p class=\"asset asset-text\">En 2020, Jo\u00ebl Guerriau avait ainsi fustig\u00e9 dans l\u2019h\u00e9micycle la consommation de drogues&#8230; pour finalement \u00eatre mis en examen pour administration de substance dans le but de commettre une agression sexuelle. Le s\u00e9nateur est accus\u00e9 d\u2019avoir sciemment drogu\u00e9 <a href=\"https:\/\/www.huffingtonpost.fr\/politique\/article\/sandrine-josso-droguee-a-son-insu-par-un-senateur-pointe-le-silence-de-gerard-larcher-apres-son-agression_251507.html\" target=\"_blank\" rel=\"noopener\">la d\u00e9put\u00e9e Sandrine Josso<\/a> \u00e0 l\u2019hiver 2023\u00a0; il risque aujourd\u2019hui jusqu\u2019\u00e0 5\u00a0ans de prison et 75\u00a0000\u00a0\u20ac d\u2019amende. Dans un autre registre, Jo\u00eblle Garriaud-Maylam (dont le cas est \u00e9voqu\u00e9 plus haut) avait \u00e9t\u00e9 nomm\u00e9e en 2021\u00a0membre d\u2019une mission d\u2019information&#8230; sur le harc\u00e8lement scolaire et le cyberharc\u00e8lement.<\/p>\n<p>    Le \u00ab\u00a0pas de vagues\u00a0\u00bb de G\u00e9rard Larcher en question    <\/p>\n<p class=\"asset asset-text\">\u00ab\u00a0Ce sont les habitudes de fonctionnement du S\u00e9nat, t\u00e9moigne dans le documentaire le pr\u00e9sident du groupe \u00e9cologiste Guillaume Gontard. On met de c\u00f4t\u00e9, on met l\u2019affaire sous le tapis, on la r\u00e8gle entre nous et surtout on ne fait pas de bruit\u00a0\u00bb. Car ce qui est en cause, c\u2019est aussi la m\u00e9thode du pr\u00e9sident G\u00e9rard Larcher, connu pour vouloir \u00ab\u00a0laver le linge sale en famille\u00a0\u00bb. D\u00e9fenseur du \u00ab\u00a0pas de vagues\u00a0\u00bb, le troisi\u00e8me personnage de l\u2019\u00c9tat n\u2019a transmis aucun dossier \u00e0 la justice, contrairement \u00e0 ce que pr\u00e9voit l\u2019article 40 du code p\u00e9nal\u00a0: \u00ab\u00a0Toute autorit\u00e9 constitu\u00e9e qui acquiert la connaissance d\u2019un crime ou d\u2019un d\u00e9lit est tenu d\u2019en donner avis sans d\u00e9lai au procureur de la R\u00e9publique\u00a0\u00bb. <a href=\"https:\/\/www.huffingtonpost.fr\/politique\/article\/gerard-larcher-admet-une-erreur-pour-son-fauteuil-a-34-000-euros_244708.html\" target=\"_blank\" rel=\"noopener\">G\u00e9rard Larcher<\/a> n\u2019a pas r\u00e9pondu aux sollicitations de Compl\u00e9ment d\u2019enqu\u00eate.<\/p>\n<p class=\"asset asset-text\">Une cellule d\u2019\u00e9coute a bien \u00e9t\u00e9 mise en place en 2018, notamment compos\u00e9e d\u2019un m\u00e9decin et d\u2019un psychologue, mais elle n\u2019a pas le pouvoir de saisir la justice. Ce qui fait douter certains collaborateurs, qui pr\u00e9f\u00e8rent garder pour eux leurs souffrances plut\u00f4t que prendre le risque d\u2019\u00eatre cong\u00e9di\u00e9s par leur employeur. Plusieurs affaires doivent \u00eatre tranch\u00e9es devant les prud\u2019hommes dans les prochaines semaines.<\/p>\n","protected":false},"excerpt":{"rendered":"GEOFFROY VAN DER HASSELT \/ AFP Mis en cause dans le documentaire, G\u00e9rard Larcher n\u2019a r\u00e9pondu aux sollicitations&hellip;\n","protected":false},"author":2,"featured_media":189039,"comment_status":"","ping_status":"","sticky":false,"template":"","format":"standard","meta":{"footnotes":""},"categories":[4],"tags":[11,28200,1011,27,594,32399,12,316,25,1004],"class_list":{"0":"post-189038","1":"post","2":"type-post","3":"status-publish","4":"format-standard","5":"has-post-thumbnail","7":"category-france","8":"tag-actualites","9":"tag-complement-d-enquete","10":"tag-fr","11":"tag-france","12":"tag-france-2","13":"tag-gerard-larcher","14":"tag-news","15":"tag-politique","16":"tag-republique-francaise","17":"tag-senat"},"share_on_mastodon":{"url":"https:\/\/pubeurope.com\/@fr\/114711429330933460","error":""},"_links":{"self":[{"href":"https:\/\/www.europesays.com\/fr\/wp-json\/wp\/v2\/posts\/189038","targetHints":{"allow":["GET"]}}],"collection":[{"href":"https:\/\/www.europesays.com\/fr\/wp-json\/wp\/v2\/posts"}],"about":[{"href":"https:\/\/www.europesays.com\/fr\/wp-json\/wp\/v2\/types\/post"}],"author":[{"embeddable":true,"href":"https:\/\/www.europesays.com\/fr\/wp-json\/wp\/v2\/users\/2"}],"replies":[{"embeddable":true,"href":"https:\/\/www.europesays.com\/fr\/wp-json\/wp\/v2\/comments?post=189038"}],"version-history":[{"count":0,"href":"https:\/\/www.europesays.com\/fr\/wp-json\/wp\/v2\/posts\/189038\/revisions"}],"wp:featuredmedia":[{"embeddable":true,"href":"https:\/\/www.europesays.com\/fr\/wp-json\/wp\/v2\/media\/189039"}],"wp:attachment":[{"href":"https:\/\/www.europesays.com\/fr\/wp-json\/wp\/v2\/media?parent=189038"}],"wp:term":[{"taxonomy":"category","embeddable":true,"href":"https:\/\/www.europesays.com\/fr\/wp-json\/wp\/v2\/categories?post=189038"},{"taxonomy":"post_tag","embeddable":true,"href":"https:\/\/www.europesays.com\/fr\/wp-json\/wp\/v2\/tags?post=189038"}],"curies":[{"name":"wp","href":"https:\/\/api.w.org\/{rel}","templated":true}]}}