{"id":189052,"date":"2025-06-19T18:33:10","date_gmt":"2025-06-19T18:33:10","guid":{"rendered":"https:\/\/www.europesays.com\/fr\/189052\/"},"modified":"2025-06-19T18:33:10","modified_gmt":"2025-06-19T18:33:10","slug":"laeticia-hallyday-apres-sept-annees-de-bataille-cest-la-fin","status":"publish","type":"post","link":"https:\/\/www.europesays.com\/fr\/189052\/","title":{"rendered":"Laeticia Hallyday : apr\u00e8s sept ann\u00e9es de bataille, c\u2019est la fin"},"content":{"rendered":"<p>      R\u00e9sum\u00e9<\/p>\n<p>Apr\u00e8s sept ans de tentative, Laeticia Hallyday a vendu la maison de Johnny \u00e0 Marnes-la-Coquette, marquant la fin d&rsquo;un long chapitre financier et personnel.<\/p>\n<p>        Sommaire<\/p>\n<p>Cette fois-ci \u00e7a y est ! En esp\u00e9rant que les acqu\u00e9reurs ne se r\u00e9tractent pas durant le d\u00e9lai l\u00e9gal, une fois le compromis sign\u00e9, <a href=\"https:\/\/www.public.fr\/laeticia-hallyday-la-veuve-de-johnny-hallyday-face-a-un-gros-souci-avec-la-villa-de-marnes-la-coquette\" target=\"_blank\" rel=\"noopener\">La Savannah, ancienne demeure de Johnny Hallyday<\/a> situ\u00e9e \u00e0 Marnes-la-Coquette, aurait enfin trouv\u00e9 preneur <a href=\"https:\/\/www.closermag.fr\/people\/exclu-laeticia-hallyday-fin-dune-ere-a-marnes-la-coquette-elle-a-enfin-vendu-la-maison-de-johnny-3556277\" target=\"_blank\" rel=\"noopener\">selon les informations de Closer<\/a>. Un poids en moins pour <a href=\"https:\/\/www.public.fr\/tag\/laeticia-hallyday\" target=\"_blank\" rel=\"noopener\">Laeticia Hallyday<\/a>.\u00a0<\/p>\n<p>Pour rappel, la veuve du Taulier avait mis en vente la maison apr\u00e8s le d\u00e9c\u00e8s du chanteur. Avec un prix initial fix\u00e9 \u00e0 26 millions d\u2019euros, aucune vente n\u2019a eu lieu. De fait, la maman de Jade et Joy n\u2019a cess\u00e9 le prix du bien sans jamais r\u00e9ussi \u00e0 le vendre.\u00a0<\/p>\n<p>Laeticia Hallyday, en difficult\u00e9s pour vendre La Savannah<\/p>\n<p>Et pourtant, <a href=\"https:\/\/www.public.fr\/johnny-hallyday-rien-ne-va-plus-a-marnes-la-coquette\" target=\"_blank\" rel=\"noopener\">La Savannah<\/a> dispose de nombreux atouts. Entre ses 1000 m\u00e8tres carr\u00e9s habitables, une salle de sport, une piscine, une cave \u00e0 vin, un court de tennis, un home cin\u00e9ma et ses 5000 m\u00e8tres carr\u00e9s de terrain, cela n\u2019a visiblement pas suffi \u00e0 charmer les potentiels acheteurs.<\/p>\n<p>La faute, notamment, aux nombreux travaux de r\u00e9novation n\u00e9cessaires pour rendre la maison habitables comme l\u2019indiquait Cyril Hanouna sur <strong>\u00ab\u00a0TPMP\u00a0\u00bb<\/strong> il y a quelques mois. Face au prix top \u00e9lev\u00e9, Laeticia Hallyday a donc d\u00e9cid\u00e9 de le baisser au fil des ann\u00e9es. Et cela a enfin port\u00e9 ses fruits.<\/p>\n<p>Nos confr\u00e8res de Closer r\u00e9v\u00e8lent dans leur magazine, disponible en kiosques ce vendredi 20 juin 2025, que <strong>la maison de Marnes-la-Coquette aurait enfin trouv\u00e9 preneur il y a quelques jours<\/strong>. Reste \u00e0 savoir \u00e0 quel prix le bien a \u00e9t\u00e9 vendu.<\/p>\n<p>La maison de Marnes-la-Coquette, enfin vendue<\/p>\n<p>Pour rappel, en d\u00e9cembre 2024, <strong>le prix \u00e9tait fix\u00e9 \u00e0 10,5 millions d\u2019euros<\/strong>. Un prix qui se rapprochait, petit \u00e0 petit, du prix lorsque Laeticia Hallyday et Johnny en faisait l\u2019acquisition en 1999 pour 5 millions d\u2019euros.<\/p>\n<p>Quel que soit le prix final de la vente, cet argent va permettre \u00e0 la veuve du Taulier de rembourser, enfin, les <strong>7,7 millions d\u2019euros qu\u2019elle doit au fisc<\/strong>.\u00a0Elle va \u00e0 pr\u00e9sent pouvoir clore un chapitre important de sa vie comme le notent nos confr\u00e8res de Closer et enfin passer \u00e0 autre chose.<\/p>\n<p>Il faut dire que la maman de Jade et Joy n\u2019a pas connu que des ann\u00e9es faciles au niveau de l\u2019immobilier. Entre cette vente difficile \u00e0 Marnes-la-Coquette, et les incendies de Los Angeles, du cot\u00e9 de Pacific Palisades, Eaton, Hurst et Sunset, qui ont fait partir sa demeure en fum\u00e9e en janvier 2025.<\/p>\n<p>      Mentionn\u00e9s dans cet article<\/p>\n<p>\u00c0 lire aussi<\/p>\n","protected":false},"excerpt":{"rendered":"R\u00e9sum\u00e9 Apr\u00e8s sept ans de tentative, Laeticia Hallyday a vendu la maison de Johnny \u00e0 Marnes-la-Coquette, marquant la&hellip;\n","protected":false},"author":2,"featured_media":189053,"comment_status":"","ping_status":"","sticky":false,"template":"","format":"standard","meta":{"footnotes":""},"categories":[1359],"tags":[58,59,1011,27,1304,7648,973],"class_list":{"0":"post-189052","1":"post","2":"type-post","3":"status-publish","4":"format-standard","5":"has-post-thumbnail","7":"category-people","8":"tag-divertissement","9":"tag-entertainment","10":"tag-fr","11":"tag-france","12":"tag-johnny-hallyday","13":"tag-laeticia-hallyday","14":"tag-people"},"share_on_mastodon":{"url":"https:\/\/pubeurope.com\/@fr\/114711468784382184","error":""},"_links":{"self":[{"href":"https:\/\/www.europesays.com\/fr\/wp-json\/wp\/v2\/posts\/189052","targetHints":{"allow":["GET"]}}],"collection":[{"href":"https:\/\/www.europesays.com\/fr\/wp-json\/wp\/v2\/posts"}],"about":[{"href":"https:\/\/www.europesays.com\/fr\/wp-json\/wp\/v2\/types\/post"}],"author":[{"embeddable":true,"href":"https:\/\/www.europesays.com\/fr\/wp-json\/wp\/v2\/users\/2"}],"replies":[{"embeddable":true,"href":"https:\/\/www.europesays.com\/fr\/wp-json\/wp\/v2\/comments?post=189052"}],"version-history":[{"count":0,"href":"https:\/\/www.europesays.com\/fr\/wp-json\/wp\/v2\/posts\/189052\/revisions"}],"wp:featuredmedia":[{"embeddable":true,"href":"https:\/\/www.europesays.com\/fr\/wp-json\/wp\/v2\/media\/189053"}],"wp:attachment":[{"href":"https:\/\/www.europesays.com\/fr\/wp-json\/wp\/v2\/media?parent=189052"}],"wp:term":[{"taxonomy":"category","embeddable":true,"href":"https:\/\/www.europesays.com\/fr\/wp-json\/wp\/v2\/categories?post=189052"},{"taxonomy":"post_tag","embeddable":true,"href":"https:\/\/www.europesays.com\/fr\/wp-json\/wp\/v2\/tags?post=189052"}],"curies":[{"name":"wp","href":"https:\/\/api.w.org\/{rel}","templated":true}]}}