{"id":189054,"date":"2025-06-19T18:34:09","date_gmt":"2025-06-19T18:34:09","guid":{"rendered":"https:\/\/www.europesays.com\/fr\/189054\/"},"modified":"2025-06-19T18:34:09","modified_gmt":"2025-06-19T18:34:09","slug":"il-presente-ses-peintures-a-melun","status":"publish","type":"post","link":"https:\/\/www.europesays.com\/fr\/189054\/","title":{"rendered":"il pr\u00e9sente ses peintures \u00e0 Melun"},"content":{"rendered":"<p>            Par<br \/>\n        <strong><br \/>\n            <a href=\"https:\/\/actu.fr\/auteur\/paul-varenguin02-actu-fr\" title=\"Consulter tous les articles de Paul Varenguin\" rel=\"nofollow noopener\" target=\"_blank\">Paul Varenguin<\/a><br \/>\n        <\/strong><\/p>\n<p>        Publi\u00e9 le<\/p>\n<p>            19 juin 2025 \u00e0 13h41        <\/p>\n<p>\u00c0 peine est-on entr\u00e9 \u00e0 l\u2019int\u00e9rieur de la <a href=\"https:\/\/actu.fr\/ile-de-france\/melun_77288\/melun-loffre-culturelle-selargit-avec-louverture-dune-nouvelle-galerie_54829444.html\" rel=\"nofollow noopener\" target=\"_blank\">galerie Saint-Jacques<\/a>, \u00e0 <a href=\"https:\/\/actu.fr\/ile-de-france\/melun_77288\" rel=\"nofollow noopener\" target=\"_blank\">Melun<\/a> (<a href=\"https:\/\/actu.fr\/ile-de-france\/seine-et-marne_77\" rel=\"nofollow noopener\" target=\"_blank\">Seine-et-Marne<\/a>), que l\u2019on est saisi par <b>son envie de partager sa passion<\/b> pour <a href=\"https:\/\/actu.fr\/ile-de-france\/seine-port_77447\/je-suis-touchee-par-leurs-attitudes-en-seine-et-marne-cette-peintre-sublime-les-animaux_62612028.html\" rel=\"nofollow noopener\" target=\"_blank\">la peinture<\/a>. Jusqu\u2019au <b>dimanche 22 juin 2025<\/b>, <b>Jean-Jacques Podetti<\/b>, un peintre originaire du nord du d\u00e9partement, expose<b> trente-six de ses \u0153uvres au public<\/b>. Rencontre.<\/p>\n<p>La ville, sa passion<\/p>\n<p class=\" wall-content\">\u00ab J\u2019ai toujours peint \u00bb. C\u2019est ce qu\u2019affirme Jean-Jacques Podetti, lorsqu\u2019on lui demande<b> quand il s\u2019est mis \u00e0 la peinture<\/b>. Et quand il en parle, <b>il a toujours des \u00e9toiles dans les yeux<\/b>, tant il est passionn\u00e9 par ce qu\u2019il fait. \u00ab Peindre, c\u2019est tout oublier. Et il y a aussi <b>une d\u00e9marche<\/b>, la pr\u00e9paration, le choix du sujet, la r\u00e9alisation, l\u2019incertitude, aussi \u00bb, avoue-t-il.<\/p>\n<p class=\" wall-content\">Ses sujets de pr\u00e9dilection ? <b>La ville<\/b>, particuli\u00e8rement. Cela saute d\u2019ailleurs aux yeux lorsqu\u2019on se prom\u00e8ne dans l\u2019exposition, et que l\u2019on d\u00e9couvre ses repr\u00e9sentations de <a href=\"https:\/\/actu.fr\/ile-de-france\/paris_75056\" rel=\"nofollow noopener\" target=\"_blank\">Paris<\/a> ou de <a href=\"https:\/\/actu.fr\/monde\/un-voilier-mexicain-heurte-le-pont-de-brooklyn-a-new-york-deux-morts-et-pres-de-20-blesses_62651991.html\" rel=\"nofollow noopener\" target=\"_blank\">New York<\/a> (<a href=\"https:\/\/actu.fr\/tag\/etats-unis\" rel=\"nofollow noopener\" target=\"_blank\">\u00c9tats-Unis<\/a>). \u00ab J\u2019aime beaucoup l\u2019urbain.<b> Il y a plein de choses \u00e0 voir dans une ville<\/b> \u00bb, sourit-il. Pour lui, sc\u00e8nes dans la rue, vues, <a href=\"https:\/\/actu.fr\/tag\/metro\" rel=\"nofollow noopener\" target=\"_blank\">m\u00e9tro<\/a> sont autant de sources d\u2019inspiration.<\/p>\n<p class=\" wall-content\">On trouve aussi des paysages du Maroc, quelques portraits\u2026 \u00c0 l\u2019exception de quelques-uns, tous les tableaux ont un point commun : ils sont r\u00e9alis\u00e9s \u00e0 partir de ses propres photographies. \u00ab Je me balade dans la ville, l\u2019appareil <a href=\"https:\/\/actu.fr\/tag\/photographie\" rel=\"nofollow noopener\" target=\"_blank\">photo<\/a> \u00e0 la main. Parfois, en la voyant, <b>je me dis qu\u2019il me faut absolument cette image<\/b>. D\u2019autres fois, \u00e7a ne donne rien\u2026 \u00bb, explique-t-il.<\/p>\n<p>Vid\u00e9os : en ce moment sur Actu<\/p>\n<p class=\" wall-content\">De temps en temps, il ajoute un petit quelque chose \u00e0 un clich\u00e9 inspirant, pour <b>proposer une histoire<\/b>. Il en est ainsi du triptyque, repr\u00e9sentant un homme et une femme dans un parc, tous deux \u00e9quip\u00e9s d\u2019une valise. <b>Se connaissent-ils ?<\/b> L\u2019attend-elle ? Vont-ils se rencontrer ? Autant de <b>questions<\/b> qui turlupinent le spectateur, et <b>c\u2019est ce qui lui pla\u00eet<\/b>. \u00ab Derri\u00e8re une exposition, il y a <b>beaucoup de rencontres et d\u2019\u00e9changes<\/b> \u00bb, souligne celui qui pr\u00e9sente r\u00e9guli\u00e8rement son travail \u00e0 Barbizon.<\/p>\n<p>Peindre sur le bois<\/p>\n<p class=\" wall-content\">Pour r\u00e9aliser ses \u0153uvres, Jean-Jacques Podetti a sa propre m\u00e9thode. Et <b>cela commence par un support<\/b>, bien \u00e0 lui. \u00ab <b>Je peins principalement sur des panneaux de bois<\/b>, c\u2019est <b>l\u00e0-dessus que j\u2019ai commenc\u00e9<\/b>, et cela me permet de <b>ne pas avoir de limites dans le format<\/b> \u00bb, justifie-t-il.<\/p>\n<p class=\" wall-content\">Ainsi, on trouve ici un assemblage de lames de lambris, l\u00e0 une plaque d\u2019agglom\u00e9r\u00e9, qu\u2019<b>il travaille avant de recouvrir<\/b>. Il r\u00e9fl\u00e9chit \u00e0 la <b>mani\u00e8re d\u2019envisager le support<\/b>, aussi. Et, \u00e0 la fin, les veines du bois donnent un<b> l\u00e9ger relief aux motifs peints<\/b>, leur donnant une certaine vie.<\/p>\n<p class=\" wall-content\">C\u2019est justement ce qu\u2019il recherche. \u00ab Je suis <b>passionn\u00e9 par l\u2019histoire derri\u00e8re l\u2019image<\/b>. Pour moi, il faut pouvoir se projeter dans l\u2019image \u00bb, d\u00e9veloppe l\u2019artiste.<\/p>\n<p class=\" wall-content\">Cette dimension, il la ressent particuli\u00e8rement dans les portraits, et notamment ceux qu\u2019<b>on lui commande<\/b>. \u00ab On voit ce <b>que les gens ressentent<\/b>, ce qu\u2019ils \u00e9prouvent, c\u2019est tr\u00e8s fort \u00bb, termine-t-il.<\/p>\n<p><b>S\u2019y rendre :<\/b> 16, rue Carnot. <b>Horaires :<\/b> tous les jours de 10h \u00e0 13h, et de 14h \u00e0 19h, sauf lundi et mardi matin. Acc\u00e8s libre.<\/p>\n<p class=\" wall-content\">Suivez toute l\u2019actualit\u00e9 de vos villes et m\u00e9dias favoris en vous inscrivant \u00e0 <a href=\"https:\/\/moncompte.actu.fr\" title=\"D\u00e9couvez Mon Actu\" rel=\"nofollow noopener\" data-trk=\"{&quot;cta&quot;:{&quot;action&quot;:&quot;https:\\\/\\\/moncompte.actu.fr&quot;,&quot;category&quot;:&quot;mon compte&quot;,&quot;from&quot;:&quot;article footer&quot;,&quot;name&quot;:&quot;Mon actu&quot;,&quot;type&quot;:&quot;cta&quot;}}\" target=\"_blank\">Mon Actu<\/a>.<\/p>\n","protected":false},"excerpt":{"rendered":"Par Paul Varenguin Publi\u00e9 le 19 juin 2025 \u00e0 13h41 \u00c0 peine est-on entr\u00e9 \u00e0 l\u2019int\u00e9rieur de la&hellip;\n","protected":false},"author":2,"featured_media":189055,"comment_status":"","ping_status":"","sticky":false,"template":"","format":"standard","meta":{"footnotes":""},"categories":[1358],"tags":[1348,1384,1385,1386,58,59,1011,27,1652],"class_list":{"0":"post-189054","1":"post","2":"type-post","3":"status-publish","4":"format-standard","5":"has-post-thumbnail","7":"category-arts-et-design","8":"tag-arts","9":"tag-arts-and-design","10":"tag-arts-et-design","11":"tag-design","12":"tag-divertissement","13":"tag-entertainment","14":"tag-fr","15":"tag-france","16":"tag-loisirs-culture"},"share_on_mastodon":{"url":"https:\/\/pubeurope.com\/@fr\/114711472601806635","error":""},"_links":{"self":[{"href":"https:\/\/www.europesays.com\/fr\/wp-json\/wp\/v2\/posts\/189054","targetHints":{"allow":["GET"]}}],"collection":[{"href":"https:\/\/www.europesays.com\/fr\/wp-json\/wp\/v2\/posts"}],"about":[{"href":"https:\/\/www.europesays.com\/fr\/wp-json\/wp\/v2\/types\/post"}],"author":[{"embeddable":true,"href":"https:\/\/www.europesays.com\/fr\/wp-json\/wp\/v2\/users\/2"}],"replies":[{"embeddable":true,"href":"https:\/\/www.europesays.com\/fr\/wp-json\/wp\/v2\/comments?post=189054"}],"version-history":[{"count":0,"href":"https:\/\/www.europesays.com\/fr\/wp-json\/wp\/v2\/posts\/189054\/revisions"}],"wp:featuredmedia":[{"embeddable":true,"href":"https:\/\/www.europesays.com\/fr\/wp-json\/wp\/v2\/media\/189055"}],"wp:attachment":[{"href":"https:\/\/www.europesays.com\/fr\/wp-json\/wp\/v2\/media?parent=189054"}],"wp:term":[{"taxonomy":"category","embeddable":true,"href":"https:\/\/www.europesays.com\/fr\/wp-json\/wp\/v2\/categories?post=189054"},{"taxonomy":"post_tag","embeddable":true,"href":"https:\/\/www.europesays.com\/fr\/wp-json\/wp\/v2\/tags?post=189054"}],"curies":[{"name":"wp","href":"https:\/\/api.w.org\/{rel}","templated":true}]}}