{"id":189060,"date":"2025-06-19T18:37:24","date_gmt":"2025-06-19T18:37:24","guid":{"rendered":"https:\/\/www.europesays.com\/fr\/189060\/"},"modified":"2025-06-19T18:37:24","modified_gmt":"2025-06-19T18:37:24","slug":"vanille-la-fille-de-julien-clerc-explique-pourquoi-son-pere-sest-beaucoup-inquiete-pour-elle","status":"publish","type":"post","link":"https:\/\/www.europesays.com\/fr\/189060\/","title":{"rendered":"Vanille, la fille de Julien Clerc, explique pourquoi son p\u00e8re s&rsquo;est beaucoup \u00ab\u00a0inqui\u00e9t\u00e9\u00a0\u00bb pour elle"},"content":{"rendered":"<p>Ce jeudi 19 juin 2025, Vanille \u00e9tait invit\u00e9e dans l&rsquo;\u00e9mission Le monde d&rsquo;\u00c9lodie diffus\u00e9e sur France Info. L&rsquo;occasion pour la chanteuse de parler de son p\u00e8re, Julien Clerc.<\/p>\n<p>Vanille, <a href=\"https:\/\/www.programme-tv.net\/news\/people\/378843-quand-julien-clerc-adoptait-angele-la-fille-de-miou-miou-son-pere-patrick-deawaere-avait-decide-de-couper-une-bonne-fois-pour-toutes-le-lien\/\" data-api-deeplink=\"teleloisirs:\/\/news\/378843\" target=\"_blank\" rel=\"noopener\">la fille de Julien Clerc<\/a>, est dans l&rsquo;actualit\u00e9. Le 13 juin dernier, elle a sorti Regarde, un troisi\u00e8me album dans lequel elle a souhait\u00e9 revenir \u00e0 l&rsquo;essentiel et s&rsquo;ouvrir \u00e0 nouveau sur le monde, comme elle l&rsquo;a confi\u00e9 ce jeudi 19 juin dans <a href=\"https:\/\/podcasts.apple.com\/fr\/podcast\/vanille-nous-invite-%C3%A0-regarder-le-monde-dans-son-nouvel\/id1414487646?i=1000713518903\" target=\"_blank\" rel=\"noopener\">Le monde d&rsquo;\u00c9lodie<\/a> sur France Info. \u00ab\u00a0J&rsquo;ai eu un premier album que j&rsquo;avais enregistr\u00e9 au Br\u00e9sil, o\u00f9 j&rsquo;\u00e9tais tr\u00e8s inspir\u00e9e de mes voyages, de ma vie de jeune et le deuxi\u00e8me album, j&rsquo;ai eu un b\u00e9b\u00e9&#8230; Il \u00e9tait beaucoup plus introspectif, la voix \u00e9tait moins sortie. J&rsquo;ai propos\u00e9 quelque chose d&rsquo;un peu plus &lsquo;dark&rsquo; on va dire et l\u00e0, <b>je reviens \u00e0 l&rsquo;essentiel de mon essence qui est quand m\u00eame la positivit\u00e9, la gaiet\u00e9, m\u00eame si je traverse la vie avec certaines \u00e9preuves<\/b>\u00ab\u00a0, a-t-elle expliqu\u00e9 sur les ondes.<\/p>\n<p>Julien Clerc, un papa pr\u00e9sent pour sa fille Vanille ? Elle r\u00e9pond<\/p>\n<p>Dans la suite de l&rsquo;entretien, Vanille a accept\u00e9 de parler de <a href=\"https:\/\/www.programme-tv.net\/news\/musique\/235838-encore-une-fille-de-vanille-affirme-la-celebrite-de-son-pere-julien-clerc-a-gene-le-debut-de-sa-carriere-video\/\" data-api-deeplink=\"teleloisirs:\/\/news\/235838\" target=\"_blank\" rel=\"noopener\">son papa, Julien Clerc<\/a>, qui a fait carri\u00e8re dans la musique. \u00c9lodie Suigo, l&rsquo;animatrice, a voulu savoir s&rsquo;il avait \u00e9t\u00e9 pr\u00e9sent pour elle malgr\u00e9 sa c\u00e9l\u00e9brit\u00e9. \u00ab\u00a0Mon p\u00e8re \u00e9tait quand m\u00eame tr\u00e8s pris, mais avec ces p\u00e9riodes de tourn\u00e9e et quand on compose, on est \u00e0 la maison et on est beaucoup plus pr\u00e9sent que n&rsquo;importe quel parent puisqu&rsquo;on n&rsquo;a pas \u00e0 aller au bureau toute la journ\u00e9e etc.\u00a0\u00bb, a-t-elle tout d&rsquo;abord confi\u00e9. Et d&rsquo;ajouter : \u00ab\u00a0<b>J&rsquo;ai eu un p\u00e8re tr\u00e8s pr\u00e9sent, notamment dans ma petite enfance<\/b> (&#8230;) J&rsquo;ai beaucoup de souvenirs avec lui, il avait ce c\u00f4t\u00e9 tr\u00e8s maman, il fait la cuisine etc. On m&rsquo;a donn\u00e9 \u00e7a et moi, je le redonne \u00e0 mon fils\u00a0\u00bb.<\/p>\n<p>                        \u00ab\u00a0\u00c7a \u00e9volue vers le positif\u00a0\u00bb : Vanille reconna\u00eet que son p\u00e8re Julien Clerc s&rsquo;est inqui\u00e9t\u00e9 pour elle lors de son d\u00e9marrage dans la musique<\/p>\n<p>Julien Clerc n&rsquo;a jamais cach\u00e9 son inqui\u00e9tude de voir sa fille Vanille se lancer dans la musique, ce que la principale int\u00e9ress\u00e9e a reconnu. \u00ab\u00a0<b>Il s&rsquo;est beaucoup inqui\u00e9t\u00e9 pour moi etc. mais je lui ai dit :<\/b><b> &lsquo;Du temps que je peux vivre de mes compositions, de mes mots, c&rsquo;est d\u00e9j\u00e0 quelque chose&rsquo; <\/b><b>et ensuite on voit que \u00e7a \u00e9volue vers le positif<\/b>\u00ab\u00a0, a-t-elle dit, m\u00eame si elle reconna\u00eet que la concurrence est plus rude qu&rsquo;avant dans le milieu de la musique.<\/p>\n","protected":false},"excerpt":{"rendered":"Ce jeudi 19 juin 2025, Vanille \u00e9tait invit\u00e9e dans l&rsquo;\u00e9mission Le monde d&rsquo;\u00c9lodie diffus\u00e9e sur France Info. L&rsquo;occasion&hellip;\n","protected":false},"author":2,"featured_media":189061,"comment_status":"","ping_status":"","sticky":false,"template":"","format":"standard","meta":{"footnotes":""},"categories":[1355],"tags":[19647,244,58,59,16240,1011,27,1735,1361,873,32690],"class_list":{"0":"post-189060","1":"post","2":"type-post","3":"status-publish","4":"format-standard","5":"has-post-thumbnail","7":"category-musique","8":"tag-chez-jordan","9":"tag-commentaire","10":"tag-divertissement","11":"tag-entertainment","12":"tag-fille-de","13":"tag-fr","14":"tag-france","15":"tag-julien-clerc","16":"tag-music","17":"tag-musique","18":"tag-vanille-clerc"},"share_on_mastodon":{"url":"https:\/\/pubeurope.com\/@fr\/114711484392966115","error":""},"_links":{"self":[{"href":"https:\/\/www.europesays.com\/fr\/wp-json\/wp\/v2\/posts\/189060","targetHints":{"allow":["GET"]}}],"collection":[{"href":"https:\/\/www.europesays.com\/fr\/wp-json\/wp\/v2\/posts"}],"about":[{"href":"https:\/\/www.europesays.com\/fr\/wp-json\/wp\/v2\/types\/post"}],"author":[{"embeddable":true,"href":"https:\/\/www.europesays.com\/fr\/wp-json\/wp\/v2\/users\/2"}],"replies":[{"embeddable":true,"href":"https:\/\/www.europesays.com\/fr\/wp-json\/wp\/v2\/comments?post=189060"}],"version-history":[{"count":0,"href":"https:\/\/www.europesays.com\/fr\/wp-json\/wp\/v2\/posts\/189060\/revisions"}],"wp:featuredmedia":[{"embeddable":true,"href":"https:\/\/www.europesays.com\/fr\/wp-json\/wp\/v2\/media\/189061"}],"wp:attachment":[{"href":"https:\/\/www.europesays.com\/fr\/wp-json\/wp\/v2\/media?parent=189060"}],"wp:term":[{"taxonomy":"category","embeddable":true,"href":"https:\/\/www.europesays.com\/fr\/wp-json\/wp\/v2\/categories?post=189060"},{"taxonomy":"post_tag","embeddable":true,"href":"https:\/\/www.europesays.com\/fr\/wp-json\/wp\/v2\/tags?post=189060"}],"curies":[{"name":"wp","href":"https:\/\/api.w.org\/{rel}","templated":true}]}}